{"id":25921,"date":"2022-10-12T09:05:00","date_gmt":"2022-10-12T07:05:00","guid":{"rendered":"https:\/\/bpprzasnysz.pl\/?p=25921"},"modified":"2022-11-10T09:12:53","modified_gmt":"2022-11-10T08:12:53","slug":"spotkanie-nauczycieli-bibliotekarzy","status":"publish","type":"post","link":"https:\/\/bpprzasnysz.pl\/en\/spotkanie-nauczycieli-bibliotekarzy\/","title":{"rendered":"SPOTKANIE NAUCZYCIELI BIBLIOTEKARZY\u2026"},"content":{"rendered":"\n<p>11 pa\u017adziernika odby\u0142o si\u0119 spotkanie nauczycieli bibliotekarzy, tym razem<br>w go\u015bcinnych progach Muzeum Historycznego w Przasnyszu. Zwiedzili\u015bmy wystaw\u0119 \u201eSztafeta pokole\u0144. Jubileusz 75-lecia Szko\u0142y Podstawowej nr 2 oraz 50-lecia Szko\u0142y Podstawowej nr 3\u201d. Po cz\u0119\u015bci oficjalnej udali\u015bmy si\u0119<br>do Cafe Rynek w Przasnyszu aby om\u00f3wi\u0107 bi\u0119\u017cac\u0105 sytuacj\u0119 funkcjonowania bibliotek szkolnych.<\/p>\n\n\n\n<figure class=\"wp-block-gallery has-nested-images columns-default is-cropped wp-block-gallery-1 is-layout-flex wp-block-gallery-is-layout-flex\">\n<figure class=\"wp-block-image size-large\"><a href=\"https:\/\/bpprzasnysz.pl\/wp-content\/uploads\/sites\/56\/2022\/11\/bi0-1024x461-1.jpg\"><img loading=\"lazy\" decoding=\"async\" width=\"1024\" height=\"461\" data-id=\"25924\" src=\"https:\/\/bpprzasnysz.pl\/wp-content\/uploads\/sites\/56\/2022\/11\/bi0-1024x461-1.jpg\" alt=\"\" class=\"wp-image-25924\" srcset=\"https:\/\/bpprzasnysz.pl\/wp-content\/uploads\/sites\/56\/2022\/11\/bi0-1024x461-1.jpg 1024w, https:\/\/bpprzasnysz.pl\/wp-content\/uploads\/sites\/56\/2022\/11\/bi0-1024x461-1-300x135.jpg 300w, https:\/\/bpprzasnysz.pl\/wp-content\/uploads\/sites\/56\/2022\/11\/bi0-1024x461-1-768x346.jpg 768w, https:\/\/bpprzasnysz.pl\/wp-content\/uploads\/sites\/56\/2022\/11\/bi0-1024x461-1-24x11.jpg 24w, https:\/\/bpprzasnysz.pl\/wp-content\/uploads\/sites\/56\/2022\/11\/bi0-1024x461-1-36x16.jpg 36w, https:\/\/bpprzasnysz.pl\/wp-content\/uploads\/sites\/56\/2022\/11\/bi0-1024x461-1-48x22.jpg 48w\" sizes=\"auto, (max-width: 1024px) 100vw, 1024px\" \/><\/a><\/figure>\n\n\n\n<figure class=\"wp-block-image size-large\"><a href=\"https:\/\/bpprzasnysz.pl\/wp-content\/uploads\/sites\/56\/2022\/11\/bi1-1024x461-1.jpg\"><img loading=\"lazy\" decoding=\"async\" width=\"1024\" height=\"461\" data-id=\"25936\" src=\"https:\/\/bpprzasnysz.pl\/wp-content\/uploads\/sites\/56\/2022\/11\/bi1-1024x461-1.jpg\" alt=\"\" class=\"wp-image-25936\" srcset=\"https:\/\/bpprzasnysz.pl\/wp-content\/uploads\/sites\/56\/2022\/11\/bi1-1024x461-1.jpg 1024w, https:\/\/bpprzasnysz.pl\/wp-content\/uploads\/sites\/56\/2022\/11\/bi1-1024x461-1-300x135.jpg 300w, https:\/\/bpprzasnysz.pl\/wp-content\/uploads\/sites\/56\/2022\/11\/bi1-1024x461-1-768x346.jpg 768w, https:\/\/bpprzasnysz.pl\/wp-content\/uploads\/sites\/56\/2022\/11\/bi1-1024x461-1-24x11.jpg 24w, https:\/\/bpprzasnysz.pl\/wp-content\/uploads\/sites\/56\/2022\/11\/bi1-1024x461-1-36x16.jpg 36w, https:\/\/bpprzasnysz.pl\/wp-content\/uploads\/sites\/56\/2022\/11\/bi1-1024x461-1-48x22.jpg 48w\" sizes=\"auto, (max-width: 1024px) 100vw, 1024px\" \/><\/a><\/figure>\n\n\n\n<figure class=\"wp-block-image size-large\"><a href=\"https:\/\/bpprzasnysz.pl\/wp-content\/uploads\/sites\/56\/2022\/11\/bi2-1022x1024-1.jpg\"><img loading=\"lazy\" decoding=\"async\" width=\"1022\" height=\"1024\" data-id=\"25948\" src=\"https:\/\/bpprzasnysz.pl\/wp-content\/uploads\/sites\/56\/2022\/11\/bi2-1022x1024-1.jpg\" alt=\"\" class=\"wp-image-25948\" srcset=\"https:\/\/bpprzasnysz.pl\/wp-content\/uploads\/sites\/56\/2022\/11\/bi2-1022x1024-1.jpg 1022w, https:\/\/bpprzasnysz.pl\/wp-content\/uploads\/sites\/56\/2022\/11\/bi2-1022x1024-1-300x300.jpg 300w, https:\/\/bpprzasnysz.pl\/wp-content\/uploads\/sites\/56\/2022\/11\/bi2-1022x1024-1-150x150.jpg 150w, https:\/\/bpprzasnysz.pl\/wp-content\/uploads\/sites\/56\/2022\/11\/bi2-1022x1024-1-768x770.jpg 768w, https:\/\/bpprzasnysz.pl\/wp-content\/uploads\/sites\/56\/2022\/11\/bi2-1022x1024-1-75x75.jpg 75w, https:\/\/bpprzasnysz.pl\/wp-content\/uploads\/sites\/56\/2022\/11\/bi2-1022x1024-1-24x24.jpg 24w, https:\/\/bpprzasnysz.pl\/wp-content\/uploads\/sites\/56\/2022\/11\/bi2-1022x1024-1-36x36.jpg 36w, https:\/\/bpprzasnysz.pl\/wp-content\/uploads\/sites\/56\/2022\/11\/bi2-1022x1024-1-48x48.jpg 48w\" sizes=\"auto, (max-width: 1022px) 100vw, 1022px\" \/><\/a><\/figure>\n\n\n\n<figure class=\"wp-block-image size-large\"><a href=\"https:\/\/bpprzasnysz.pl\/wp-content\/uploads\/sites\/56\/2022\/11\/bi3-1024x461-1.jpg\"><img loading=\"lazy\" decoding=\"async\" width=\"1024\" height=\"461\" data-id=\"25960\" src=\"https:\/\/bpprzasnysz.pl\/wp-content\/uploads\/sites\/56\/2022\/11\/bi3-1024x461-1.jpg\" alt=\"\" class=\"wp-image-25960\" srcset=\"https:\/\/bpprzasnysz.pl\/wp-content\/uploads\/sites\/56\/2022\/11\/bi3-1024x461-1.jpg 1024w, https:\/\/bpprzasnysz.pl\/wp-content\/uploads\/sites\/56\/2022\/11\/bi3-1024x461-1-300x135.jpg 300w, https:\/\/bpprzasnysz.pl\/wp-content\/uploads\/sites\/56\/2022\/11\/bi3-1024x461-1-768x346.jpg 768w, https:\/\/bpprzasnysz.pl\/wp-content\/uploads\/sites\/56\/2022\/11\/bi3-1024x461-1-24x11.jpg 24w, https:\/\/bpprzasnysz.pl\/wp-content\/uploads\/sites\/56\/2022\/11\/bi3-1024x461-1-36x16.jpg 36w, https:\/\/bpprzasnysz.pl\/wp-content\/uploads\/sites\/56\/2022\/11\/bi3-1024x461-1-48x22.jpg 48w\" sizes=\"auto, (max-width: 1024px) 100vw, 1024px\" \/><\/a><\/figure>\n\n\n\n<figure class=\"wp-block-image size-large\"><a href=\"https:\/\/bpprzasnysz.pl\/wp-content\/uploads\/sites\/56\/2022\/11\/bi4-1024x461-1.jpg\"><img loading=\"lazy\" decoding=\"async\" width=\"1024\" height=\"461\" data-id=\"25972\" src=\"https:\/\/bpprzasnysz.pl\/wp-content\/uploads\/sites\/56\/2022\/11\/bi4-1024x461-1.jpg\" alt=\"\" class=\"wp-image-25972\" srcset=\"https:\/\/bpprzasnysz.pl\/wp-content\/uploads\/sites\/56\/2022\/11\/bi4-1024x461-1.jpg 1024w, https:\/\/bpprzasnysz.pl\/wp-content\/uploads\/sites\/56\/2022\/11\/bi4-1024x461-1-300x135.jpg 300w, https:\/\/bpprzasnysz.pl\/wp-content\/uploads\/sites\/56\/2022\/11\/bi4-1024x461-1-768x346.jpg 768w, https:\/\/bpprzasnysz.pl\/wp-content\/uploads\/sites\/56\/2022\/11\/bi4-1024x461-1-24x11.jpg 24w, https:\/\/bpprzasnysz.pl\/wp-content\/uploads\/sites\/56\/2022\/11\/bi4-1024x461-1-36x16.jpg 36w, https:\/\/bpprzasnysz.pl\/wp-content\/uploads\/sites\/56\/2022\/11\/bi4-1024x461-1-48x22.jpg 48w\" sizes=\"auto, (max-width: 1024px) 100vw, 1024px\" \/><\/a><\/figure>\n\n\n\n<figure class=\"wp-block-image size-large\"><a href=\"https:\/\/bpprzasnysz.pl\/wp-content\/uploads\/sites\/56\/2022\/11\/bi6-1024x461-1.jpg\"><img loading=\"lazy\" decoding=\"async\" width=\"1024\" height=\"461\" data-id=\"25984\" src=\"https:\/\/bpprzasnysz.pl\/wp-content\/uploads\/sites\/56\/2022\/11\/bi6-1024x461-1.jpg\" alt=\"\" class=\"wp-image-25984\" srcset=\"https:\/\/bpprzasnysz.pl\/wp-content\/uploads\/sites\/56\/2022\/11\/bi6-1024x461-1.jpg 1024w, https:\/\/bpprzasnysz.pl\/wp-content\/uploads\/sites\/56\/2022\/11\/bi6-1024x461-1-300x135.jpg 300w, https:\/\/bpprzasnysz.pl\/wp-content\/uploads\/sites\/56\/2022\/11\/bi6-1024x461-1-768x346.jpg 768w, https:\/\/bpprzasnysz.pl\/wp-content\/uploads\/sites\/56\/2022\/11\/bi6-1024x461-1-24x11.jpg 24w, https:\/\/bpprzasnysz.pl\/wp-content\/uploads\/sites\/56\/2022\/11\/bi6-1024x461-1-36x16.jpg 36w, https:\/\/bpprzasnysz.pl\/wp-content\/uploads\/sites\/56\/2022\/11\/bi6-1024x461-1-48x22.jpg 48w\" sizes=\"auto, (max-width: 1024px) 100vw, 1024px\" \/><\/a><\/figure>\n\n\n\n<figure class=\"wp-block-image size-large\"><a href=\"https:\/\/bpprzasnysz.pl\/wp-content\/uploads\/sites\/56\/2022\/11\/bi9-460x1024-1.jpg\"><img loading=\"lazy\" decoding=\"async\" width=\"460\" height=\"1024\" data-id=\"25996\" src=\"https:\/\/bpprzasnysz.pl\/wp-content\/uploads\/sites\/56\/2022\/11\/bi9-460x1024-1.jpg\" alt=\"\" class=\"wp-image-25996\" srcset=\"https:\/\/bpprzasnysz.pl\/wp-content\/uploads\/sites\/56\/2022\/11\/bi9-460x1024-1.jpg 460w, https:\/\/bpprzasnysz.pl\/wp-content\/uploads\/sites\/56\/2022\/11\/bi9-460x1024-1-135x300.jpg 135w, https:\/\/bpprzasnysz.pl\/wp-content\/uploads\/sites\/56\/2022\/11\/bi9-460x1024-1-11x24.jpg 11w, https:\/\/bpprzasnysz.pl\/wp-content\/uploads\/sites\/56\/2022\/11\/bi9-460x1024-1-16x36.jpg 16w, https:\/\/bpprzasnysz.pl\/wp-content\/uploads\/sites\/56\/2022\/11\/bi9-460x1024-1-22x48.jpg 22w\" sizes=\"auto, (max-width: 460px) 100vw, 460px\" \/><\/a><\/figure>\n<\/figure>\n","protected":false},"excerpt":{"rendered":"<p>11 pa\u017adziernika odby\u0142o si\u0119 spotkanie nauczycieli bibliotekarzy, tym razemw go\u015bcinnych progach Muzeum Historycznego w Przasnyszu. Zwiedzili\u015bmy wystaw\u0119 \u201eSztafeta pokole\u0144. Jubileusz [&hellip;]<\/p>\n","protected":false},"author":741,"featured_media":25936,"comment_status":"closed","ping_status":"closed","sticky":false,"template":"","format":"standard","meta":{"_acf_changed":false,"_oasis_is_in_workflow":0,"_oasis_original":0,"inline_featured_image":false,"site-sidebar-layout":"default","site-content-layout":"","ast-site-content-layout":"default","site-content-style":"default","site-sidebar-style":"default","ast-global-header-display":"","ast-banner-title-visibility":"","ast-main-header-display":"","ast-hfb-above-header-display":"","ast-hfb-below-header-display":"","ast-hfb-mobile-header-display":"","site-post-title":"","ast-breadcrumbs-content":"","ast-featured-img":"","footer-sml-layout":"","ast-disable-related-posts":"","theme-transparent-header-meta":"","adv-header-id-meta":"","stick-header-meta":"","header-above-stick-meta":"","header-main-stick-meta":"","header-below-stick-meta":"","astra-migrate-meta-layouts":"default","ast-page-background-enabled":"default","ast-page-background-meta":{"desktop":{"background-color":"","background-image":"","background-repeat":"repeat","background-position":"center center","background-size":"auto","background-attachment":"scroll","background-type":"","background-media":"","overlay-type":"","overlay-color":"","overlay-opacity":"","overlay-gradient":""},"tablet":{"background-color":"","background-image":"","background-repeat":"repeat","background-position":"center center","background-size":"auto","background-attachment":"scroll","background-type":"","background-media":"","overlay-type":"","overlay-color":"","overlay-opacity":"","overlay-gradient":""},"mobile":{"background-color":"","background-image":"","background-repeat":"repeat","background-position":"center center","background-size":"auto","background-attachment":"scroll","background-type":"","background-media":"","overlay-type":"","overlay-color":"","overlay-opacity":"","overlay-gradient":""}},"ast-content-background-meta":{"desktop":{"background-color":"var(--ast-global-color-5)","background-image":"","background-repeat":"repeat","background-position":"center center","background-size":"auto","background-attachment":"scroll","background-type":"","background-media":"","overlay-type":"","overlay-color":"","overlay-opacity":"","overlay-gradient":""},"tablet":{"background-color":"var(--ast-global-color-5)","background-image":"","background-repeat":"repeat","background-position":"center center","background-size":"auto","background-attachment":"scroll","background-type":"","background-media":"","overlay-type":"","overlay-color":"","overlay-opacity":"","overlay-gradient":""},"mobile":{"background-color":"var(--ast-global-color-5)","background-image":"","background-repeat":"repeat","background-position":"center center","background-size":"auto","background-attachment":"scroll","background-type":"","background-media":"","overlay-type":"","overlay-color":"","overlay-opacity":"","overlay-gradient":""}},"_themeisle_gutenberg_block_has_review":false,"footnotes":""},"categories":[99],"tags":[],"class_list":["post-25921","post","type-post","status-publish","format-standard","has-post-thumbnail","hentry","category-99"],"acf":[],"featured_image_urls_v2":{"full":["https:\/\/bpprzasnysz.pl\/wp-content\/uploads\/sites\/56\/2022\/11\/bi1-1024x461-1.jpg",1024,461,false],"thumbnail":["https:\/\/bpprzasnysz.pl\/wp-content\/uploads\/sites\/56\/2022\/11\/bi1-1024x461-1-150x150.jpg",150,150,true],"medium":["https:\/\/bpprzasnysz.pl\/wp-content\/uploads\/sites\/56\/2022\/11\/bi1-1024x461-1-300x135.jpg",300,135,true],"medium_large":["https:\/\/bpprzasnysz.pl\/wp-content\/uploads\/sites\/56\/2022\/11\/bi1-1024x461-1-768x346.jpg",768,346,true],"large":["https:\/\/bpprzasnysz.pl\/wp-content\/uploads\/sites\/56\/2022\/11\/bi1-1024x461-1.jpg",1024,461,false],"1536x1536":["https:\/\/bpprzasnysz.pl\/wp-content\/uploads\/sites\/56\/2022\/11\/bi1-1024x461-1.jpg",1024,461,false],"2048x2048":["https:\/\/bpprzasnysz.pl\/wp-content\/uploads\/sites\/56\/2022\/11\/bi1-1024x461-1.jpg",1024,461,false],"menu-24x24":["https:\/\/bpprzasnysz.pl\/wp-content\/uploads\/sites\/56\/2022\/11\/bi1-1024x461-1-24x11.jpg",24,11,true],"menu-36x36":["https:\/\/bpprzasnysz.pl\/wp-content\/uploads\/sites\/56\/2022\/11\/bi1-1024x461-1-36x16.jpg",36,16,true],"menu-48x48":["https:\/\/bpprzasnysz.pl\/wp-content\/uploads\/sites\/56\/2022\/11\/bi1-1024x461-1-48x22.jpg",48,22,true]},"post_excerpt_stackable_v2":"<p>11 pa\u017adziernika odby\u0142o si\u0119 spotkanie nauczycieli bibliotekarzy, tym razemw go\u015bcinnych progach Muzeum Historycznego w Przasnyszu. Zwiedzili\u015bmy wystaw\u0119 \u201eSztafeta pokole\u0144. Jubileusz 75-lecia Szko\u0142y Podstawowej nr 2 oraz 50-lecia Szko\u0142y Podstawowej nr 3\u201d. Po cz\u0119\u015bci oficjalnej udali\u015bmy si\u0119do Cafe Rynek w Przasnyszu aby om\u00f3wi\u0107 bi\u0119\u017cac\u0105 sytuacj\u0119 funkcjonowania bibliotek szkolnych.<\/p>\n","category_list_v2":"<a href=\"https:\/\/bpprzasnysz.pl\/en\/category\/2022\/\" rel=\"category tag\">2022<\/a>","author_info_v2":{"name":"Aleksandra Cie\u015blicka","url":"https:\/\/bpprzasnysz.pl\/en\/author\/acieslicka\/"},"comments_num_v2":"0 comments","_links":{"self":[{"href":"https:\/\/bpprzasnysz.pl\/en\/wp-json\/wp\/v2\/posts\/25921","targetHints":{"allow":["GET"]}}],"collection":[{"href":"https:\/\/bpprzasnysz.pl\/en\/wp-json\/wp\/v2\/posts"}],"about":[{"href":"https:\/\/bpprzasnysz.pl\/en\/wp-json\/wp\/v2\/types\/post"}],"author":[{"embeddable":true,"href":"https:\/\/bpprzasnysz.pl\/en\/wp-json\/wp\/v2\/users\/741"}],"replies":[{"embeddable":true,"href":"https:\/\/bpprzasnysz.pl\/en\/wp-json\/wp\/v2\/comments?post=25921"}],"version-history":[{"count":4,"href":"https:\/\/bpprzasnysz.pl\/en\/wp-json\/wp\/v2\/posts\/25921\/revisions"}],"predecessor-version":[{"id":26053,"href":"https:\/\/bpprzasnysz.pl\/en\/wp-json\/wp\/v2\/posts\/25921\/revisions\/26053"}],"wp:featuredmedia":[{"embeddable":true,"href":"https:\/\/bpprzasnysz.pl\/en\/wp-json\/wp\/v2\/media\/25936"}],"wp:attachment":[{"href":"https:\/\/bpprzasnysz.pl\/en\/wp-json\/wp\/v2\/media?parent=25921"}],"wp:term":[{"taxonomy":"category","embeddable":true,"href":"https:\/\/bpprzasnysz.pl\/en\/wp-json\/wp\/v2\/categories?post=25921"},{"taxonomy":"post_tag","embeddable":true,"href":"https:\/\/bpprzasnysz.pl\/en\/wp-json\/wp\/v2\/tags?post=25921"}],"curies":[{"name":"wp","href":"https:\/\/api.w.org\/{rel}","templated":true}]}}