{"id":32380,"date":"2024-05-13T13:42:00","date_gmt":"2024-05-13T11:42:00","guid":{"rendered":"https:\/\/bpprzasnysz.pl\/?p=32380"},"modified":"2024-09-03T11:26:54","modified_gmt":"2024-09-03T09:26:54","slug":"poznalismy-laureatow-konkursu-moje-pasje-i-aktywnosci","status":"publish","type":"post","link":"https:\/\/bpprzasnysz.pl\/en\/poznalismy-laureatow-konkursu-moje-pasje-i-aktywnosci\/","title":{"rendered":"POZNALI\u015aMY LAUREAT\u00d3W KONKURSU &#8220;MOJE PASJE I AKTYWNO\u015aCI&#8221;"},"content":{"rendered":"\n<p style=\"margin-top:0;margin-bottom:0\">10. maja w Czytelni naszej Biblioteki odby\u0142a si\u0119 uroczysto\u015b\u0107 wr\u0119czenia nagr\u00f3d laureatom konkursu \u201eMoje Pasje i Aktywno\u015bci\u201d. Konkurs zosta\u0142 zorganizowany w ramach projektu \u201eStrefa Pasji i Aktywno\u015bci w Dzia\u0142aniu\u201d, kt\u00f3ry realizujemy razem z Medyczn\u0105 Szko\u0142\u0105 Policealn\u0105 w Przasnyszu&nbsp;ze \u015brodk\u00f3w Samorz\u0105du Wojew\u00f3dztwa Mazowieckiego w ramach Bud\u017cetu Obywatelskiego Mazowsza. Jury przyzna\u0142o nagrody w nast\u0119puj\u0105cych kategoriach wiekowych kategoriach:<\/p>\n\n\n\n<p>Kategoria doro\u015bli:<\/p>\n\n\n\n<p>1. miejsce \u2013 Krystyna Zagroba,<\/p>\n\n\n\n<p>2. miejsce \u2013 Magdalena Karwacka.<\/p>\n\n\n\n<p>Kategoria klas VII-VIII:<\/p>\n\n\n\n<p>1. miejsce \u2013 Alicja \u0141api\u0144ska i Amelia Dygnos \u2013 Szko\u0142a Podstawowa w Duczyminie<\/p>\n\n\n\n<p>2. miejsce \u2013 Oliwia Kuci\u0144ska \u2013 Szko\u0142a Podstawowa w Duczyminie<\/p>\n\n\n\n<p>3. miejsce \u2013 Iwona Gadomska \u2013 Szko\u0142a Podstawowa w Duczyminie.<\/p>\n\n\n\n<p>Kategoria klas IV-VI:<\/p>\n\n\n\n<p>1. miejsce \u2013 Anna Nachtygal i Wojciech Miko\u0142ajski \u2013 Szko\u0142a Podstawowa w Duczyminie.<\/p>\n\n\n\n<p>Zwyci\u0119zcom serdecznie gratulujemy i zapraszamy do udzia\u0142u w kolejnych wydarzeniach organizowanych przez Bibliotek\u0119.<\/p>\n\n\n\n<p class=\"has-text-align-right\">Oprac. Luiza Dawidziuk<\/p>\n\n\n\n<figure class=\"wp-block-gallery has-nested-images columns-default is-cropped wp-block-gallery-1 is-layout-flex wp-block-gallery-is-layout-flex\">\n<figure class=\"wp-block-image size-large\"><a href=\"https:\/\/bpprzasnysz.pl\/wp-content\/uploads\/sites\/56\/2024\/09\/440779566_122145080870210639_3917612852032452175_n.jpg\"><img loading=\"lazy\" decoding=\"async\" width=\"1024\" height=\"771\" data-id=\"32389\" src=\"https:\/\/bpprzasnysz.pl\/wp-content\/uploads\/sites\/56\/2024\/09\/440779566_122145080870210639_3917612852032452175_n-1024x771.jpg\" alt=\"Poznali\u015bmy laureat\u00f3w konkursu \u201eMoje Pasje i Aktywno\u015bci\u201d\" class=\"wp-image-32389\" srcset=\"https:\/\/bpprzasnysz.pl\/wp-content\/uploads\/sites\/56\/2024\/09\/440779566_122145080870210639_3917612852032452175_n-1024x771.jpg 1024w, https:\/\/bpprzasnysz.pl\/wp-content\/uploads\/sites\/56\/2024\/09\/440779566_122145080870210639_3917612852032452175_n-300x226.jpg 300w, https:\/\/bpprzasnysz.pl\/wp-content\/uploads\/sites\/56\/2024\/09\/440779566_122145080870210639_3917612852032452175_n-768x578.jpg 768w, https:\/\/bpprzasnysz.pl\/wp-content\/uploads\/sites\/56\/2024\/09\/440779566_122145080870210639_3917612852032452175_n-1536x1157.jpg 1536w, https:\/\/bpprzasnysz.pl\/wp-content\/uploads\/sites\/56\/2024\/09\/440779566_122145080870210639_3917612852032452175_n-1320x994.jpg 1320w, https:\/\/bpprzasnysz.pl\/wp-content\/uploads\/sites\/56\/2024\/09\/440779566_122145080870210639_3917612852032452175_n-24x18.jpg 24w, https:\/\/bpprzasnysz.pl\/wp-content\/uploads\/sites\/56\/2024\/09\/440779566_122145080870210639_3917612852032452175_n-36x27.jpg 36w, https:\/\/bpprzasnysz.pl\/wp-content\/uploads\/sites\/56\/2024\/09\/440779566_122145080870210639_3917612852032452175_n-48x36.jpg 48w, https:\/\/bpprzasnysz.pl\/wp-content\/uploads\/sites\/56\/2024\/09\/440779566_122145080870210639_3917612852032452175_n.jpg 2040w\" sizes=\"auto, (max-width: 1024px) 100vw, 1024px\" \/><\/a><\/figure>\n\n\n\n<figure class=\"wp-block-image size-large\"><a href=\"https:\/\/bpprzasnysz.pl\/wp-content\/uploads\/sites\/56\/2024\/09\/440857037_122145080774210639_5930154880631099422_n.jpg\"><img loading=\"lazy\" decoding=\"async\" width=\"771\" height=\"1024\" data-id=\"32413\" src=\"https:\/\/bpprzasnysz.pl\/wp-content\/uploads\/sites\/56\/2024\/09\/440857037_122145080774210639_5930154880631099422_n-771x1024.jpg\" alt=\"Poznali\u015bmy laureat\u00f3w konkursu \u201eMoje Pasje i Aktywno\u015bci\u201d\" class=\"wp-image-32413\" srcset=\"https:\/\/bpprzasnysz.pl\/wp-content\/uploads\/sites\/56\/2024\/09\/440857037_122145080774210639_5930154880631099422_n-771x1024.jpg 771w, https:\/\/bpprzasnysz.pl\/wp-content\/uploads\/sites\/56\/2024\/09\/440857037_122145080774210639_5930154880631099422_n-226x300.jpg 226w, https:\/\/bpprzasnysz.pl\/wp-content\/uploads\/sites\/56\/2024\/09\/440857037_122145080774210639_5930154880631099422_n-768x1020.jpg 768w, https:\/\/bpprzasnysz.pl\/wp-content\/uploads\/sites\/56\/2024\/09\/440857037_122145080774210639_5930154880631099422_n-1157x1536.jpg 1157w, https:\/\/bpprzasnysz.pl\/wp-content\/uploads\/sites\/56\/2024\/09\/440857037_122145080774210639_5930154880631099422_n-1320x1753.jpg 1320w, https:\/\/bpprzasnysz.pl\/wp-content\/uploads\/sites\/56\/2024\/09\/440857037_122145080774210639_5930154880631099422_n-18x24.jpg 18w, https:\/\/bpprzasnysz.pl\/wp-content\/uploads\/sites\/56\/2024\/09\/440857037_122145080774210639_5930154880631099422_n-27x36.jpg 27w, https:\/\/bpprzasnysz.pl\/wp-content\/uploads\/sites\/56\/2024\/09\/440857037_122145080774210639_5930154880631099422_n-36x48.jpg 36w, https:\/\/bpprzasnysz.pl\/wp-content\/uploads\/sites\/56\/2024\/09\/440857037_122145080774210639_5930154880631099422_n.jpg 1536w\" sizes=\"auto, (max-width: 771px) 100vw, 771px\" \/><\/a><\/figure>\n\n\n\n<figure class=\"wp-block-image size-large\"><a href=\"https:\/\/bpprzasnysz.pl\/wp-content\/uploads\/sites\/56\/2024\/09\/441154123_122145081050210639_8651726790660011036_n.jpg\"><img loading=\"lazy\" decoding=\"async\" width=\"771\" height=\"1024\" data-id=\"32392\" src=\"https:\/\/bpprzasnysz.pl\/wp-content\/uploads\/sites\/56\/2024\/09\/441154123_122145081050210639_8651726790660011036_n-771x1024.jpg\" alt=\"Poznali\u015bmy laureat\u00f3w konkursu \u201eMoje Pasje i Aktywno\u015bci\u201d\" class=\"wp-image-32392\" srcset=\"https:\/\/bpprzasnysz.pl\/wp-content\/uploads\/sites\/56\/2024\/09\/441154123_122145081050210639_8651726790660011036_n-771x1024.jpg 771w, https:\/\/bpprzasnysz.pl\/wp-content\/uploads\/sites\/56\/2024\/09\/441154123_122145081050210639_8651726790660011036_n-226x300.jpg 226w, https:\/\/bpprzasnysz.pl\/wp-content\/uploads\/sites\/56\/2024\/09\/441154123_122145081050210639_8651726790660011036_n-768x1020.jpg 768w, https:\/\/bpprzasnysz.pl\/wp-content\/uploads\/sites\/56\/2024\/09\/441154123_122145081050210639_8651726790660011036_n-1157x1536.jpg 1157w, https:\/\/bpprzasnysz.pl\/wp-content\/uploads\/sites\/56\/2024\/09\/441154123_122145081050210639_8651726790660011036_n-1320x1753.jpg 1320w, https:\/\/bpprzasnysz.pl\/wp-content\/uploads\/sites\/56\/2024\/09\/441154123_122145081050210639_8651726790660011036_n-18x24.jpg 18w, https:\/\/bpprzasnysz.pl\/wp-content\/uploads\/sites\/56\/2024\/09\/441154123_122145081050210639_8651726790660011036_n-27x36.jpg 27w, https:\/\/bpprzasnysz.pl\/wp-content\/uploads\/sites\/56\/2024\/09\/441154123_122145081050210639_8651726790660011036_n-36x48.jpg 36w, https:\/\/bpprzasnysz.pl\/wp-content\/uploads\/sites\/56\/2024\/09\/441154123_122145081050210639_8651726790660011036_n.jpg 1536w\" sizes=\"auto, (max-width: 771px) 100vw, 771px\" \/><\/a><\/figure>\n\n\n\n<figure class=\"wp-block-image size-large\"><a href=\"https:\/\/bpprzasnysz.pl\/wp-content\/uploads\/sites\/56\/2024\/09\/441183357_122145081074210639_1181357796019610013_n.jpg\"><img loading=\"lazy\" decoding=\"async\" width=\"771\" height=\"1024\" data-id=\"32437\" src=\"https:\/\/bpprzasnysz.pl\/wp-content\/uploads\/sites\/56\/2024\/09\/441183357_122145081074210639_1181357796019610013_n-771x1024.jpg\" alt=\"Poznali\u015bmy laureat\u00f3w konkursu \u201eMoje Pasje i Aktywno\u015bci\u201d\" class=\"wp-image-32437\" srcset=\"https:\/\/bpprzasnysz.pl\/wp-content\/uploads\/sites\/56\/2024\/09\/441183357_122145081074210639_1181357796019610013_n-771x1024.jpg 771w, https:\/\/bpprzasnysz.pl\/wp-content\/uploads\/sites\/56\/2024\/09\/441183357_122145081074210639_1181357796019610013_n-226x300.jpg 226w, https:\/\/bpprzasnysz.pl\/wp-content\/uploads\/sites\/56\/2024\/09\/441183357_122145081074210639_1181357796019610013_n-768x1020.jpg 768w, https:\/\/bpprzasnysz.pl\/wp-content\/uploads\/sites\/56\/2024\/09\/441183357_122145081074210639_1181357796019610013_n-1157x1536.jpg 1157w, https:\/\/bpprzasnysz.pl\/wp-content\/uploads\/sites\/56\/2024\/09\/441183357_122145081074210639_1181357796019610013_n-1320x1753.jpg 1320w, https:\/\/bpprzasnysz.pl\/wp-content\/uploads\/sites\/56\/2024\/09\/441183357_122145081074210639_1181357796019610013_n-18x24.jpg 18w, https:\/\/bpprzasnysz.pl\/wp-content\/uploads\/sites\/56\/2024\/09\/441183357_122145081074210639_1181357796019610013_n-27x36.jpg 27w, https:\/\/bpprzasnysz.pl\/wp-content\/uploads\/sites\/56\/2024\/09\/441183357_122145081074210639_1181357796019610013_n-36x48.jpg 36w, https:\/\/bpprzasnysz.pl\/wp-content\/uploads\/sites\/56\/2024\/09\/441183357_122145081074210639_1181357796019610013_n.jpg 1536w\" sizes=\"auto, (max-width: 771px) 100vw, 771px\" \/><\/a><\/figure>\n\n\n\n<figure class=\"wp-block-image size-large\"><a href=\"https:\/\/bpprzasnysz.pl\/wp-content\/uploads\/sites\/56\/2024\/09\/441188294_122145080792210639_808280709592695008_n.jpg\"><img loading=\"lazy\" decoding=\"async\" width=\"771\" height=\"1024\" data-id=\"32386\" src=\"https:\/\/bpprzasnysz.pl\/wp-content\/uploads\/sites\/56\/2024\/09\/441188294_122145080792210639_808280709592695008_n-771x1024.jpg\" alt=\"Poznali\u015bmy laureat\u00f3w konkursu \u201eMoje Pasje i Aktywno\u015bci\u201d\" class=\"wp-image-32386\" srcset=\"https:\/\/bpprzasnysz.pl\/wp-content\/uploads\/sites\/56\/2024\/09\/441188294_122145080792210639_808280709592695008_n-771x1024.jpg 771w, https:\/\/bpprzasnysz.pl\/wp-content\/uploads\/sites\/56\/2024\/09\/441188294_122145080792210639_808280709592695008_n-226x300.jpg 226w, https:\/\/bpprzasnysz.pl\/wp-content\/uploads\/sites\/56\/2024\/09\/441188294_122145080792210639_808280709592695008_n-768x1020.jpg 768w, https:\/\/bpprzasnysz.pl\/wp-content\/uploads\/sites\/56\/2024\/09\/441188294_122145080792210639_808280709592695008_n-1157x1536.jpg 1157w, https:\/\/bpprzasnysz.pl\/wp-content\/uploads\/sites\/56\/2024\/09\/441188294_122145080792210639_808280709592695008_n-1320x1753.jpg 1320w, https:\/\/bpprzasnysz.pl\/wp-content\/uploads\/sites\/56\/2024\/09\/441188294_122145080792210639_808280709592695008_n-18x24.jpg 18w, https:\/\/bpprzasnysz.pl\/wp-content\/uploads\/sites\/56\/2024\/09\/441188294_122145080792210639_808280709592695008_n-27x36.jpg 27w, https:\/\/bpprzasnysz.pl\/wp-content\/uploads\/sites\/56\/2024\/09\/441188294_122145080792210639_808280709592695008_n-36x48.jpg 36w, https:\/\/bpprzasnysz.pl\/wp-content\/uploads\/sites\/56\/2024\/09\/441188294_122145080792210639_808280709592695008_n.jpg 1536w\" sizes=\"auto, (max-width: 771px) 100vw, 771px\" \/><\/a><\/figure>\n\n\n\n<figure class=\"wp-block-image size-large\"><a href=\"https:\/\/bpprzasnysz.pl\/wp-content\/uploads\/sites\/56\/2024\/09\/441231379_122145080948210639_2662348457960316343_n-1024x771.jpg\"><img loading=\"lazy\" decoding=\"async\" width=\"1024\" height=\"771\" data-id=\"32398\" src=\"https:\/\/bpprzasnysz.pl\/wp-content\/uploads\/sites\/56\/2024\/09\/441231379_122145080948210639_2662348457960316343_n-1024x771.jpg\" alt=\"Poznali\u015bmy laureat\u00f3w konkursu \u201eMoje Pasje i Aktywno\u015bci\u201d\" class=\"wp-image-32398\" srcset=\"https:\/\/bpprzasnysz.pl\/wp-content\/uploads\/sites\/56\/2024\/09\/441231379_122145080948210639_2662348457960316343_n-1024x771.jpg 1024w, https:\/\/bpprzasnysz.pl\/wp-content\/uploads\/sites\/56\/2024\/09\/441231379_122145080948210639_2662348457960316343_n-300x226.jpg 300w, https:\/\/bpprzasnysz.pl\/wp-content\/uploads\/sites\/56\/2024\/09\/441231379_122145080948210639_2662348457960316343_n-768x578.jpg 768w, https:\/\/bpprzasnysz.pl\/wp-content\/uploads\/sites\/56\/2024\/09\/441231379_122145080948210639_2662348457960316343_n-1536x1157.jpg 1536w, https:\/\/bpprzasnysz.pl\/wp-content\/uploads\/sites\/56\/2024\/09\/441231379_122145080948210639_2662348457960316343_n-1320x994.jpg 1320w, https:\/\/bpprzasnysz.pl\/wp-content\/uploads\/sites\/56\/2024\/09\/441231379_122145080948210639_2662348457960316343_n-24x18.jpg 24w, https:\/\/bpprzasnysz.pl\/wp-content\/uploads\/sites\/56\/2024\/09\/441231379_122145080948210639_2662348457960316343_n-36x27.jpg 36w, https:\/\/bpprzasnysz.pl\/wp-content\/uploads\/sites\/56\/2024\/09\/441231379_122145080948210639_2662348457960316343_n-48x36.jpg 48w, https:\/\/bpprzasnysz.pl\/wp-content\/uploads\/sites\/56\/2024\/09\/441231379_122145080948210639_2662348457960316343_n.jpg 2040w\" sizes=\"auto, (max-width: 1024px) 100vw, 1024px\" \/><\/a><\/figure>\n\n\n\n<figure class=\"wp-block-image size-large\"><a href=\"https:\/\/bpprzasnysz.pl\/wp-content\/uploads\/sites\/56\/2024\/09\/441537323_122145081350210639_1505030897504392728_n.jpg\"><img loading=\"lazy\" decoding=\"async\" width=\"1024\" height=\"461\" data-id=\"32395\" src=\"https:\/\/bpprzasnysz.pl\/wp-content\/uploads\/sites\/56\/2024\/09\/441537323_122145081350210639_1505030897504392728_n-1024x461.jpg\" alt=\"Poznali\u015bmy laureat\u00f3w konkursu \u201eMoje Pasje i Aktywno\u015bci\u201d\" class=\"wp-image-32395\" srcset=\"https:\/\/bpprzasnysz.pl\/wp-content\/uploads\/sites\/56\/2024\/09\/441537323_122145081350210639_1505030897504392728_n-1024x461.jpg 1024w, https:\/\/bpprzasnysz.pl\/wp-content\/uploads\/sites\/56\/2024\/09\/441537323_122145081350210639_1505030897504392728_n-300x135.jpg 300w, https:\/\/bpprzasnysz.pl\/wp-content\/uploads\/sites\/56\/2024\/09\/441537323_122145081350210639_1505030897504392728_n-768x346.jpg 768w, https:\/\/bpprzasnysz.pl\/wp-content\/uploads\/sites\/56\/2024\/09\/441537323_122145081350210639_1505030897504392728_n-1536x691.jpg 1536w, https:\/\/bpprzasnysz.pl\/wp-content\/uploads\/sites\/56\/2024\/09\/441537323_122145081350210639_1505030897504392728_n-1320x594.jpg 1320w, https:\/\/bpprzasnysz.pl\/wp-content\/uploads\/sites\/56\/2024\/09\/441537323_122145081350210639_1505030897504392728_n-24x11.jpg 24w, https:\/\/bpprzasnysz.pl\/wp-content\/uploads\/sites\/56\/2024\/09\/441537323_122145081350210639_1505030897504392728_n-36x16.jpg 36w, https:\/\/bpprzasnysz.pl\/wp-content\/uploads\/sites\/56\/2024\/09\/441537323_122145081350210639_1505030897504392728_n-48x22.jpg 48w, https:\/\/bpprzasnysz.pl\/wp-content\/uploads\/sites\/56\/2024\/09\/441537323_122145081350210639_1505030897504392728_n.jpg 1600w\" sizes=\"auto, (max-width: 1024px) 100vw, 1024px\" \/><\/a><\/figure>\n\n\n\n<figure class=\"wp-block-image size-large\"><a href=\"https:\/\/bpprzasnysz.pl\/wp-content\/uploads\/sites\/56\/2024\/09\/441872163_122145081008210639_8185119472354101153_n.jpg\"><img loading=\"lazy\" decoding=\"async\" width=\"1024\" height=\"771\" data-id=\"32383\" src=\"https:\/\/bpprzasnysz.pl\/wp-content\/uploads\/sites\/56\/2024\/09\/441872163_122145081008210639_8185119472354101153_n-1024x771.jpg\" alt=\"Poznali\u015bmy laureat\u00f3w konkursu \u201eMoje Pasje i Aktywno\u015bci\u201d\" class=\"wp-image-32383\" srcset=\"https:\/\/bpprzasnysz.pl\/wp-content\/uploads\/sites\/56\/2024\/09\/441872163_122145081008210639_8185119472354101153_n-1024x771.jpg 1024w, https:\/\/bpprzasnysz.pl\/wp-content\/uploads\/sites\/56\/2024\/09\/441872163_122145081008210639_8185119472354101153_n-300x226.jpg 300w, https:\/\/bpprzasnysz.pl\/wp-content\/uploads\/sites\/56\/2024\/09\/441872163_122145081008210639_8185119472354101153_n-768x578.jpg 768w, https:\/\/bpprzasnysz.pl\/wp-content\/uploads\/sites\/56\/2024\/09\/441872163_122145081008210639_8185119472354101153_n-1536x1157.jpg 1536w, https:\/\/bpprzasnysz.pl\/wp-content\/uploads\/sites\/56\/2024\/09\/441872163_122145081008210639_8185119472354101153_n-1320x994.jpg 1320w, https:\/\/bpprzasnysz.pl\/wp-content\/uploads\/sites\/56\/2024\/09\/441872163_122145081008210639_8185119472354101153_n-24x18.jpg 24w, https:\/\/bpprzasnysz.pl\/wp-content\/uploads\/sites\/56\/2024\/09\/441872163_122145081008210639_8185119472354101153_n-36x27.jpg 36w, https:\/\/bpprzasnysz.pl\/wp-content\/uploads\/sites\/56\/2024\/09\/441872163_122145081008210639_8185119472354101153_n-48x36.jpg 48w, https:\/\/bpprzasnysz.pl\/wp-content\/uploads\/sites\/56\/2024\/09\/441872163_122145081008210639_8185119472354101153_n.jpg 2040w\" sizes=\"auto, (max-width: 1024px) 100vw, 1024px\" \/><\/a><\/figure>\n\n\n\n<figure class=\"wp-block-image size-large\"><a href=\"https:\/\/bpprzasnysz.pl\/wp-content\/uploads\/sites\/56\/2024\/09\/441963563_122145080906210639_5215608487424597602_n.jpg\"><img loading=\"lazy\" decoding=\"async\" width=\"771\" height=\"1024\" data-id=\"32401\" src=\"https:\/\/bpprzasnysz.pl\/wp-content\/uploads\/sites\/56\/2024\/09\/441963563_122145080906210639_5215608487424597602_n-771x1024.jpg\" alt=\"Poznali\u015bmy laureat\u00f3w konkursu \u201eMoje Pasje i Aktywno\u015bci\u201d\" class=\"wp-image-32401\" srcset=\"https:\/\/bpprzasnysz.pl\/wp-content\/uploads\/sites\/56\/2024\/09\/441963563_122145080906210639_5215608487424597602_n-771x1024.jpg 771w, https:\/\/bpprzasnysz.pl\/wp-content\/uploads\/sites\/56\/2024\/09\/441963563_122145080906210639_5215608487424597602_n-226x300.jpg 226w, https:\/\/bpprzasnysz.pl\/wp-content\/uploads\/sites\/56\/2024\/09\/441963563_122145080906210639_5215608487424597602_n-768x1020.jpg 768w, https:\/\/bpprzasnysz.pl\/wp-content\/uploads\/sites\/56\/2024\/09\/441963563_122145080906210639_5215608487424597602_n-1157x1536.jpg 1157w, https:\/\/bpprzasnysz.pl\/wp-content\/uploads\/sites\/56\/2024\/09\/441963563_122145080906210639_5215608487424597602_n-1320x1753.jpg 1320w, https:\/\/bpprzasnysz.pl\/wp-content\/uploads\/sites\/56\/2024\/09\/441963563_122145080906210639_5215608487424597602_n-18x24.jpg 18w, https:\/\/bpprzasnysz.pl\/wp-content\/uploads\/sites\/56\/2024\/09\/441963563_122145080906210639_5215608487424597602_n-27x36.jpg 27w, https:\/\/bpprzasnysz.pl\/wp-content\/uploads\/sites\/56\/2024\/09\/441963563_122145080906210639_5215608487424597602_n-36x48.jpg 36w, https:\/\/bpprzasnysz.pl\/wp-content\/uploads\/sites\/56\/2024\/09\/441963563_122145080906210639_5215608487424597602_n.jpg 1536w\" sizes=\"auto, (max-width: 771px) 100vw, 771px\" \/><\/a><\/figure>\n<\/figure>\n","protected":false},"excerpt":{"rendered":"<p>10. maja w Czytelni naszej Biblioteki odby\u0142a si\u0119 uroczysto\u015b\u0107 wr\u0119czenia nagr\u00f3d laureatom konkursu \u201eMoje Pasje i Aktywno\u015bci\u201d. Konkurs zosta\u0142 zorganizowany [&hellip;]<\/p>\n","protected":false},"author":1285,"featured_media":32383,"comment_status":"closed","ping_status":"closed","sticky":false,"template":"","format":"standard","meta":{"_acf_changed":false,"_oasis_is_in_workflow":0,"_oasis_original":0,"inline_featured_image":false,"site-sidebar-layout":"default","site-content-layout":"","ast-site-content-layout":"default","site-content-style":"default","site-sidebar-style":"default","ast-global-header-display":"","ast-banner-title-visibility":"","ast-main-header-display":"","ast-hfb-above-header-display":"","ast-hfb-below-header-display":"","ast-hfb-mobile-header-display":"","site-post-title":"","ast-breadcrumbs-content":"","ast-featured-img":"","footer-sml-layout":"","ast-disable-related-posts":"","theme-transparent-header-meta":"","adv-header-id-meta":"","stick-header-meta":"","header-above-stick-meta":"","header-main-stick-meta":"","header-below-stick-meta":"","astra-migrate-meta-layouts":"set","ast-page-background-enabled":"default","ast-page-background-meta":{"desktop":{"background-color":"","background-image":"","background-repeat":"repeat","background-position":"center center","background-size":"auto","background-attachment":"scroll","background-type":"","background-media":"","overlay-type":"","overlay-color":"","overlay-opacity":"","overlay-gradient":""},"tablet":{"background-color":"","background-image":"","background-repeat":"repeat","background-position":"center center","background-size":"auto","background-attachment":"scroll","background-type":"","background-media":"","overlay-type":"","overlay-color":"","overlay-opacity":"","overlay-gradient":""},"mobile":{"background-color":"","background-image":"","background-repeat":"repeat","background-position":"center center","background-size":"auto","background-attachment":"scroll","background-type":"","background-media":"","overlay-type":"","overlay-color":"","overlay-opacity":"","overlay-gradient":""}},"ast-content-background-meta":{"desktop":{"background-color":"var(--ast-global-color-5)","background-image":"","background-repeat":"repeat","background-position":"center center","background-size":"auto","background-attachment":"scroll","background-type":"","background-media":"","overlay-type":"","overlay-color":"","overlay-opacity":"","overlay-gradient":""},"tablet":{"background-color":"var(--ast-global-color-5)","background-image":"","background-repeat":"repeat","background-position":"center center","background-size":"auto","background-attachment":"scroll","background-type":"","background-media":"","overlay-type":"","overlay-color":"","overlay-opacity":"","overlay-gradient":""},"mobile":{"background-color":"var(--ast-global-color-5)","background-image":"","background-repeat":"repeat","background-position":"center center","background-size":"auto","background-attachment":"scroll","background-type":"","background-media":"","overlay-type":"","overlay-color":"","overlay-opacity":"","overlay-gradient":""}},"_themeisle_gutenberg_block_has_review":false,"footnotes":""},"categories":[163],"tags":[],"class_list":["post-32380","post","type-post","status-publish","format-standard","has-post-thumbnail","hentry","category-163"],"acf":[],"featured_image_urls_v2":{"full":["https:\/\/bpprzasnysz.pl\/wp-content\/uploads\/sites\/56\/2024\/09\/441872163_122145081008210639_8185119472354101153_n.jpg",2040,1536,false],"thumbnail":["https:\/\/bpprzasnysz.pl\/wp-content\/uploads\/sites\/56\/2024\/09\/441872163_122145081008210639_8185119472354101153_n-150x150.jpg",150,150,true],"medium":["https:\/\/bpprzasnysz.pl\/wp-content\/uploads\/sites\/56\/2024\/09\/441872163_122145081008210639_8185119472354101153_n-300x226.jpg",300,226,true],"medium_large":["https:\/\/bpprzasnysz.pl\/wp-content\/uploads\/sites\/56\/2024\/09\/441872163_122145081008210639_8185119472354101153_n-768x578.jpg",768,578,true],"large":["https:\/\/bpprzasnysz.pl\/wp-content\/uploads\/sites\/56\/2024\/09\/441872163_122145081008210639_8185119472354101153_n-1024x771.jpg",1024,771,true],"1536x1536":["https:\/\/bpprzasnysz.pl\/wp-content\/uploads\/sites\/56\/2024\/09\/441872163_122145081008210639_8185119472354101153_n-1536x1157.jpg",1536,1157,true],"2048x2048":["https:\/\/bpprzasnysz.pl\/wp-content\/uploads\/sites\/56\/2024\/09\/441872163_122145081008210639_8185119472354101153_n.jpg",2040,1536,false],"menu-24x24":["https:\/\/bpprzasnysz.pl\/wp-content\/uploads\/sites\/56\/2024\/09\/441872163_122145081008210639_8185119472354101153_n-24x18.jpg",24,18,true],"menu-36x36":["https:\/\/bpprzasnysz.pl\/wp-content\/uploads\/sites\/56\/2024\/09\/441872163_122145081008210639_8185119472354101153_n-36x27.jpg",36,27,true],"menu-48x48":["https:\/\/bpprzasnysz.pl\/wp-content\/uploads\/sites\/56\/2024\/09\/441872163_122145081008210639_8185119472354101153_n-48x36.jpg",48,36,true]},"post_excerpt_stackable_v2":"<p>10. maja w Czytelni naszej Biblioteki odby\u0142a si\u0119 uroczysto\u015b\u0107 wr\u0119czenia nagr\u00f3d laureatom konkursu \u201eMoje Pasje i Aktywno\u015bci\u201d. Konkurs zosta\u0142 zorganizowany w ramach projektu \u201eStrefa Pasji i Aktywno\u015bci w Dzia\u0142aniu\u201d, kt\u00f3ry realizujemy razem z Medyczn\u0105 Szko\u0142\u0105 Policealn\u0105 w Przasnyszu&nbsp;ze \u015brodk\u00f3w Samorz\u0105du Wojew\u00f3dztwa Mazowieckiego w ramach Bud\u017cetu Obywatelskiego Mazowsza. Jury przyzna\u0142o nagrody w nast\u0119puj\u0105cych kategoriach wiekowych kategoriach: Kategoria doro\u015bli: 1. miejsce \u2013 Krystyna Zagroba, 2. miejsce \u2013 Magdalena Karwacka. Kategoria klas VII-VIII: 1. miejsce \u2013 Alicja \u0141api\u0144ska i Amelia Dygnos \u2013 Szko\u0142a Podstawowa w Duczyminie 2. miejsce \u2013 Oliwia Kuci\u0144ska \u2013 Szko\u0142a Podstawowa w Duczyminie 3. miejsce \u2013 Iwona Gadomska \u2013 Szko\u0142a&hellip;<\/p>\n","category_list_v2":"<a href=\"https:\/\/bpprzasnysz.pl\/uk\/category\/2024\/\" rel=\"category tag\">2024<\/a>","author_info_v2":{"name":"Luiza Dawidziuk","url":"https:\/\/bpprzasnysz.pl\/en\/author\/luizad\/"},"comments_num_v2":"0 comments","_links":{"self":[{"href":"https:\/\/bpprzasnysz.pl\/en\/wp-json\/wp\/v2\/posts\/32380","targetHints":{"allow":["GET"]}}],"collection":[{"href":"https:\/\/bpprzasnysz.pl\/en\/wp-json\/wp\/v2\/posts"}],"about":[{"href":"https:\/\/bpprzasnysz.pl\/en\/wp-json\/wp\/v2\/types\/post"}],"author":[{"embeddable":true,"href":"https:\/\/bpprzasnysz.pl\/en\/wp-json\/wp\/v2\/users\/1285"}],"replies":[{"embeddable":true,"href":"https:\/\/bpprzasnysz.pl\/en\/wp-json\/wp\/v2\/comments?post=32380"}],"version-history":[{"count":2,"href":"https:\/\/bpprzasnysz.pl\/en\/wp-json\/wp\/v2\/posts\/32380\/revisions"}],"predecessor-version":[{"id":32458,"href":"https:\/\/bpprzasnysz.pl\/en\/wp-json\/wp\/v2\/posts\/32380\/revisions\/32458"}],"wp:featuredmedia":[{"embeddable":true,"href":"https:\/\/bpprzasnysz.pl\/en\/wp-json\/wp\/v2\/media\/32383"}],"wp:attachment":[{"href":"https:\/\/bpprzasnysz.pl\/en\/wp-json\/wp\/v2\/media?parent=32380"}],"wp:term":[{"taxonomy":"category","embeddable":true,"href":"https:\/\/bpprzasnysz.pl\/en\/wp-json\/wp\/v2\/categories?post=32380"},{"taxonomy":"post_tag","embeddable":true,"href":"https:\/\/bpprzasnysz.pl\/en\/wp-json\/wp\/v2\/tags?post=32380"}],"curies":[{"name":"wp","href":"https:\/\/api.w.org\/{rel}","templated":true}]}}