{"id":3328,"date":"2020-10-06T09:41:00","date_gmt":"2020-10-06T07:41:00","guid":{"rendered":"http:\/\/www.bpprzasnysz.pl\/?p=3328"},"modified":"2022-08-31T11:25:21","modified_gmt":"2022-08-31T09:25:21","slug":"pazdziernik-miesiac-bibliotek-szkolnych","status":"publish","type":"post","link":"https:\/\/bpprzasnysz.pl\/en\/pazdziernik-miesiac-bibliotek-szkolnych\/","title":{"rendered":"Pa\u017adziernik &#8211; Miesi\u0105c Bibliotek Szkolnych"},"content":{"rendered":"\n<p>Rozpocz\u0105\u0142 si\u0119 mi\u0119si\u0105c pa\u017adziernik a wraz z nim\u00a0<strong>Mi\u0119dzynarodowy Miesi\u0105c Bibliotek Szkolnych\u00a0<\/strong>obchodzony w tym roku pod has\u0142em\u00a0<strong>\u201eZ ksi\u0105\u017ck\u0105 Ci do twarzy\u201d.\u00a0<\/strong>\u00a0Wszystkim Bibliotekarzom sk\u0142adamy najserdeczniejsze \u017cyczenia i jednocze\u015bnie zach\u0119camy do organizowania obchod\u00f3w Mi\u0119dzynarodowego Miesi\u0105ca Bibliotek Szkolnych w celu promocji czytelnictwa oraz swojej biblioteki.<\/p>\n\n\n\n<figure class=\"wp-block-image size-full\"><img loading=\"lazy\" decoding=\"async\" width=\"727\" height=\"1024\" src=\"https:\/\/bpprzasnysz.pl\/wp-content\/uploads\/sites\/56\/2022\/08\/nowy-pax-727x1024-1.png\" alt=\"\" class=\"wp-image-23763\" srcset=\"https:\/\/bpprzasnysz.pl\/wp-content\/uploads\/sites\/56\/2022\/08\/nowy-pax-727x1024-1.png 727w, https:\/\/bpprzasnysz.pl\/wp-content\/uploads\/sites\/56\/2022\/08\/nowy-pax-727x1024-1-213x300.png 213w, https:\/\/bpprzasnysz.pl\/wp-content\/uploads\/sites\/56\/2022\/08\/nowy-pax-727x1024-1-17x24.png 17w, https:\/\/bpprzasnysz.pl\/wp-content\/uploads\/sites\/56\/2022\/08\/nowy-pax-727x1024-1-26x36.png 26w, https:\/\/bpprzasnysz.pl\/wp-content\/uploads\/sites\/56\/2022\/08\/nowy-pax-727x1024-1-34x48.png 34w\" sizes=\"auto, (max-width: 727px) 100vw, 727px\" \/><\/figure>\n","protected":false},"excerpt":{"rendered":"<p>Rozpocz\u0105\u0142 si\u0119 mi\u0119si\u0105c pa\u017adziernik a wraz z nim\u00a0Mi\u0119dzynarodowy Miesi\u0105c Bibliotek Szkolnych\u00a0obchodzony w tym roku pod has\u0142em\u00a0\u201eZ ksi\u0105\u017ck\u0105 Ci do twarzy\u201d.\u00a0\u00a0Wszystkim [&hellip;]<\/p>\n","protected":false},"author":1303,"featured_media":23766,"comment_status":"closed","ping_status":"closed","sticky":false,"template":"","format":"standard","meta":{"_acf_changed":false,"_oasis_is_in_workflow":0,"_oasis_original":0,"inline_featured_image":false,"site-sidebar-layout":"default","site-content-layout":"","ast-site-content-layout":"default","site-content-style":"default","site-sidebar-style":"default","ast-global-header-display":"","ast-banner-title-visibility":"","ast-main-header-display":"","ast-hfb-above-header-display":"","ast-hfb-below-header-display":"","ast-hfb-mobile-header-display":"","site-post-title":"","ast-breadcrumbs-content":"","ast-featured-img":"","footer-sml-layout":"","ast-disable-related-posts":"","theme-transparent-header-meta":"","adv-header-id-meta":"","stick-header-meta":"","header-above-stick-meta":"","header-main-stick-meta":"","header-below-stick-meta":"","astra-migrate-meta-layouts":"default","ast-page-background-enabled":"default","ast-page-background-meta":{"desktop":{"background-color":"","background-image":"","background-repeat":"repeat","background-position":"center center","background-size":"auto","background-attachment":"scroll","background-type":"","background-media":"","overlay-type":"","overlay-color":"","overlay-opacity":"","overlay-gradient":""},"tablet":{"background-color":"","background-image":"","background-repeat":"repeat","background-position":"center center","background-size":"auto","background-attachment":"scroll","background-type":"","background-media":"","overlay-type":"","overlay-color":"","overlay-opacity":"","overlay-gradient":""},"mobile":{"background-color":"","background-image":"","background-repeat":"repeat","background-position":"center center","background-size":"auto","background-attachment":"scroll","background-type":"","background-media":"","overlay-type":"","overlay-color":"","overlay-opacity":"","overlay-gradient":""}},"ast-content-background-meta":{"desktop":{"background-color":"var(--ast-global-color-5)","background-image":"","background-repeat":"repeat","background-position":"center center","background-size":"auto","background-attachment":"scroll","background-type":"","background-media":"","overlay-type":"","overlay-color":"","overlay-opacity":"","overlay-gradient":""},"tablet":{"background-color":"var(--ast-global-color-5)","background-image":"","background-repeat":"repeat","background-position":"center center","background-size":"auto","background-attachment":"scroll","background-type":"","background-media":"","overlay-type":"","overlay-color":"","overlay-opacity":"","overlay-gradient":""},"mobile":{"background-color":"var(--ast-global-color-5)","background-image":"","background-repeat":"repeat","background-position":"center center","background-size":"auto","background-attachment":"scroll","background-type":"","background-media":"","overlay-type":"","overlay-color":"","overlay-opacity":"","overlay-gradient":""}},"_themeisle_gutenberg_block_has_review":false,"footnotes":""},"categories":[43],"tags":[],"class_list":["post-3328","post","type-post","status-publish","format-standard","has-post-thumbnail","hentry","category-43"],"acf":[],"featured_image_urls_v2":{"full":["https:\/\/bpprzasnysz.pl\/wp-content\/uploads\/sites\/56\/2020\/10\/nowy-pax-727x1024-1.png",727,1024,false],"thumbnail":["https:\/\/bpprzasnysz.pl\/wp-content\/uploads\/sites\/56\/2020\/10\/nowy-pax-727x1024-1-150x150.png",150,150,true],"medium":["https:\/\/bpprzasnysz.pl\/wp-content\/uploads\/sites\/56\/2020\/10\/nowy-pax-727x1024-1-213x300.png",213,300,true],"medium_large":["https:\/\/bpprzasnysz.pl\/wp-content\/uploads\/sites\/56\/2020\/10\/nowy-pax-727x1024-1.png",727,1024,false],"large":["https:\/\/bpprzasnysz.pl\/wp-content\/uploads\/sites\/56\/2020\/10\/nowy-pax-727x1024-1.png",727,1024,false],"1536x1536":["https:\/\/bpprzasnysz.pl\/wp-content\/uploads\/sites\/56\/2020\/10\/nowy-pax-727x1024-1.png",727,1024,false],"2048x2048":["https:\/\/bpprzasnysz.pl\/wp-content\/uploads\/sites\/56\/2020\/10\/nowy-pax-727x1024-1.png",727,1024,false],"menu-24x24":["https:\/\/bpprzasnysz.pl\/wp-content\/uploads\/sites\/56\/2020\/10\/nowy-pax-727x1024-1-17x24.png",17,24,true],"menu-36x36":["https:\/\/bpprzasnysz.pl\/wp-content\/uploads\/sites\/56\/2020\/10\/nowy-pax-727x1024-1-26x36.png",26,36,true],"menu-48x48":["https:\/\/bpprzasnysz.pl\/wp-content\/uploads\/sites\/56\/2020\/10\/nowy-pax-727x1024-1-34x48.png",34,48,true]},"post_excerpt_stackable_v2":"<p>Rozpocz\u0105\u0142 si\u0119 mi\u0119si\u0105c pa\u017adziernik a wraz z nim\u00a0Mi\u0119dzynarodowy Miesi\u0105c Bibliotek Szkolnych\u00a0obchodzony w tym roku pod has\u0142em\u00a0\u201eZ ksi\u0105\u017ck\u0105 Ci do twarzy\u201d.\u00a0\u00a0Wszystkim Bibliotekarzom sk\u0142adamy najserdeczniejsze \u017cyczenia i jednocze\u015bnie zach\u0119camy do organizowania obchod\u00f3w Mi\u0119dzynarodowego Miesi\u0105ca Bibliotek Szkolnych w celu promocji czytelnictwa oraz swojej biblioteki.<\/p>\n","category_list_v2":"<a href=\"https:\/\/bpprzasnysz.pl\/ru\/category\/2020\/\" rel=\"category tag\">2020<\/a>","author_info_v2":{"name":"Aneta Dobrzy\u0144ska","url":"https:\/\/bpprzasnysz.pl\/en\/author\/anetad\/"},"comments_num_v2":"0 comments","_links":{"self":[{"href":"https:\/\/bpprzasnysz.pl\/en\/wp-json\/wp\/v2\/posts\/3328","targetHints":{"allow":["GET"]}}],"collection":[{"href":"https:\/\/bpprzasnysz.pl\/en\/wp-json\/wp\/v2\/posts"}],"about":[{"href":"https:\/\/bpprzasnysz.pl\/en\/wp-json\/wp\/v2\/types\/post"}],"author":[{"embeddable":true,"href":"https:\/\/bpprzasnysz.pl\/en\/wp-json\/wp\/v2\/users\/1303"}],"replies":[{"embeddable":true,"href":"https:\/\/bpprzasnysz.pl\/en\/wp-json\/wp\/v2\/comments?post=3328"}],"version-history":[{"count":0,"href":"https:\/\/bpprzasnysz.pl\/en\/wp-json\/wp\/v2\/posts\/3328\/revisions"}],"wp:featuredmedia":[{"embeddable":true,"href":"https:\/\/bpprzasnysz.pl\/en\/wp-json\/wp\/v2\/media\/23766"}],"wp:attachment":[{"href":"https:\/\/bpprzasnysz.pl\/en\/wp-json\/wp\/v2\/media?parent=3328"}],"wp:term":[{"taxonomy":"category","embeddable":true,"href":"https:\/\/bpprzasnysz.pl\/en\/wp-json\/wp\/v2\/categories?post=3328"},{"taxonomy":"post_tag","embeddable":true,"href":"https:\/\/bpprzasnysz.pl\/en\/wp-json\/wp\/v2\/tags?post=3328"}],"curies":[{"name":"wp","href":"https:\/\/api.w.org\/{rel}","templated":true}]}}