{"id":3401,"date":"2020-11-06T13:18:22","date_gmt":"2020-11-06T12:18:22","guid":{"rendered":"http:\/\/www.bpprzasnysz.pl\/?p=3401"},"modified":"2022-08-31T11:41:11","modified_gmt":"2022-08-31T09:41:11","slug":"jestesmy-otwarci-dla-was","status":"publish","type":"post","link":"https:\/\/bpprzasnysz.pl\/en\/jestesmy-otwarci-dla-was\/","title":{"rendered":"Jeste\u015bmy otwarci dla Was"},"content":{"rendered":"\n<p>Przyjd\u017a po ksi\u0105\u017cki do\u00a0<strong>Biblioteki Pedagogicznej<\/strong>. Pracujemy zgodnie z zasadami re\u017cimu sanitarnego. Wypo\u017cycz zapas nowo\u015bci wydawniczych na d\u0142ugie, jesienne wieczory. Nic tak nie pomo\u017ce w zadbaniu o siebie\u00a0w tych trudnych czasach \u2013 jak dobra lektura. Zapraszamy do Biblioteki Pedagogicznej, ul. Szpitalna 10 \u2013 w sta\u0142ych godzinach:<\/p>\n\n\n\n<p><strong><strong>poniedzia\u0142ek 8.00-17.00<\/strong><br><strong>wtorek 8.00-17.00<\/strong><br><strong>\u015broda 8.00-17.00<\/strong><br><strong>czwartek 8.00-15.00\u00a0<\/strong><br><strong>pi\u0105tek 8.00-17.00<\/strong><br><strong>sobota 8.00-15.00<\/strong><\/strong><\/p>\n\n\n\n<figure class=\"wp-block-image size-full\"><img loading=\"lazy\" decoding=\"async\" width=\"1024\" height=\"727\" src=\"https:\/\/bpprzasnysz.pl\/wp-content\/uploads\/sites\/56\/2020\/11\/Ludzie-przestaja-myslec-gdy-przestaja-czytac.-1024x727-1.jpg\" alt=\"\" class=\"wp-image-23873\" srcset=\"https:\/\/bpprzasnysz.pl\/wp-content\/uploads\/sites\/56\/2020\/11\/Ludzie-przestaja-myslec-gdy-przestaja-czytac.-1024x727-1.jpg 1024w, https:\/\/bpprzasnysz.pl\/wp-content\/uploads\/sites\/56\/2020\/11\/Ludzie-przestaja-myslec-gdy-przestaja-czytac.-1024x727-1-300x213.jpg 300w, https:\/\/bpprzasnysz.pl\/wp-content\/uploads\/sites\/56\/2020\/11\/Ludzie-przestaja-myslec-gdy-przestaja-czytac.-1024x727-1-768x545.jpg 768w, https:\/\/bpprzasnysz.pl\/wp-content\/uploads\/sites\/56\/2020\/11\/Ludzie-przestaja-myslec-gdy-przestaja-czytac.-1024x727-1-24x17.jpg 24w, https:\/\/bpprzasnysz.pl\/wp-content\/uploads\/sites\/56\/2020\/11\/Ludzie-przestaja-myslec-gdy-przestaja-czytac.-1024x727-1-36x26.jpg 36w, https:\/\/bpprzasnysz.pl\/wp-content\/uploads\/sites\/56\/2020\/11\/Ludzie-przestaja-myslec-gdy-przestaja-czytac.-1024x727-1-48x34.jpg 48w\" sizes=\"auto, (max-width: 1024px) 100vw, 1024px\" \/><\/figure>\n","protected":false},"excerpt":{"rendered":"<p>Przyjd\u017a po ksi\u0105\u017cki do\u00a0Biblioteki Pedagogicznej. Pracujemy zgodnie z zasadami re\u017cimu sanitarnego. Wypo\u017cycz zapas nowo\u015bci wydawniczych na d\u0142ugie, jesienne wieczory. Nic [&hellip;]<\/p>\n","protected":false},"author":1303,"featured_media":3402,"comment_status":"closed","ping_status":"closed","sticky":false,"template":"","format":"standard","meta":{"_acf_changed":false,"_oasis_is_in_workflow":0,"_oasis_original":0,"inline_featured_image":false,"site-sidebar-layout":"default","site-content-layout":"","ast-site-content-layout":"default","site-content-style":"default","site-sidebar-style":"default","ast-global-header-display":"","ast-banner-title-visibility":"","ast-main-header-display":"","ast-hfb-above-header-display":"","ast-hfb-below-header-display":"","ast-hfb-mobile-header-display":"","site-post-title":"","ast-breadcrumbs-content":"","ast-featured-img":"","footer-sml-layout":"","ast-disable-related-posts":"","theme-transparent-header-meta":"","adv-header-id-meta":"","stick-header-meta":"","header-above-stick-meta":"","header-main-stick-meta":"","header-below-stick-meta":"","astra-migrate-meta-layouts":"default","ast-page-background-enabled":"default","ast-page-background-meta":{"desktop":{"background-color":"","background-image":"","background-repeat":"repeat","background-position":"center center","background-size":"auto","background-attachment":"scroll","background-type":"","background-media":"","overlay-type":"","overlay-color":"","overlay-opacity":"","overlay-gradient":""},"tablet":{"background-color":"","background-image":"","background-repeat":"repeat","background-position":"center center","background-size":"auto","background-attachment":"scroll","background-type":"","background-media":"","overlay-type":"","overlay-color":"","overlay-opacity":"","overlay-gradient":""},"mobile":{"background-color":"","background-image":"","background-repeat":"repeat","background-position":"center center","background-size":"auto","background-attachment":"scroll","background-type":"","background-media":"","overlay-type":"","overlay-color":"","overlay-opacity":"","overlay-gradient":""}},"ast-content-background-meta":{"desktop":{"background-color":"var(--ast-global-color-5)","background-image":"","background-repeat":"repeat","background-position":"center center","background-size":"auto","background-attachment":"scroll","background-type":"","background-media":"","overlay-type":"","overlay-color":"","overlay-opacity":"","overlay-gradient":""},"tablet":{"background-color":"var(--ast-global-color-5)","background-image":"","background-repeat":"repeat","background-position":"center center","background-size":"auto","background-attachment":"scroll","background-type":"","background-media":"","overlay-type":"","overlay-color":"","overlay-opacity":"","overlay-gradient":""},"mobile":{"background-color":"var(--ast-global-color-5)","background-image":"","background-repeat":"repeat","background-position":"center center","background-size":"auto","background-attachment":"scroll","background-type":"","background-media":"","overlay-type":"","overlay-color":"","overlay-opacity":"","overlay-gradient":""}},"_themeisle_gutenberg_block_has_review":false,"footnotes":""},"categories":[43],"tags":[],"class_list":["post-3401","post","type-post","status-publish","format-standard","has-post-thumbnail","hentry","category-43"],"acf":[],"featured_image_urls_v2":{"full":["https:\/\/bpprzasnysz.pl\/wp-content\/uploads\/sites\/56\/2020\/11\/Ludzie-przestaja-myslec-gdy-przestaja-czytac..jpg",1747,1240,false],"thumbnail":["https:\/\/bpprzasnysz.pl\/wp-content\/uploads\/sites\/56\/2020\/11\/Ludzie-przestaja-myslec-gdy-przestaja-czytac.-150x150.jpg",150,150,true],"medium":["https:\/\/bpprzasnysz.pl\/wp-content\/uploads\/sites\/56\/2020\/11\/Ludzie-przestaja-myslec-gdy-przestaja-czytac.-300x213.jpg",300,213,true],"medium_large":["https:\/\/bpprzasnysz.pl\/wp-content\/uploads\/sites\/56\/2020\/11\/Ludzie-przestaja-myslec-gdy-przestaja-czytac.-768x545.jpg",768,545,true],"large":["https:\/\/bpprzasnysz.pl\/wp-content\/uploads\/sites\/56\/2020\/11\/Ludzie-przestaja-myslec-gdy-przestaja-czytac.-1024x727.jpg",1024,727,true],"1536x1536":["https:\/\/bpprzasnysz.pl\/wp-content\/uploads\/sites\/56\/2020\/11\/Ludzie-przestaja-myslec-gdy-przestaja-czytac.-1536x1090.jpg",1536,1090,true],"2048x2048":["https:\/\/bpprzasnysz.pl\/wp-content\/uploads\/sites\/56\/2020\/11\/Ludzie-przestaja-myslec-gdy-przestaja-czytac..jpg",1747,1240,false],"menu-24x24":["https:\/\/bpprzasnysz.pl\/wp-content\/uploads\/sites\/56\/2020\/11\/Ludzie-przestaja-myslec-gdy-przestaja-czytac.-24x17.jpg",24,17,true],"menu-36x36":["https:\/\/bpprzasnysz.pl\/wp-content\/uploads\/sites\/56\/2020\/11\/Ludzie-przestaja-myslec-gdy-przestaja-czytac.-36x26.jpg",36,26,true],"menu-48x48":["https:\/\/bpprzasnysz.pl\/wp-content\/uploads\/sites\/56\/2020\/11\/Ludzie-przestaja-myslec-gdy-przestaja-czytac.-48x34.jpg",48,34,true]},"post_excerpt_stackable_v2":"<p>Przyjd\u017a po ksi\u0105\u017cki do\u00a0Biblioteki Pedagogicznej. Pracujemy zgodnie z zasadami re\u017cimu sanitarnego. Wypo\u017cycz zapas nowo\u015bci wydawniczych na d\u0142ugie, jesienne wieczory. Nic tak nie pomo\u017ce w zadbaniu o siebie\u00a0w tych trudnych czasach \u2013 jak dobra lektura. Zapraszamy do Biblioteki Pedagogicznej, ul. Szpitalna 10 \u2013 w sta\u0142ych godzinach: poniedzia\u0142ek 8.00-17.00wtorek 8.00-17.00\u015broda 8.00-17.00czwartek 8.00-15.00\u00a0pi\u0105tek 8.00-17.00sobota 8.00-15.00<\/p>\n","category_list_v2":"<a href=\"https:\/\/bpprzasnysz.pl\/ru\/category\/2020\/\" rel=\"category tag\">2020<\/a>","author_info_v2":{"name":"Aneta Dobrzy\u0144ska","url":"https:\/\/bpprzasnysz.pl\/en\/author\/anetad\/"},"comments_num_v2":"0 comments","_links":{"self":[{"href":"https:\/\/bpprzasnysz.pl\/en\/wp-json\/wp\/v2\/posts\/3401","targetHints":{"allow":["GET"]}}],"collection":[{"href":"https:\/\/bpprzasnysz.pl\/en\/wp-json\/wp\/v2\/posts"}],"about":[{"href":"https:\/\/bpprzasnysz.pl\/en\/wp-json\/wp\/v2\/types\/post"}],"author":[{"embeddable":true,"href":"https:\/\/bpprzasnysz.pl\/en\/wp-json\/wp\/v2\/users\/1303"}],"replies":[{"embeddable":true,"href":"https:\/\/bpprzasnysz.pl\/en\/wp-json\/wp\/v2\/comments?post=3401"}],"version-history":[{"count":0,"href":"https:\/\/bpprzasnysz.pl\/en\/wp-json\/wp\/v2\/posts\/3401\/revisions"}],"wp:featuredmedia":[{"embeddable":true,"href":"https:\/\/bpprzasnysz.pl\/en\/wp-json\/wp\/v2\/media\/3402"}],"wp:attachment":[{"href":"https:\/\/bpprzasnysz.pl\/en\/wp-json\/wp\/v2\/media?parent=3401"}],"wp:term":[{"taxonomy":"category","embeddable":true,"href":"https:\/\/bpprzasnysz.pl\/en\/wp-json\/wp\/v2\/categories?post=3401"},{"taxonomy":"post_tag","embeddable":true,"href":"https:\/\/bpprzasnysz.pl\/en\/wp-json\/wp\/v2\/tags?post=3401"}],"curies":[{"name":"wp","href":"https:\/\/api.w.org\/{rel}","templated":true}]}}