{"id":34378,"date":"2025-01-28T13:46:16","date_gmt":"2025-01-28T12:46:16","guid":{"rendered":"https:\/\/bpprzasnysz.pl\/?p=34378"},"modified":"2025-01-28T13:52:56","modified_gmt":"2025-01-28T12:52:56","slug":"ferie-z-lego","status":"publish","type":"post","link":"https:\/\/bpprzasnysz.pl\/en\/ferie-z-lego\/","title":{"rendered":"FERIE Z LEGO"},"content":{"rendered":"\n<p>Ju\u017c od najbli\u017cszego poniedzia\u0142ku zapraszamy dzieci powy\u017cej 6. roku \u017cycia na Ferie z LEGO. Zaj\u0119cia b\u0119d\u0105 si\u0119 odbywa\u0142y w godzinach 10.00-13.00 w Czytelni Biblioteki Pedagogicznej przy ul. Szpitalnej 10. Zach\u0119camy do zapoznania si\u0119 z <a href=\"https:\/\/bpprzasnysz.pl\/wp-content\/uploads\/sites\/56\/2025\/01\/Regulamin_ferie.pdf\">REGULAMINEM<\/a>.<\/p>\n\n\n\n<figure class=\"wp-block-gallery has-nested-images columns-default is-cropped wp-block-gallery-1 is-layout-flex wp-block-gallery-is-layout-flex\">\n<figure class=\"wp-block-image size-large\"><a href=\"https:\/\/bpprzasnysz.pl\/wp-content\/uploads\/sites\/56\/2025\/01\/ferie_plakat-1.jpg\"><img loading=\"lazy\" decoding=\"async\" width=\"424\" height=\"600\" data-id=\"34393\" src=\"https:\/\/bpprzasnysz.pl\/wp-content\/uploads\/sites\/56\/2025\/01\/ferie_plakat-1.jpg\" alt=\"\" class=\"wp-image-34393\" srcset=\"https:\/\/bpprzasnysz.pl\/wp-content\/uploads\/sites\/56\/2025\/01\/ferie_plakat-1.jpg 424w, https:\/\/bpprzasnysz.pl\/wp-content\/uploads\/sites\/56\/2025\/01\/ferie_plakat-1-212x300.jpg 212w, https:\/\/bpprzasnysz.pl\/wp-content\/uploads\/sites\/56\/2025\/01\/ferie_plakat-1-17x24.jpg 17w, https:\/\/bpprzasnysz.pl\/wp-content\/uploads\/sites\/56\/2025\/01\/ferie_plakat-1-25x36.jpg 25w, https:\/\/bpprzasnysz.pl\/wp-content\/uploads\/sites\/56\/2025\/01\/ferie_plakat-1-34x48.jpg 34w\" sizes=\"auto, (max-width: 424px) 100vw, 424px\" \/><\/a><\/figure>\n<\/figure>\n","protected":false},"excerpt":{"rendered":"<p>Ju\u017c od najbli\u017cszego poniedzia\u0142ku zapraszamy dzieci powy\u017cej 6. roku \u017cycia na Ferie z LEGO. Zaj\u0119cia b\u0119d\u0105 si\u0119 odbywa\u0142y w godzinach [&hellip;]<\/p>\n","protected":false},"author":1285,"featured_media":34393,"comment_status":"closed","ping_status":"closed","sticky":false,"template":"","format":"standard","meta":{"_acf_changed":false,"_oasis_is_in_workflow":0,"_oasis_original":0,"inline_featured_image":false,"site-sidebar-layout":"default","site-content-layout":"","ast-site-content-layout":"default","site-content-style":"default","site-sidebar-style":"default","ast-global-header-display":"","ast-banner-title-visibility":"","ast-main-header-display":"","ast-hfb-above-header-display":"","ast-hfb-below-header-display":"","ast-hfb-mobile-header-display":"","site-post-title":"","ast-breadcrumbs-content":"","ast-featured-img":"","footer-sml-layout":"","ast-disable-related-posts":"","theme-transparent-header-meta":"","adv-header-id-meta":"","stick-header-meta":"","header-above-stick-meta":"","header-main-stick-meta":"","header-below-stick-meta":"","astra-migrate-meta-layouts":"set","ast-page-background-enabled":"default","ast-page-background-meta":{"desktop":{"background-color":"","background-image":"","background-repeat":"repeat","background-position":"center center","background-size":"auto","background-attachment":"scroll","background-type":"","background-media":"","overlay-type":"","overlay-color":"","overlay-opacity":"","overlay-gradient":""},"tablet":{"background-color":"","background-image":"","background-repeat":"repeat","background-position":"center center","background-size":"auto","background-attachment":"scroll","background-type":"","background-media":"","overlay-type":"","overlay-color":"","overlay-opacity":"","overlay-gradient":""},"mobile":{"background-color":"","background-image":"","background-repeat":"repeat","background-position":"center center","background-size":"auto","background-attachment":"scroll","background-type":"","background-media":"","overlay-type":"","overlay-color":"","overlay-opacity":"","overlay-gradient":""}},"ast-content-background-meta":{"desktop":{"background-color":"var(--ast-global-color-5)","background-image":"","background-repeat":"repeat","background-position":"center center","background-size":"auto","background-attachment":"scroll","background-type":"","background-media":"","overlay-type":"","overlay-color":"","overlay-opacity":"","overlay-gradient":""},"tablet":{"background-color":"var(--ast-global-color-5)","background-image":"","background-repeat":"repeat","background-position":"center center","background-size":"auto","background-attachment":"scroll","background-type":"","background-media":"","overlay-type":"","overlay-color":"","overlay-opacity":"","overlay-gradient":""},"mobile":{"background-color":"var(--ast-global-color-5)","background-image":"","background-repeat":"repeat","background-position":"center center","background-size":"auto","background-attachment":"scroll","background-type":"","background-media":"","overlay-type":"","overlay-color":"","overlay-opacity":"","overlay-gradient":""}},"_themeisle_gutenberg_block_has_review":false,"footnotes":""},"categories":[169,136],"tags":[],"class_list":["post-34378","post","type-post","status-publish","format-standard","has-post-thumbnail","hentry","category-169","category-aktualnosci"],"acf":[],"featured_image_urls_v2":{"full":["https:\/\/bpprzasnysz.pl\/wp-content\/uploads\/sites\/56\/2025\/01\/ferie_plakat-1.jpg",424,600,false],"thumbnail":["https:\/\/bpprzasnysz.pl\/wp-content\/uploads\/sites\/56\/2025\/01\/ferie_plakat-1-150x150.jpg",150,150,true],"medium":["https:\/\/bpprzasnysz.pl\/wp-content\/uploads\/sites\/56\/2025\/01\/ferie_plakat-1-212x300.jpg",212,300,true],"medium_large":["https:\/\/bpprzasnysz.pl\/wp-content\/uploads\/sites\/56\/2025\/01\/ferie_plakat-1.jpg",424,600,false],"large":["https:\/\/bpprzasnysz.pl\/wp-content\/uploads\/sites\/56\/2025\/01\/ferie_plakat-1.jpg",424,600,false],"1536x1536":["https:\/\/bpprzasnysz.pl\/wp-content\/uploads\/sites\/56\/2025\/01\/ferie_plakat-1.jpg",424,600,false],"2048x2048":["https:\/\/bpprzasnysz.pl\/wp-content\/uploads\/sites\/56\/2025\/01\/ferie_plakat-1.jpg",424,600,false],"menu-24x24":["https:\/\/bpprzasnysz.pl\/wp-content\/uploads\/sites\/56\/2025\/01\/ferie_plakat-1-17x24.jpg",17,24,true],"menu-36x36":["https:\/\/bpprzasnysz.pl\/wp-content\/uploads\/sites\/56\/2025\/01\/ferie_plakat-1-25x36.jpg",25,36,true],"menu-48x48":["https:\/\/bpprzasnysz.pl\/wp-content\/uploads\/sites\/56\/2025\/01\/ferie_plakat-1-34x48.jpg",34,48,true]},"post_excerpt_stackable_v2":"<p>Ju\u017c od najbli\u017cszego poniedzia\u0142ku zapraszamy dzieci powy\u017cej 6. roku \u017cycia na Ferie z LEGO. Zaj\u0119cia b\u0119d\u0105 si\u0119 odbywa\u0142y w godzinach 10.00-13.00 w Czytelni Biblioteki Pedagogicznej przy ul. Szpitalnej 10. Zach\u0119camy do zapoznania si\u0119 z REGULAMINEM.<\/p>\n","category_list_v2":"<a href=\"https:\/\/bpprzasnysz.pl\/uk\/category\/2025\/\" rel=\"category tag\">2025<\/a>, <a href=\"https:\/\/bpprzasnysz.pl\/ru\/category\/aktualnosci\/\" rel=\"category tag\">Aktualno\u015bci<\/a>","author_info_v2":{"name":"Luiza Dawidziuk","url":"https:\/\/bpprzasnysz.pl\/en\/author\/luizad\/"},"comments_num_v2":"0 comments","_links":{"self":[{"href":"https:\/\/bpprzasnysz.pl\/en\/wp-json\/wp\/v2\/posts\/34378","targetHints":{"allow":["GET"]}}],"collection":[{"href":"https:\/\/bpprzasnysz.pl\/en\/wp-json\/wp\/v2\/posts"}],"about":[{"href":"https:\/\/bpprzasnysz.pl\/en\/wp-json\/wp\/v2\/types\/post"}],"author":[{"embeddable":true,"href":"https:\/\/bpprzasnysz.pl\/en\/wp-json\/wp\/v2\/users\/1285"}],"replies":[{"embeddable":true,"href":"https:\/\/bpprzasnysz.pl\/en\/wp-json\/wp\/v2\/comments?post=34378"}],"version-history":[{"count":6,"href":"https:\/\/bpprzasnysz.pl\/en\/wp-json\/wp\/v2\/posts\/34378\/revisions"}],"predecessor-version":[{"id":34432,"href":"https:\/\/bpprzasnysz.pl\/en\/wp-json\/wp\/v2\/posts\/34378\/revisions\/34432"}],"wp:featuredmedia":[{"embeddable":true,"href":"https:\/\/bpprzasnysz.pl\/en\/wp-json\/wp\/v2\/media\/34393"}],"wp:attachment":[{"href":"https:\/\/bpprzasnysz.pl\/en\/wp-json\/wp\/v2\/media?parent=34378"}],"wp:term":[{"taxonomy":"category","embeddable":true,"href":"https:\/\/bpprzasnysz.pl\/en\/wp-json\/wp\/v2\/categories?post=34378"},{"taxonomy":"post_tag","embeddable":true,"href":"https:\/\/bpprzasnysz.pl\/en\/wp-json\/wp\/v2\/tags?post=34378"}],"curies":[{"name":"wp","href":"https:\/\/api.w.org\/{rel}","templated":true}]}}