{"id":3606,"date":"2021-09-13T12:22:11","date_gmt":"2021-09-13T10:22:11","guid":{"rendered":"http:\/\/www.bpprzasnysz.pl\/?p=3606"},"modified":"2022-08-31T12:42:04","modified_gmt":"2022-08-31T10:42:04","slug":"zmiana-godzin-pracy","status":"publish","type":"post","link":"https:\/\/bpprzasnysz.pl\/en\/zmiana-godzin-pracy\/","title":{"rendered":"Zmiana godzin pracy"},"content":{"rendered":"<p style=\"text-align: center\">Informujemy o zmienionych godzinach pracy biblioteki w dniach 14 i 15 wrze\u015bnia 2021. Szczeg\u00f3\u0142y na poni\u017cszym plakacie:<br \/>\n<a href=\"https:\/\/bpprzasnysz.pl\/wp-content\/uploads\/sites\/56\/2021\/09\/Biblioteka-Pedagogiczna-w-Przasnyszu-2.png\"><img loading=\"lazy\" decoding=\"async\" class=\"alignnone size-medium wp-image-3607\" src=\"https:\/\/bpprzasnysz.pl\/wp-content\/uploads\/sites\/56\/2021\/09\/Biblioteka-Pedagogiczna-w-Przasnyszu-2-212x300.png\" alt=\"\" width=\"212\" height=\"300\" srcset=\"https:\/\/bpprzasnysz.pl\/wp-content\/uploads\/sites\/56\/2021\/09\/Biblioteka-Pedagogiczna-w-Przasnyszu-2-212x300.png 212w, https:\/\/bpprzasnysz.pl\/wp-content\/uploads\/sites\/56\/2021\/09\/Biblioteka-Pedagogiczna-w-Przasnyszu-2-724x1024.png 724w, https:\/\/bpprzasnysz.pl\/wp-content\/uploads\/sites\/56\/2021\/09\/Biblioteka-Pedagogiczna-w-Przasnyszu-2-768x1086.png 768w, https:\/\/bpprzasnysz.pl\/wp-content\/uploads\/sites\/56\/2021\/09\/Biblioteka-Pedagogiczna-w-Przasnyszu-2-1086x1536.png 1086w, https:\/\/bpprzasnysz.pl\/wp-content\/uploads\/sites\/56\/2021\/09\/Biblioteka-Pedagogiczna-w-Przasnyszu-2-1320x1867.png 1320w, https:\/\/bpprzasnysz.pl\/wp-content\/uploads\/sites\/56\/2021\/09\/Biblioteka-Pedagogiczna-w-Przasnyszu-2-17x24.png 17w, https:\/\/bpprzasnysz.pl\/wp-content\/uploads\/sites\/56\/2021\/09\/Biblioteka-Pedagogiczna-w-Przasnyszu-2-25x36.png 25w, https:\/\/bpprzasnysz.pl\/wp-content\/uploads\/sites\/56\/2021\/09\/Biblioteka-Pedagogiczna-w-Przasnyszu-2-34x48.png 34w, https:\/\/bpprzasnysz.pl\/wp-content\/uploads\/sites\/56\/2021\/09\/Biblioteka-Pedagogiczna-w-Przasnyszu-2.png 1448w\" sizes=\"auto, (max-width: 212px) 100vw, 212px\" \/><\/a><\/p>\n","protected":false},"excerpt":{"rendered":"<p>Informujemy o zmienionych godzinach pracy biblioteki w dniach 14 i 15 wrze\u015bnia 2021. Szczeg\u00f3\u0142y na poni\u017cszym plakacie:<\/p>\n","protected":false},"author":1303,"featured_media":3607,"comment_status":"closed","ping_status":"closed","sticky":false,"template":"","format":"standard","meta":{"_acf_changed":false,"_oasis_is_in_workflow":0,"_oasis_original":0,"inline_featured_image":false,"site-sidebar-layout":"default","site-content-layout":"","ast-site-content-layout":"default","site-content-style":"default","site-sidebar-style":"default","ast-global-header-display":"","ast-banner-title-visibility":"","ast-main-header-display":"","ast-hfb-above-header-display":"","ast-hfb-below-header-display":"","ast-hfb-mobile-header-display":"","site-post-title":"","ast-breadcrumbs-content":"","ast-featured-img":"","footer-sml-layout":"","ast-disable-related-posts":"","theme-transparent-header-meta":"","adv-header-id-meta":"","stick-header-meta":"","header-above-stick-meta":"","header-main-stick-meta":"","header-below-stick-meta":"","astra-migrate-meta-layouts":"default","ast-page-background-enabled":"default","ast-page-background-meta":{"desktop":{"background-color":"","background-image":"","background-repeat":"repeat","background-position":"center center","background-size":"auto","background-attachment":"scroll","background-type":"","background-media":"","overlay-type":"","overlay-color":"","overlay-opacity":"","overlay-gradient":""},"tablet":{"background-color":"","background-image":"","background-repeat":"repeat","background-position":"center center","background-size":"auto","background-attachment":"scroll","background-type":"","background-media":"","overlay-type":"","overlay-color":"","overlay-opacity":"","overlay-gradient":""},"mobile":{"background-color":"","background-image":"","background-repeat":"repeat","background-position":"center center","background-size":"auto","background-attachment":"scroll","background-type":"","background-media":"","overlay-type":"","overlay-color":"","overlay-opacity":"","overlay-gradient":""}},"ast-content-background-meta":{"desktop":{"background-color":"var(--ast-global-color-5)","background-image":"","background-repeat":"repeat","background-position":"center center","background-size":"auto","background-attachment":"scroll","background-type":"","background-media":"","overlay-type":"","overlay-color":"","overlay-opacity":"","overlay-gradient":""},"tablet":{"background-color":"var(--ast-global-color-5)","background-image":"","background-repeat":"repeat","background-position":"center center","background-size":"auto","background-attachment":"scroll","background-type":"","background-media":"","overlay-type":"","overlay-color":"","overlay-opacity":"","overlay-gradient":""},"mobile":{"background-color":"var(--ast-global-color-5)","background-image":"","background-repeat":"repeat","background-position":"center center","background-size":"auto","background-attachment":"scroll","background-type":"","background-media":"","overlay-type":"","overlay-color":"","overlay-opacity":"","overlay-gradient":""}},"_themeisle_gutenberg_block_has_review":false,"footnotes":""},"categories":[44],"tags":[],"class_list":["post-3606","post","type-post","status-publish","format-standard","has-post-thumbnail","hentry","category-44"],"acf":[],"featured_image_urls_v2":{"full":["https:\/\/bpprzasnysz.pl\/wp-content\/uploads\/sites\/56\/2021\/09\/Biblioteka-Pedagogiczna-w-Przasnyszu-2.png",1448,2048,false],"thumbnail":["https:\/\/bpprzasnysz.pl\/wp-content\/uploads\/sites\/56\/2021\/09\/Biblioteka-Pedagogiczna-w-Przasnyszu-2-150x150.png",150,150,true],"medium":["https:\/\/bpprzasnysz.pl\/wp-content\/uploads\/sites\/56\/2021\/09\/Biblioteka-Pedagogiczna-w-Przasnyszu-2-212x300.png",212,300,true],"medium_large":["https:\/\/bpprzasnysz.pl\/wp-content\/uploads\/sites\/56\/2021\/09\/Biblioteka-Pedagogiczna-w-Przasnyszu-2-768x1086.png",768,1086,true],"large":["https:\/\/bpprzasnysz.pl\/wp-content\/uploads\/sites\/56\/2021\/09\/Biblioteka-Pedagogiczna-w-Przasnyszu-2-724x1024.png",724,1024,true],"1536x1536":["https:\/\/bpprzasnysz.pl\/wp-content\/uploads\/sites\/56\/2021\/09\/Biblioteka-Pedagogiczna-w-Przasnyszu-2-1086x1536.png",1086,1536,true],"2048x2048":["https:\/\/bpprzasnysz.pl\/wp-content\/uploads\/sites\/56\/2021\/09\/Biblioteka-Pedagogiczna-w-Przasnyszu-2.png",1448,2048,false],"menu-24x24":["https:\/\/bpprzasnysz.pl\/wp-content\/uploads\/sites\/56\/2021\/09\/Biblioteka-Pedagogiczna-w-Przasnyszu-2-17x24.png",17,24,true],"menu-36x36":["https:\/\/bpprzasnysz.pl\/wp-content\/uploads\/sites\/56\/2021\/09\/Biblioteka-Pedagogiczna-w-Przasnyszu-2-25x36.png",25,36,true],"menu-48x48":["https:\/\/bpprzasnysz.pl\/wp-content\/uploads\/sites\/56\/2021\/09\/Biblioteka-Pedagogiczna-w-Przasnyszu-2-34x48.png",34,48,true]},"post_excerpt_stackable_v2":"<p>Informujemy o zmienionych godzinach pracy biblioteki w dniach 14 i 15 wrze\u015bnia 2021. Szczeg\u00f3\u0142y na poni\u017cszym plakacie:<\/p>\n","category_list_v2":"<a href=\"https:\/\/bpprzasnysz.pl\/category\/2021\/\" rel=\"category tag\">2021<\/a>","author_info_v2":{"name":"Aneta Dobrzy\u0144ska","url":"https:\/\/bpprzasnysz.pl\/en\/author\/anetad\/"},"comments_num_v2":"0 comments","_links":{"self":[{"href":"https:\/\/bpprzasnysz.pl\/en\/wp-json\/wp\/v2\/posts\/3606","targetHints":{"allow":["GET"]}}],"collection":[{"href":"https:\/\/bpprzasnysz.pl\/en\/wp-json\/wp\/v2\/posts"}],"about":[{"href":"https:\/\/bpprzasnysz.pl\/en\/wp-json\/wp\/v2\/types\/post"}],"author":[{"embeddable":true,"href":"https:\/\/bpprzasnysz.pl\/en\/wp-json\/wp\/v2\/users\/1303"}],"replies":[{"embeddable":true,"href":"https:\/\/bpprzasnysz.pl\/en\/wp-json\/wp\/v2\/comments?post=3606"}],"version-history":[{"count":0,"href":"https:\/\/bpprzasnysz.pl\/en\/wp-json\/wp\/v2\/posts\/3606\/revisions"}],"wp:featuredmedia":[{"embeddable":true,"href":"https:\/\/bpprzasnysz.pl\/en\/wp-json\/wp\/v2\/media\/3607"}],"wp:attachment":[{"href":"https:\/\/bpprzasnysz.pl\/en\/wp-json\/wp\/v2\/media?parent=3606"}],"wp:term":[{"taxonomy":"category","embeddable":true,"href":"https:\/\/bpprzasnysz.pl\/en\/wp-json\/wp\/v2\/categories?post=3606"},{"taxonomy":"post_tag","embeddable":true,"href":"https:\/\/bpprzasnysz.pl\/en\/wp-json\/wp\/v2\/tags?post=3606"}],"curies":[{"name":"wp","href":"https:\/\/api.w.org\/{rel}","templated":true}]}}