{"id":36340,"date":"2025-06-09T16:28:39","date_gmt":"2025-06-09T14:28:39","guid":{"rendered":"https:\/\/bpprzasnysz.pl\/?p=36340"},"modified":"2025-06-09T16:28:43","modified_gmt":"2025-06-09T14:28:43","slug":"ogolnopolski-tydzien-czytania-dzieciom","status":"publish","type":"post","link":"https:\/\/bpprzasnysz.pl\/en\/ogolnopolski-tydzien-czytania-dzieciom\/","title":{"rendered":"OG\u00d3LNOPOLSKI TYDZIE\u0143 CZYTANIA DZIECIOM"},"content":{"rendered":"\n<p>Podczas XXIV Og\u00f3lnopolskiego Tygodnia Czytania Dzieciom nasza ambasadorka czytania &#8211; Agnieszka Leszczy\u0144ska &#8211; odwiedzi\u0142a cztery przasnyskie przedszkola: Przedszkole z klas\u0105, Niepubliczne Przedszkole &#8220;Kraina Gumisi\u00f3w&#8221;, Przedszkole \u201eThe Academy of Smurfs\u201d, Bajkowe Przedszkole. W akcji wzi\u0119\u0142o udzia\u0142 245 przedszkolak\u00f3w. Dzieci mia\u0142y okazj\u0119 wys\u0142ucha\u0107 m.in. historii \u201e\u0141o\u015b i biblioteka na k\u00f3\u0142kach\u201d Ingi Moore, \u201eMuminki szukaj\u0105 domu\u201d na podstawie pierwszej opowie\u015bci o Muminkach Tove Jansson, opowiadania \u201ePies\u201d z ksi\u0105\u017cki \u201eNa wszystko jest spos\u00f3b\u201d Renaty Pi\u0105tkowskiej oraz wybranych wierszy ze zbioru \u201e Wiersze\u201d Jana Brzechwy. Akcja ta by\u0142a wspania\u0142\u0105 okazj\u0105 do promowania czytelnictwa w\u015br\u00f3d najm\u0142odszych, rozwijania wyobra\u017ani, a tak\u017ce do budowania pozytywnych relacji, bo przecie\u017c \u201eCzytanie zbli\u017ca\u201d. Mimo, \u017ce oficjalny Tydzie\u0144 Czytania Dzieciom dobieg\u0142 ko\u0144ca, to u nas czytanie dzieciom trwa dalej w postaci cotygodniowych \u201ePoczytajek w przedszkolu\u201d, kiedy to w ka\u017cdy wtorek odwiedzamy przedszkole i czytamy najm\u0142odszym. Mamy nadziej\u0119, \u017ce te spotkania zostan\u0105 na d\u0142ugo w pami\u0119ci przedszkolak\u00f3w i zach\u0119c\u0105 je do si\u0119gania po ksi\u0105\u017cki w przysz\u0142o\u015bci.<\/p>\n\n\n\n<figure class=\"wp-block-image size-large\"><a href=\"https:\/\/bpprzasnysz.pl\/wp-content\/uploads\/sites\/56\/2025\/06\/czytanie.jpg\"><img loading=\"lazy\" decoding=\"async\" width=\"1024\" height=\"1024\" src=\"https:\/\/bpprzasnysz.pl\/wp-content\/uploads\/sites\/56\/2025\/06\/czytanie-1024x1024.jpg\" alt=\"\" class=\"wp-image-36343\" srcset=\"https:\/\/bpprzasnysz.pl\/wp-content\/uploads\/sites\/56\/2025\/06\/czytanie-1024x1024.jpg 1024w, https:\/\/bpprzasnysz.pl\/wp-content\/uploads\/sites\/56\/2025\/06\/czytanie-300x300.jpg 300w, https:\/\/bpprzasnysz.pl\/wp-content\/uploads\/sites\/56\/2025\/06\/czytanie-150x150.jpg 150w, https:\/\/bpprzasnysz.pl\/wp-content\/uploads\/sites\/56\/2025\/06\/czytanie-768x768.jpg 768w, https:\/\/bpprzasnysz.pl\/wp-content\/uploads\/sites\/56\/2025\/06\/czytanie-1536x1536.jpg 1536w, https:\/\/bpprzasnysz.pl\/wp-content\/uploads\/sites\/56\/2025\/06\/czytanie-24x24.jpg 24w, https:\/\/bpprzasnysz.pl\/wp-content\/uploads\/sites\/56\/2025\/06\/czytanie-36x36.jpg 36w, https:\/\/bpprzasnysz.pl\/wp-content\/uploads\/sites\/56\/2025\/06\/czytanie-48x48.jpg 48w, https:\/\/bpprzasnysz.pl\/wp-content\/uploads\/sites\/56\/2025\/06\/czytanie.jpg 2048w\" sizes=\"auto, (max-width: 1024px) 100vw, 1024px\" \/><\/a><\/figure>\n\n\n\n<p><\/p>\n","protected":false},"excerpt":{"rendered":"<p>Podczas XXIV Og\u00f3lnopolskiego Tygodnia Czytania Dzieciom nasza ambasadorka czytania &#8211; Agnieszka Leszczy\u0144ska &#8211; odwiedzi\u0142a cztery przasnyskie przedszkola: Przedszkole z klas\u0105, [&hellip;]<\/p>\n","protected":false},"author":1285,"featured_media":36343,"comment_status":"closed","ping_status":"closed","sticky":false,"template":"","format":"standard","meta":{"_acf_changed":false,"_oasis_is_in_workflow":0,"_oasis_original":0,"inline_featured_image":false,"site-sidebar-layout":"default","site-content-layout":"","ast-site-content-layout":"default","site-content-style":"default","site-sidebar-style":"default","ast-global-header-display":"","ast-banner-title-visibility":"","ast-main-header-display":"","ast-hfb-above-header-display":"","ast-hfb-below-header-display":"","ast-hfb-mobile-header-display":"","site-post-title":"","ast-breadcrumbs-content":"","ast-featured-img":"","footer-sml-layout":"","ast-disable-related-posts":"","theme-transparent-header-meta":"","adv-header-id-meta":"","stick-header-meta":"","header-above-stick-meta":"","header-main-stick-meta":"","header-below-stick-meta":"","astra-migrate-meta-layouts":"set","ast-page-background-enabled":"default","ast-page-background-meta":{"desktop":{"background-color":"","background-image":"","background-repeat":"repeat","background-position":"center center","background-size":"auto","background-attachment":"scroll","background-type":"","background-media":"","overlay-type":"","overlay-color":"","overlay-opacity":"","overlay-gradient":""},"tablet":{"background-color":"","background-image":"","background-repeat":"repeat","background-position":"center center","background-size":"auto","background-attachment":"scroll","background-type":"","background-media":"","overlay-type":"","overlay-color":"","overlay-opacity":"","overlay-gradient":""},"mobile":{"background-color":"","background-image":"","background-repeat":"repeat","background-position":"center center","background-size":"auto","background-attachment":"scroll","background-type":"","background-media":"","overlay-type":"","overlay-color":"","overlay-opacity":"","overlay-gradient":""}},"ast-content-background-meta":{"desktop":{"background-color":"var(--ast-global-color-5)","background-image":"","background-repeat":"repeat","background-position":"center center","background-size":"auto","background-attachment":"scroll","background-type":"","background-media":"","overlay-type":"","overlay-color":"","overlay-opacity":"","overlay-gradient":""},"tablet":{"background-color":"var(--ast-global-color-5)","background-image":"","background-repeat":"repeat","background-position":"center center","background-size":"auto","background-attachment":"scroll","background-type":"","background-media":"","overlay-type":"","overlay-color":"","overlay-opacity":"","overlay-gradient":""},"mobile":{"background-color":"var(--ast-global-color-5)","background-image":"","background-repeat":"repeat","background-position":"center center","background-size":"auto","background-attachment":"scroll","background-type":"","background-media":"","overlay-type":"","overlay-color":"","overlay-opacity":"","overlay-gradient":""}},"_themeisle_gutenberg_block_has_review":false,"footnotes":""},"categories":[169,136],"tags":[],"class_list":["post-36340","post","type-post","status-publish","format-standard","has-post-thumbnail","hentry","category-169","category-aktualnosci"],"acf":[],"featured_image_urls_v2":{"full":["https:\/\/bpprzasnysz.pl\/wp-content\/uploads\/sites\/56\/2025\/06\/czytanie.jpg",2048,2048,false],"thumbnail":["https:\/\/bpprzasnysz.pl\/wp-content\/uploads\/sites\/56\/2025\/06\/czytanie-150x150.jpg",150,150,true],"medium":["https:\/\/bpprzasnysz.pl\/wp-content\/uploads\/sites\/56\/2025\/06\/czytanie-300x300.jpg",300,300,true],"medium_large":["https:\/\/bpprzasnysz.pl\/wp-content\/uploads\/sites\/56\/2025\/06\/czytanie-768x768.jpg",768,768,true],"large":["https:\/\/bpprzasnysz.pl\/wp-content\/uploads\/sites\/56\/2025\/06\/czytanie-1024x1024.jpg",1024,1024,true],"1536x1536":["https:\/\/bpprzasnysz.pl\/wp-content\/uploads\/sites\/56\/2025\/06\/czytanie-1536x1536.jpg",1536,1536,true],"2048x2048":["https:\/\/bpprzasnysz.pl\/wp-content\/uploads\/sites\/56\/2025\/06\/czytanie.jpg",2048,2048,false],"menu-24x24":["https:\/\/bpprzasnysz.pl\/wp-content\/uploads\/sites\/56\/2025\/06\/czytanie-24x24.jpg",24,24,true],"menu-36x36":["https:\/\/bpprzasnysz.pl\/wp-content\/uploads\/sites\/56\/2025\/06\/czytanie-36x36.jpg",36,36,true],"menu-48x48":["https:\/\/bpprzasnysz.pl\/wp-content\/uploads\/sites\/56\/2025\/06\/czytanie-48x48.jpg",48,48,true]},"post_excerpt_stackable_v2":"<p>Podczas XXIV Og\u00f3lnopolskiego Tygodnia Czytania Dzieciom nasza ambasadorka czytania &#8211; Agnieszka Leszczy\u0144ska &#8211; odwiedzi\u0142a cztery przasnyskie przedszkola: Przedszkole z klas\u0105, Niepubliczne Przedszkole &#8220;Kraina Gumisi\u00f3w&#8221;, Przedszkole \u201eThe Academy of Smurfs\u201d, Bajkowe Przedszkole. W akcji wzi\u0119\u0142o udzia\u0142 245 przedszkolak\u00f3w. Dzieci mia\u0142y okazj\u0119 wys\u0142ucha\u0107 m.in. historii \u201e\u0141o\u015b i biblioteka na k\u00f3\u0142kach\u201d Ingi Moore, \u201eMuminki szukaj\u0105 domu\u201d na podstawie pierwszej opowie\u015bci o Muminkach Tove Jansson, opowiadania \u201ePies\u201d z ksi\u0105\u017cki \u201eNa wszystko jest spos\u00f3b\u201d Renaty Pi\u0105tkowskiej oraz wybranych wierszy ze zbioru \u201e Wiersze\u201d Jana Brzechwy. Akcja ta by\u0142a wspania\u0142\u0105 okazj\u0105 do promowania czytelnictwa w\u015br\u00f3d najm\u0142odszych, rozwijania wyobra\u017ani, a tak\u017ce do budowania pozytywnych relacji, bo przecie\u017c&hellip;<\/p>\n","category_list_v2":"<a href=\"https:\/\/bpprzasnysz.pl\/uk\/category\/2025\/\" rel=\"category tag\">2025<\/a>, <a href=\"https:\/\/bpprzasnysz.pl\/category\/aktualnosci\/\" rel=\"category tag\">Aktualno\u015bci<\/a>","author_info_v2":{"name":"Luiza Dawidziuk","url":"https:\/\/bpprzasnysz.pl\/en\/author\/luizad\/"},"comments_num_v2":"0 comments","_links":{"self":[{"href":"https:\/\/bpprzasnysz.pl\/en\/wp-json\/wp\/v2\/posts\/36340","targetHints":{"allow":["GET"]}}],"collection":[{"href":"https:\/\/bpprzasnysz.pl\/en\/wp-json\/wp\/v2\/posts"}],"about":[{"href":"https:\/\/bpprzasnysz.pl\/en\/wp-json\/wp\/v2\/types\/post"}],"author":[{"embeddable":true,"href":"https:\/\/bpprzasnysz.pl\/en\/wp-json\/wp\/v2\/users\/1285"}],"replies":[{"embeddable":true,"href":"https:\/\/bpprzasnysz.pl\/en\/wp-json\/wp\/v2\/comments?post=36340"}],"version-history":[{"count":2,"href":"https:\/\/bpprzasnysz.pl\/en\/wp-json\/wp\/v2\/posts\/36340\/revisions"}],"predecessor-version":[{"id":36358,"href":"https:\/\/bpprzasnysz.pl\/en\/wp-json\/wp\/v2\/posts\/36340\/revisions\/36358"}],"wp:featuredmedia":[{"embeddable":true,"href":"https:\/\/bpprzasnysz.pl\/en\/wp-json\/wp\/v2\/media\/36343"}],"wp:attachment":[{"href":"https:\/\/bpprzasnysz.pl\/en\/wp-json\/wp\/v2\/media?parent=36340"}],"wp:term":[{"taxonomy":"category","embeddable":true,"href":"https:\/\/bpprzasnysz.pl\/en\/wp-json\/wp\/v2\/categories?post=36340"},{"taxonomy":"post_tag","embeddable":true,"href":"https:\/\/bpprzasnysz.pl\/en\/wp-json\/wp\/v2\/tags?post=36340"}],"curies":[{"name":"wp","href":"https:\/\/api.w.org\/{rel}","templated":true}]}}