{"id":3664,"date":"2021-11-17T13:01:44","date_gmt":"2021-11-17T12:01:44","guid":{"rendered":"http:\/\/www.bpprzasnysz.pl\/?p=3664"},"modified":"2022-08-31T12:56:20","modified_gmt":"2022-08-31T10:56:20","slug":"warsztaty-z-psychologiem","status":"publish","type":"post","link":"https:\/\/bpprzasnysz.pl\/en\/warsztaty-z-psychologiem\/","title":{"rendered":"Warsztaty z psychologiem"},"content":{"rendered":"<p>\u00a0<\/p>\n<p style=\"text-align: center\">16 listopada 2021 roku odby\u0142y si\u0119\u00a0<b>warsztaty\u00a0<\/b>dla nauczycieli<b>\u00a0&#8220;Nauczyciel<br \/>w trudnych czasach &#8211; od r\u00f3wni pochy\u0142ej do r\u00f3wnowagi&#8221;\u00a0<\/b>z psychologiem\u00a0<b>Olg\u0105 Siedleck\u0105-Pe\u0142k\u0105.<\/b>\u00a0Spotkaniu towarzyszy\u0142a wystawa literatury pedagogicznej\u00a0<b>&#8220;Nauczyciel w dzisiejszych czasach&#8221;<\/b>. Dzi\u0119kujemy prowadz\u0105cej za przeprowadzenie profesjonalnego warsztatu oraz ogromn\u0105 dawk\u0119 motywacji\ud83d\ude0a<br \/><i><b>&#8220;Dbanie o siebie to dawanie \u015bwiatu tego, co w Tobie najlepsze zamiast tego, co z Ciebie zosta\u0142o&#8221;\u00a0<\/b>Katie Reed.<\/i><\/p>\n<p>\u00a0<\/p>\n\n\n<figure class=\"wp-block-gallery has-nested-images columns-default is-cropped wp-block-gallery-1 is-layout-flex wp-block-gallery-is-layout-flex\">\n<figure class=\"wp-block-image size-large\"><img loading=\"lazy\" decoding=\"async\" width=\"572\" height=\"1024\" data-id=\"23949\" src=\"https:\/\/bpprzasnysz.pl\/wp-content\/uploads\/sites\/56\/2021\/11\/pelka-1-572x1024-1.jpg\" alt=\"\" class=\"wp-image-23949\" srcset=\"https:\/\/bpprzasnysz.pl\/wp-content\/uploads\/sites\/56\/2021\/11\/pelka-1-572x1024-1.jpg 572w, https:\/\/bpprzasnysz.pl\/wp-content\/uploads\/sites\/56\/2021\/11\/pelka-1-572x1024-1-168x300.jpg 168w, https:\/\/bpprzasnysz.pl\/wp-content\/uploads\/sites\/56\/2021\/11\/pelka-1-572x1024-1-13x24.jpg 13w, https:\/\/bpprzasnysz.pl\/wp-content\/uploads\/sites\/56\/2021\/11\/pelka-1-572x1024-1-20x36.jpg 20w, https:\/\/bpprzasnysz.pl\/wp-content\/uploads\/sites\/56\/2021\/11\/pelka-1-572x1024-1-27x48.jpg 27w\" sizes=\"auto, (max-width: 572px) 100vw, 572px\" \/><\/figure>\n\n\n\n<figure class=\"wp-block-image size-large\"><img loading=\"lazy\" decoding=\"async\" width=\"1024\" height=\"683\" data-id=\"23952\" src=\"https:\/\/bpprzasnysz.pl\/wp-content\/uploads\/sites\/56\/2021\/11\/IMG_3471-1024x683-1.jpg\" alt=\"\" class=\"wp-image-23952\" srcset=\"https:\/\/bpprzasnysz.pl\/wp-content\/uploads\/sites\/56\/2021\/11\/IMG_3471-1024x683-1.jpg 1024w, https:\/\/bpprzasnysz.pl\/wp-content\/uploads\/sites\/56\/2021\/11\/IMG_3471-1024x683-1-300x200.jpg 300w, https:\/\/bpprzasnysz.pl\/wp-content\/uploads\/sites\/56\/2021\/11\/IMG_3471-1024x683-1-768x512.jpg 768w, https:\/\/bpprzasnysz.pl\/wp-content\/uploads\/sites\/56\/2021\/11\/IMG_3471-1024x683-1-24x16.jpg 24w, https:\/\/bpprzasnysz.pl\/wp-content\/uploads\/sites\/56\/2021\/11\/IMG_3471-1024x683-1-36x24.jpg 36w, https:\/\/bpprzasnysz.pl\/wp-content\/uploads\/sites\/56\/2021\/11\/IMG_3471-1024x683-1-48x32.jpg 48w\" sizes=\"auto, (max-width: 1024px) 100vw, 1024px\" \/><\/figure>\n\n\n\n<figure class=\"wp-block-image size-large\"><img loading=\"lazy\" decoding=\"async\" width=\"1024\" height=\"739\" data-id=\"23955\" src=\"https:\/\/bpprzasnysz.pl\/wp-content\/uploads\/sites\/56\/2021\/11\/pelka-3-1024x739-1.jpg\" alt=\"\" class=\"wp-image-23955\" srcset=\"https:\/\/bpprzasnysz.pl\/wp-content\/uploads\/sites\/56\/2021\/11\/pelka-3-1024x739-1.jpg 1024w, https:\/\/bpprzasnysz.pl\/wp-content\/uploads\/sites\/56\/2021\/11\/pelka-3-1024x739-1-300x217.jpg 300w, https:\/\/bpprzasnysz.pl\/wp-content\/uploads\/sites\/56\/2021\/11\/pelka-3-1024x739-1-768x554.jpg 768w, https:\/\/bpprzasnysz.pl\/wp-content\/uploads\/sites\/56\/2021\/11\/pelka-3-1024x739-1-24x17.jpg 24w, https:\/\/bpprzasnysz.pl\/wp-content\/uploads\/sites\/56\/2021\/11\/pelka-3-1024x739-1-36x26.jpg 36w, https:\/\/bpprzasnysz.pl\/wp-content\/uploads\/sites\/56\/2021\/11\/pelka-3-1024x739-1-48x35.jpg 48w\" sizes=\"auto, (max-width: 1024px) 100vw, 1024px\" \/><\/figure>\n\n\n\n<figure class=\"wp-block-image size-large\"><img loading=\"lazy\" decoding=\"async\" width=\"761\" height=\"1024\" data-id=\"23958\" src=\"https:\/\/bpprzasnysz.pl\/wp-content\/uploads\/sites\/56\/2021\/11\/siedlecka-22-761x1024-1.jpg\" alt=\"\" class=\"wp-image-23958\" srcset=\"https:\/\/bpprzasnysz.pl\/wp-content\/uploads\/sites\/56\/2021\/11\/siedlecka-22-761x1024-1.jpg 761w, https:\/\/bpprzasnysz.pl\/wp-content\/uploads\/sites\/56\/2021\/11\/siedlecka-22-761x1024-1-223x300.jpg 223w, https:\/\/bpprzasnysz.pl\/wp-content\/uploads\/sites\/56\/2021\/11\/siedlecka-22-761x1024-1-18x24.jpg 18w, https:\/\/bpprzasnysz.pl\/wp-content\/uploads\/sites\/56\/2021\/11\/siedlecka-22-761x1024-1-27x36.jpg 27w, https:\/\/bpprzasnysz.pl\/wp-content\/uploads\/sites\/56\/2021\/11\/siedlecka-22-761x1024-1-36x48.jpg 36w\" sizes=\"auto, (max-width: 761px) 100vw, 761px\" \/><\/figure>\n\n\n\n<figure class=\"wp-block-image size-large\"><img loading=\"lazy\" decoding=\"async\" width=\"1024\" height=\"683\" data-id=\"23962\" src=\"https:\/\/bpprzasnysz.pl\/wp-content\/uploads\/sites\/56\/2021\/11\/IMG_3473-1024x683-1.jpg\" alt=\"\" class=\"wp-image-23962\" srcset=\"https:\/\/bpprzasnysz.pl\/wp-content\/uploads\/sites\/56\/2021\/11\/IMG_3473-1024x683-1.jpg 1024w, https:\/\/bpprzasnysz.pl\/wp-content\/uploads\/sites\/56\/2021\/11\/IMG_3473-1024x683-1-300x200.jpg 300w, https:\/\/bpprzasnysz.pl\/wp-content\/uploads\/sites\/56\/2021\/11\/IMG_3473-1024x683-1-768x512.jpg 768w, https:\/\/bpprzasnysz.pl\/wp-content\/uploads\/sites\/56\/2021\/11\/IMG_3473-1024x683-1-24x16.jpg 24w, https:\/\/bpprzasnysz.pl\/wp-content\/uploads\/sites\/56\/2021\/11\/IMG_3473-1024x683-1-36x24.jpg 36w, https:\/\/bpprzasnysz.pl\/wp-content\/uploads\/sites\/56\/2021\/11\/IMG_3473-1024x683-1-48x32.jpg 48w\" sizes=\"auto, (max-width: 1024px) 100vw, 1024px\" \/><\/figure>\n\n\n\n<figure class=\"wp-block-image size-large\"><img loading=\"lazy\" decoding=\"async\" width=\"1024\" height=\"683\" data-id=\"23965\" src=\"https:\/\/bpprzasnysz.pl\/wp-content\/uploads\/sites\/56\/2021\/11\/IMG_3472-1024x683-1.jpg\" alt=\"\" class=\"wp-image-23965\" srcset=\"https:\/\/bpprzasnysz.pl\/wp-content\/uploads\/sites\/56\/2021\/11\/IMG_3472-1024x683-1.jpg 1024w, https:\/\/bpprzasnysz.pl\/wp-content\/uploads\/sites\/56\/2021\/11\/IMG_3472-1024x683-1-300x200.jpg 300w, https:\/\/bpprzasnysz.pl\/wp-content\/uploads\/sites\/56\/2021\/11\/IMG_3472-1024x683-1-768x512.jpg 768w, https:\/\/bpprzasnysz.pl\/wp-content\/uploads\/sites\/56\/2021\/11\/IMG_3472-1024x683-1-24x16.jpg 24w, https:\/\/bpprzasnysz.pl\/wp-content\/uploads\/sites\/56\/2021\/11\/IMG_3472-1024x683-1-36x24.jpg 36w, https:\/\/bpprzasnysz.pl\/wp-content\/uploads\/sites\/56\/2021\/11\/IMG_3472-1024x683-1-48x32.jpg 48w\" sizes=\"auto, (max-width: 1024px) 100vw, 1024px\" \/><\/figure>\n\n\n\n<figure class=\"wp-block-image size-large\"><img loading=\"lazy\" decoding=\"async\" width=\"1024\" height=\"1024\" data-id=\"23968\" src=\"https:\/\/bpprzasnysz.pl\/wp-content\/uploads\/sites\/56\/2021\/11\/pelka-1024x1024-1.jpg\" alt=\"\" class=\"wp-image-23968\" srcset=\"https:\/\/bpprzasnysz.pl\/wp-content\/uploads\/sites\/56\/2021\/11\/pelka-1024x1024-1.jpg 1024w, https:\/\/bpprzasnysz.pl\/wp-content\/uploads\/sites\/56\/2021\/11\/pelka-1024x1024-1-300x300.jpg 300w, https:\/\/bpprzasnysz.pl\/wp-content\/uploads\/sites\/56\/2021\/11\/pelka-1024x1024-1-150x150.jpg 150w, https:\/\/bpprzasnysz.pl\/wp-content\/uploads\/sites\/56\/2021\/11\/pelka-1024x1024-1-768x768.jpg 768w, https:\/\/bpprzasnysz.pl\/wp-content\/uploads\/sites\/56\/2021\/11\/pelka-1024x1024-1-75x75.jpg 75w, https:\/\/bpprzasnysz.pl\/wp-content\/uploads\/sites\/56\/2021\/11\/pelka-1024x1024-1-24x24.jpg 24w, https:\/\/bpprzasnysz.pl\/wp-content\/uploads\/sites\/56\/2021\/11\/pelka-1024x1024-1-36x36.jpg 36w, https:\/\/bpprzasnysz.pl\/wp-content\/uploads\/sites\/56\/2021\/11\/pelka-1024x1024-1-48x48.jpg 48w\" sizes=\"auto, (max-width: 1024px) 100vw, 1024px\" \/><\/figure>\n<\/figure>\n","protected":false},"excerpt":{"rendered":"<p>\u00a0 16 listopada 2021 roku odby\u0142y si\u0119\u00a0warsztaty\u00a0dla nauczycieli\u00a0&#8220;Nauczycielw trudnych czasach &#8211; od r\u00f3wni pochy\u0142ej do r\u00f3wnowagi&#8221;\u00a0z psychologiem\u00a0Olg\u0105 Siedleck\u0105-Pe\u0142k\u0105.\u00a0Spotkaniu towarzyszy\u0142a wystawa [&hellip;]<\/p>\n","protected":false},"author":1303,"featured_media":3671,"comment_status":"closed","ping_status":"closed","sticky":false,"template":"","format":"standard","meta":{"_acf_changed":false,"_oasis_is_in_workflow":0,"_oasis_original":0,"inline_featured_image":false,"site-sidebar-layout":"default","site-content-layout":"","ast-site-content-layout":"default","site-content-style":"default","site-sidebar-style":"default","ast-global-header-display":"","ast-banner-title-visibility":"","ast-main-header-display":"","ast-hfb-above-header-display":"","ast-hfb-below-header-display":"","ast-hfb-mobile-header-display":"","site-post-title":"","ast-breadcrumbs-content":"","ast-featured-img":"","footer-sml-layout":"","ast-disable-related-posts":"","theme-transparent-header-meta":"","adv-header-id-meta":"","stick-header-meta":"","header-above-stick-meta":"","header-main-stick-meta":"","header-below-stick-meta":"","astra-migrate-meta-layouts":"default","ast-page-background-enabled":"default","ast-page-background-meta":{"desktop":{"background-color":"","background-image":"","background-repeat":"repeat","background-position":"center center","background-size":"auto","background-attachment":"scroll","background-type":"","background-media":"","overlay-type":"","overlay-color":"","overlay-opacity":"","overlay-gradient":""},"tablet":{"background-color":"","background-image":"","background-repeat":"repeat","background-position":"center center","background-size":"auto","background-attachment":"scroll","background-type":"","background-media":"","overlay-type":"","overlay-color":"","overlay-opacity":"","overlay-gradient":""},"mobile":{"background-color":"","background-image":"","background-repeat":"repeat","background-position":"center center","background-size":"auto","background-attachment":"scroll","background-type":"","background-media":"","overlay-type":"","overlay-color":"","overlay-opacity":"","overlay-gradient":""}},"ast-content-background-meta":{"desktop":{"background-color":"var(--ast-global-color-5)","background-image":"","background-repeat":"repeat","background-position":"center center","background-size":"auto","background-attachment":"scroll","background-type":"","background-media":"","overlay-type":"","overlay-color":"","overlay-opacity":"","overlay-gradient":""},"tablet":{"background-color":"var(--ast-global-color-5)","background-image":"","background-repeat":"repeat","background-position":"center center","background-size":"auto","background-attachment":"scroll","background-type":"","background-media":"","overlay-type":"","overlay-color":"","overlay-opacity":"","overlay-gradient":""},"mobile":{"background-color":"var(--ast-global-color-5)","background-image":"","background-repeat":"repeat","background-position":"center center","background-size":"auto","background-attachment":"scroll","background-type":"","background-media":"","overlay-type":"","overlay-color":"","overlay-opacity":"","overlay-gradient":""}},"_themeisle_gutenberg_block_has_review":false,"footnotes":""},"categories":[44],"tags":[],"class_list":["post-3664","post","type-post","status-publish","format-standard","has-post-thumbnail","hentry","category-44"],"acf":[],"featured_image_urls_v2":{"full":["https:\/\/bpprzasnysz.pl\/wp-content\/uploads\/sites\/56\/2021\/11\/pelka-scaled.jpg",2560,2560,false],"thumbnail":["https:\/\/bpprzasnysz.pl\/wp-content\/uploads\/sites\/56\/2021\/11\/pelka-150x150.jpg",150,150,true],"medium":["https:\/\/bpprzasnysz.pl\/wp-content\/uploads\/sites\/56\/2021\/11\/pelka-300x300.jpg",300,300,true],"medium_large":["https:\/\/bpprzasnysz.pl\/wp-content\/uploads\/sites\/56\/2021\/11\/pelka-768x768.jpg",768,768,true],"large":["https:\/\/bpprzasnysz.pl\/wp-content\/uploads\/sites\/56\/2021\/11\/pelka-1024x1024.jpg",1024,1024,true],"1536x1536":["https:\/\/bpprzasnysz.pl\/wp-content\/uploads\/sites\/56\/2021\/11\/pelka-1536x1536.jpg",1536,1536,true],"2048x2048":["https:\/\/bpprzasnysz.pl\/wp-content\/uploads\/sites\/56\/2021\/11\/pelka-2048x2048.jpg",2048,2048,true],"menu-24x24":["https:\/\/bpprzasnysz.pl\/wp-content\/uploads\/sites\/56\/2021\/11\/pelka-24x24.jpg",24,24,true],"menu-36x36":["https:\/\/bpprzasnysz.pl\/wp-content\/uploads\/sites\/56\/2021\/11\/pelka-36x36.jpg",36,36,true],"menu-48x48":["https:\/\/bpprzasnysz.pl\/wp-content\/uploads\/sites\/56\/2021\/11\/pelka-48x48.jpg",48,48,true]},"post_excerpt_stackable_v2":"<p>\u00a0 16 listopada 2021 roku odby\u0142y si\u0119\u00a0warsztaty\u00a0dla nauczycieli\u00a0&#8220;Nauczycielw trudnych czasach &#8211; od r\u00f3wni pochy\u0142ej do r\u00f3wnowagi&#8221;\u00a0z psychologiem\u00a0Olg\u0105 Siedleck\u0105-Pe\u0142k\u0105.\u00a0Spotkaniu towarzyszy\u0142a wystawa literatury pedagogicznej\u00a0&#8220;Nauczyciel w dzisiejszych czasach&#8221;. Dzi\u0119kujemy prowadz\u0105cej za przeprowadzenie profesjonalnego warsztatu oraz ogromn\u0105 dawk\u0119 motywacji\ud83d\ude0a&#8220;Dbanie o siebie to dawanie \u015bwiatu tego, co w Tobie najlepsze zamiast tego, co z Ciebie zosta\u0142o&#8221;\u00a0Katie Reed. \u00a0<\/p>\n","category_list_v2":"<a href=\"https:\/\/bpprzasnysz.pl\/category\/2021\/\" rel=\"category tag\">2021<\/a>","author_info_v2":{"name":"Aneta Dobrzy\u0144ska","url":"https:\/\/bpprzasnysz.pl\/en\/author\/anetad\/"},"comments_num_v2":"0 comments","_links":{"self":[{"href":"https:\/\/bpprzasnysz.pl\/en\/wp-json\/wp\/v2\/posts\/3664","targetHints":{"allow":["GET"]}}],"collection":[{"href":"https:\/\/bpprzasnysz.pl\/en\/wp-json\/wp\/v2\/posts"}],"about":[{"href":"https:\/\/bpprzasnysz.pl\/en\/wp-json\/wp\/v2\/types\/post"}],"author":[{"embeddable":true,"href":"https:\/\/bpprzasnysz.pl\/en\/wp-json\/wp\/v2\/users\/1303"}],"replies":[{"embeddable":true,"href":"https:\/\/bpprzasnysz.pl\/en\/wp-json\/wp\/v2\/comments?post=3664"}],"version-history":[{"count":0,"href":"https:\/\/bpprzasnysz.pl\/en\/wp-json\/wp\/v2\/posts\/3664\/revisions"}],"wp:featuredmedia":[{"embeddable":true,"href":"https:\/\/bpprzasnysz.pl\/en\/wp-json\/wp\/v2\/media\/3671"}],"wp:attachment":[{"href":"https:\/\/bpprzasnysz.pl\/en\/wp-json\/wp\/v2\/media?parent=3664"}],"wp:term":[{"taxonomy":"category","embeddable":true,"href":"https:\/\/bpprzasnysz.pl\/en\/wp-json\/wp\/v2\/categories?post=3664"},{"taxonomy":"post_tag","embeddable":true,"href":"https:\/\/bpprzasnysz.pl\/en\/wp-json\/wp\/v2\/tags?post=3664"}],"curies":[{"name":"wp","href":"https:\/\/api.w.org\/{rel}","templated":true}]}}