{"id":36901,"date":"2025-09-25T10:07:01","date_gmt":"2025-09-25T08:07:01","guid":{"rendered":"https:\/\/bpprzasnysz.pl\/?p=36901"},"modified":"2025-09-25T14:44:53","modified_gmt":"2025-09-25T12:44:53","slug":"otwarcie-strefy-zielonego-oddechu","status":"publish","type":"post","link":"https:\/\/bpprzasnysz.pl\/en\/otwarcie-strefy-zielonego-oddechu\/","title":{"rendered":"OTWARCIE STREFY ZIELONEGO ODDECHU"},"content":{"rendered":"\n<figure class=\"wp-block-gallery has-nested-images columns-default is-cropped wp-block-gallery-1 is-layout-flex wp-block-gallery-is-layout-flex\">\n<figure class=\"wp-block-image size-large\"><a href=\"https:\/\/bpprzasnysz.pl\/wp-content\/uploads\/sites\/56\/2025\/09\/551512098_795412380153727_6026367055296180844_n.jpg\"><img loading=\"lazy\" decoding=\"async\" width=\"221\" height=\"480\" data-id=\"36904\" src=\"https:\/\/bpprzasnysz.pl\/wp-content\/uploads\/sites\/56\/2025\/09\/551512098_795412380153727_6026367055296180844_n.jpg\" alt=\"\" class=\"wp-image-36904\" srcset=\"https:\/\/bpprzasnysz.pl\/wp-content\/uploads\/sites\/56\/2025\/09\/551512098_795412380153727_6026367055296180844_n.jpg 221w, https:\/\/bpprzasnysz.pl\/wp-content\/uploads\/sites\/56\/2025\/09\/551512098_795412380153727_6026367055296180844_n-138x300.jpg 138w, https:\/\/bpprzasnysz.pl\/wp-content\/uploads\/sites\/56\/2025\/09\/551512098_795412380153727_6026367055296180844_n-11x24.jpg 11w, https:\/\/bpprzasnysz.pl\/wp-content\/uploads\/sites\/56\/2025\/09\/551512098_795412380153727_6026367055296180844_n-17x36.jpg 17w, https:\/\/bpprzasnysz.pl\/wp-content\/uploads\/sites\/56\/2025\/09\/551512098_795412380153727_6026367055296180844_n-22x48.jpg 22w\" sizes=\"auto, (max-width: 221px) 100vw, 221px\" \/><\/a><\/figure>\n\n\n\n<figure class=\"wp-block-image size-large\"><a href=\"https:\/\/bpprzasnysz.pl\/?attachment_id=36916\"><img loading=\"lazy\" decoding=\"async\" width=\"221\" height=\"480\" data-id=\"36916\" src=\"https:\/\/bpprzasnysz.pl\/wp-content\/uploads\/sites\/56\/2025\/09\/551694420_2698559713681502_5669275188922261441_n.jpg\" alt=\"\" class=\"wp-image-36916\" srcset=\"https:\/\/bpprzasnysz.pl\/wp-content\/uploads\/sites\/56\/2025\/09\/551694420_2698559713681502_5669275188922261441_n.jpg 221w, https:\/\/bpprzasnysz.pl\/wp-content\/uploads\/sites\/56\/2025\/09\/551694420_2698559713681502_5669275188922261441_n-138x300.jpg 138w, https:\/\/bpprzasnysz.pl\/wp-content\/uploads\/sites\/56\/2025\/09\/551694420_2698559713681502_5669275188922261441_n-11x24.jpg 11w, https:\/\/bpprzasnysz.pl\/wp-content\/uploads\/sites\/56\/2025\/09\/551694420_2698559713681502_5669275188922261441_n-17x36.jpg 17w, https:\/\/bpprzasnysz.pl\/wp-content\/uploads\/sites\/56\/2025\/09\/551694420_2698559713681502_5669275188922261441_n-22x48.jpg 22w\" sizes=\"auto, (max-width: 221px) 100vw, 221px\" \/><\/a><\/figure>\n\n\n\n<figure class=\"wp-block-image size-large\"><a href=\"https:\/\/bpprzasnysz.pl\/wp-content\/uploads\/sites\/56\/2025\/09\/551981564_1757750194880372_3820742770042749638_n.jpg\"><img loading=\"lazy\" decoding=\"async\" width=\"221\" height=\"480\" data-id=\"36928\" src=\"https:\/\/bpprzasnysz.pl\/wp-content\/uploads\/sites\/56\/2025\/09\/551981564_1757750194880372_3820742770042749638_n.jpg\" alt=\"\" class=\"wp-image-36928\" srcset=\"https:\/\/bpprzasnysz.pl\/wp-content\/uploads\/sites\/56\/2025\/09\/551981564_1757750194880372_3820742770042749638_n.jpg 221w, https:\/\/bpprzasnysz.pl\/wp-content\/uploads\/sites\/56\/2025\/09\/551981564_1757750194880372_3820742770042749638_n-138x300.jpg 138w, https:\/\/bpprzasnysz.pl\/wp-content\/uploads\/sites\/56\/2025\/09\/551981564_1757750194880372_3820742770042749638_n-11x24.jpg 11w, https:\/\/bpprzasnysz.pl\/wp-content\/uploads\/sites\/56\/2025\/09\/551981564_1757750194880372_3820742770042749638_n-17x36.jpg 17w, https:\/\/bpprzasnysz.pl\/wp-content\/uploads\/sites\/56\/2025\/09\/551981564_1757750194880372_3820742770042749638_n-22x48.jpg 22w\" sizes=\"auto, (max-width: 221px) 100vw, 221px\" \/><\/a><\/figure>\n\n\n\n<figure class=\"wp-block-image size-large\"><a href=\"https:\/\/bpprzasnysz.pl\/wp-content\/uploads\/sites\/56\/2025\/09\/552027889_799083009333034_4452480283152722354_n.jpg\"><img loading=\"lazy\" decoding=\"async\" width=\"640\" height=\"295\" data-id=\"36940\" src=\"https:\/\/bpprzasnysz.pl\/wp-content\/uploads\/sites\/56\/2025\/09\/552027889_799083009333034_4452480283152722354_n.jpg\" alt=\"\" class=\"wp-image-36940\" srcset=\"https:\/\/bpprzasnysz.pl\/wp-content\/uploads\/sites\/56\/2025\/09\/552027889_799083009333034_4452480283152722354_n.jpg 640w, https:\/\/bpprzasnysz.pl\/wp-content\/uploads\/sites\/56\/2025\/09\/552027889_799083009333034_4452480283152722354_n-300x138.jpg 300w, https:\/\/bpprzasnysz.pl\/wp-content\/uploads\/sites\/56\/2025\/09\/552027889_799083009333034_4452480283152722354_n-24x11.jpg 24w, https:\/\/bpprzasnysz.pl\/wp-content\/uploads\/sites\/56\/2025\/09\/552027889_799083009333034_4452480283152722354_n-36x17.jpg 36w, https:\/\/bpprzasnysz.pl\/wp-content\/uploads\/sites\/56\/2025\/09\/552027889_799083009333034_4452480283152722354_n-48x22.jpg 48w\" sizes=\"auto, (max-width: 640px) 100vw, 640px\" \/><\/a><\/figure>\n\n\n\n<figure class=\"wp-block-image size-large\"><a href=\"https:\/\/bpprzasnysz.pl\/wp-content\/uploads\/sites\/56\/2025\/09\/552143047_748238624881489_1230032688750173306_n.jpg\"><img loading=\"lazy\" decoding=\"async\" width=\"221\" height=\"480\" data-id=\"36952\" src=\"https:\/\/bpprzasnysz.pl\/wp-content\/uploads\/sites\/56\/2025\/09\/552143047_748238624881489_1230032688750173306_n.jpg\" alt=\"\" class=\"wp-image-36952\" srcset=\"https:\/\/bpprzasnysz.pl\/wp-content\/uploads\/sites\/56\/2025\/09\/552143047_748238624881489_1230032688750173306_n.jpg 221w, https:\/\/bpprzasnysz.pl\/wp-content\/uploads\/sites\/56\/2025\/09\/552143047_748238624881489_1230032688750173306_n-138x300.jpg 138w, https:\/\/bpprzasnysz.pl\/wp-content\/uploads\/sites\/56\/2025\/09\/552143047_748238624881489_1230032688750173306_n-11x24.jpg 11w, https:\/\/bpprzasnysz.pl\/wp-content\/uploads\/sites\/56\/2025\/09\/552143047_748238624881489_1230032688750173306_n-17x36.jpg 17w, https:\/\/bpprzasnysz.pl\/wp-content\/uploads\/sites\/56\/2025\/09\/552143047_748238624881489_1230032688750173306_n-22x48.jpg 22w\" sizes=\"auto, (max-width: 221px) 100vw, 221px\" \/><\/a><\/figure>\n\n\n\n<figure class=\"wp-block-image size-large\"><a href=\"https:\/\/bpprzasnysz.pl\/wp-content\/uploads\/sites\/56\/2025\/09\/552220194_788719790580241_2561656441240668028_n.jpg\"><img loading=\"lazy\" decoding=\"async\" width=\"640\" height=\"295\" data-id=\"36964\" src=\"https:\/\/bpprzasnysz.pl\/wp-content\/uploads\/sites\/56\/2025\/09\/552220194_788719790580241_2561656441240668028_n.jpg\" alt=\"\" class=\"wp-image-36964\" srcset=\"https:\/\/bpprzasnysz.pl\/wp-content\/uploads\/sites\/56\/2025\/09\/552220194_788719790580241_2561656441240668028_n.jpg 640w, https:\/\/bpprzasnysz.pl\/wp-content\/uploads\/sites\/56\/2025\/09\/552220194_788719790580241_2561656441240668028_n-300x138.jpg 300w, https:\/\/bpprzasnysz.pl\/wp-content\/uploads\/sites\/56\/2025\/09\/552220194_788719790580241_2561656441240668028_n-24x11.jpg 24w, https:\/\/bpprzasnysz.pl\/wp-content\/uploads\/sites\/56\/2025\/09\/552220194_788719790580241_2561656441240668028_n-36x17.jpg 36w, https:\/\/bpprzasnysz.pl\/wp-content\/uploads\/sites\/56\/2025\/09\/552220194_788719790580241_2561656441240668028_n-48x22.jpg 48w\" sizes=\"auto, (max-width: 640px) 100vw, 640px\" \/><\/a><\/figure>\n\n\n\n<figure class=\"wp-block-image size-large\"><a href=\"https:\/\/bpprzasnysz.pl\/wp-content\/uploads\/sites\/56\/2025\/09\/552222723_1186940039938911_4754314297723522551_n.jpg\"><img loading=\"lazy\" decoding=\"async\" width=\"640\" height=\"295\" data-id=\"36976\" src=\"https:\/\/bpprzasnysz.pl\/wp-content\/uploads\/sites\/56\/2025\/09\/552222723_1186940039938911_4754314297723522551_n.jpg\" alt=\"\" class=\"wp-image-36976\" srcset=\"https:\/\/bpprzasnysz.pl\/wp-content\/uploads\/sites\/56\/2025\/09\/552222723_1186940039938911_4754314297723522551_n.jpg 640w, https:\/\/bpprzasnysz.pl\/wp-content\/uploads\/sites\/56\/2025\/09\/552222723_1186940039938911_4754314297723522551_n-300x138.jpg 300w, https:\/\/bpprzasnysz.pl\/wp-content\/uploads\/sites\/56\/2025\/09\/552222723_1186940039938911_4754314297723522551_n-24x11.jpg 24w, https:\/\/bpprzasnysz.pl\/wp-content\/uploads\/sites\/56\/2025\/09\/552222723_1186940039938911_4754314297723522551_n-36x17.jpg 36w, https:\/\/bpprzasnysz.pl\/wp-content\/uploads\/sites\/56\/2025\/09\/552222723_1186940039938911_4754314297723522551_n-48x22.jpg 48w\" sizes=\"auto, (max-width: 640px) 100vw, 640px\" \/><\/a><\/figure>\n\n\n\n<figure class=\"wp-block-image size-large\"><a href=\"https:\/\/bpprzasnysz.pl\/wp-content\/uploads\/sites\/56\/2025\/09\/552409354_1194912276071555_5591636182667760352_n.jpg\"><img loading=\"lazy\" decoding=\"async\" width=\"221\" height=\"480\" data-id=\"36988\" src=\"https:\/\/bpprzasnysz.pl\/wp-content\/uploads\/sites\/56\/2025\/09\/552409354_1194912276071555_5591636182667760352_n.jpg\" alt=\"\" class=\"wp-image-36988\" srcset=\"https:\/\/bpprzasnysz.pl\/wp-content\/uploads\/sites\/56\/2025\/09\/552409354_1194912276071555_5591636182667760352_n.jpg 221w, https:\/\/bpprzasnysz.pl\/wp-content\/uploads\/sites\/56\/2025\/09\/552409354_1194912276071555_5591636182667760352_n-138x300.jpg 138w, https:\/\/bpprzasnysz.pl\/wp-content\/uploads\/sites\/56\/2025\/09\/552409354_1194912276071555_5591636182667760352_n-11x24.jpg 11w, https:\/\/bpprzasnysz.pl\/wp-content\/uploads\/sites\/56\/2025\/09\/552409354_1194912276071555_5591636182667760352_n-17x36.jpg 17w, https:\/\/bpprzasnysz.pl\/wp-content\/uploads\/sites\/56\/2025\/09\/552409354_1194912276071555_5591636182667760352_n-22x48.jpg 22w\" sizes=\"auto, (max-width: 221px) 100vw, 221px\" \/><\/a><\/figure>\n\n\n\n<figure class=\"wp-block-image size-large\"><a href=\"https:\/\/bpprzasnysz.pl\/wp-content\/uploads\/sites\/56\/2025\/09\/552409354_1354721992936262_229788063549136688_n.jpg\"><img loading=\"lazy\" decoding=\"async\" width=\"640\" height=\"295\" data-id=\"37000\" src=\"https:\/\/bpprzasnysz.pl\/wp-content\/uploads\/sites\/56\/2025\/09\/552409354_1354721992936262_229788063549136688_n.jpg\" alt=\"\" class=\"wp-image-37000\" srcset=\"https:\/\/bpprzasnysz.pl\/wp-content\/uploads\/sites\/56\/2025\/09\/552409354_1354721992936262_229788063549136688_n.jpg 640w, https:\/\/bpprzasnysz.pl\/wp-content\/uploads\/sites\/56\/2025\/09\/552409354_1354721992936262_229788063549136688_n-300x138.jpg 300w, https:\/\/bpprzasnysz.pl\/wp-content\/uploads\/sites\/56\/2025\/09\/552409354_1354721992936262_229788063549136688_n-24x11.jpg 24w, https:\/\/bpprzasnysz.pl\/wp-content\/uploads\/sites\/56\/2025\/09\/552409354_1354721992936262_229788063549136688_n-36x17.jpg 36w, https:\/\/bpprzasnysz.pl\/wp-content\/uploads\/sites\/56\/2025\/09\/552409354_1354721992936262_229788063549136688_n-48x22.jpg 48w\" sizes=\"auto, (max-width: 640px) 100vw, 640px\" \/><\/a><\/figure>\n\n\n\n<figure class=\"wp-block-image size-large\"><a href=\"https:\/\/bpprzasnysz.pl\/wp-content\/uploads\/sites\/56\/2025\/09\/552420676_1688048971870949_8551144494379148214_n.jpg\"><img loading=\"lazy\" decoding=\"async\" width=\"640\" height=\"295\" data-id=\"37012\" src=\"https:\/\/bpprzasnysz.pl\/wp-content\/uploads\/sites\/56\/2025\/09\/552420676_1688048971870949_8551144494379148214_n.jpg\" alt=\"\" class=\"wp-image-37012\" srcset=\"https:\/\/bpprzasnysz.pl\/wp-content\/uploads\/sites\/56\/2025\/09\/552420676_1688048971870949_8551144494379148214_n.jpg 640w, https:\/\/bpprzasnysz.pl\/wp-content\/uploads\/sites\/56\/2025\/09\/552420676_1688048971870949_8551144494379148214_n-300x138.jpg 300w, https:\/\/bpprzasnysz.pl\/wp-content\/uploads\/sites\/56\/2025\/09\/552420676_1688048971870949_8551144494379148214_n-24x11.jpg 24w, https:\/\/bpprzasnysz.pl\/wp-content\/uploads\/sites\/56\/2025\/09\/552420676_1688048971870949_8551144494379148214_n-36x17.jpg 36w, https:\/\/bpprzasnysz.pl\/wp-content\/uploads\/sites\/56\/2025\/09\/552420676_1688048971870949_8551144494379148214_n-48x22.jpg 48w\" sizes=\"auto, (max-width: 640px) 100vw, 640px\" \/><\/a><\/figure>\n\n\n\n<figure class=\"wp-block-image size-large\"><a href=\"https:\/\/bpprzasnysz.pl\/wp-content\/uploads\/sites\/56\/2025\/09\/552431851_1344868773645707_5780680510104430579_n.jpg\"><img loading=\"lazy\" decoding=\"async\" width=\"221\" height=\"480\" data-id=\"37024\" src=\"https:\/\/bpprzasnysz.pl\/wp-content\/uploads\/sites\/56\/2025\/09\/552431851_1344868773645707_5780680510104430579_n.jpg\" alt=\"\" class=\"wp-image-37024\" srcset=\"https:\/\/bpprzasnysz.pl\/wp-content\/uploads\/sites\/56\/2025\/09\/552431851_1344868773645707_5780680510104430579_n.jpg 221w, https:\/\/bpprzasnysz.pl\/wp-content\/uploads\/sites\/56\/2025\/09\/552431851_1344868773645707_5780680510104430579_n-138x300.jpg 138w, https:\/\/bpprzasnysz.pl\/wp-content\/uploads\/sites\/56\/2025\/09\/552431851_1344868773645707_5780680510104430579_n-11x24.jpg 11w, https:\/\/bpprzasnysz.pl\/wp-content\/uploads\/sites\/56\/2025\/09\/552431851_1344868773645707_5780680510104430579_n-17x36.jpg 17w, https:\/\/bpprzasnysz.pl\/wp-content\/uploads\/sites\/56\/2025\/09\/552431851_1344868773645707_5780680510104430579_n-22x48.jpg 22w\" sizes=\"auto, (max-width: 221px) 100vw, 221px\" \/><\/a><\/figure>\n\n\n\n<figure class=\"wp-block-image size-large\"><a href=\"https:\/\/bpprzasnysz.pl\/wp-content\/uploads\/sites\/56\/2025\/09\/552470579_761195646738169_3548709836657150773_n.jpg\"><img loading=\"lazy\" decoding=\"async\" width=\"221\" height=\"480\" data-id=\"37036\" src=\"https:\/\/bpprzasnysz.pl\/wp-content\/uploads\/sites\/56\/2025\/09\/552470579_761195646738169_3548709836657150773_n.jpg\" alt=\"\" class=\"wp-image-37036\" srcset=\"https:\/\/bpprzasnysz.pl\/wp-content\/uploads\/sites\/56\/2025\/09\/552470579_761195646738169_3548709836657150773_n.jpg 221w, https:\/\/bpprzasnysz.pl\/wp-content\/uploads\/sites\/56\/2025\/09\/552470579_761195646738169_3548709836657150773_n-138x300.jpg 138w, https:\/\/bpprzasnysz.pl\/wp-content\/uploads\/sites\/56\/2025\/09\/552470579_761195646738169_3548709836657150773_n-11x24.jpg 11w, https:\/\/bpprzasnysz.pl\/wp-content\/uploads\/sites\/56\/2025\/09\/552470579_761195646738169_3548709836657150773_n-17x36.jpg 17w, https:\/\/bpprzasnysz.pl\/wp-content\/uploads\/sites\/56\/2025\/09\/552470579_761195646738169_3548709836657150773_n-22x48.jpg 22w\" sizes=\"auto, (max-width: 221px) 100vw, 221px\" \/><\/a><\/figure>\n\n\n\n<figure class=\"wp-block-image size-large\"><a href=\"https:\/\/bpprzasnysz.pl\/wp-content\/uploads\/sites\/56\/2025\/09\/552471098_766418153059004_362202700200433376_n.jpg\"><img loading=\"lazy\" decoding=\"async\" width=\"221\" height=\"480\" data-id=\"37048\" src=\"https:\/\/bpprzasnysz.pl\/wp-content\/uploads\/sites\/56\/2025\/09\/552471098_766418153059004_362202700200433376_n.jpg\" alt=\"\" class=\"wp-image-37048\" srcset=\"https:\/\/bpprzasnysz.pl\/wp-content\/uploads\/sites\/56\/2025\/09\/552471098_766418153059004_362202700200433376_n.jpg 221w, https:\/\/bpprzasnysz.pl\/wp-content\/uploads\/sites\/56\/2025\/09\/552471098_766418153059004_362202700200433376_n-138x300.jpg 138w, https:\/\/bpprzasnysz.pl\/wp-content\/uploads\/sites\/56\/2025\/09\/552471098_766418153059004_362202700200433376_n-11x24.jpg 11w, https:\/\/bpprzasnysz.pl\/wp-content\/uploads\/sites\/56\/2025\/09\/552471098_766418153059004_362202700200433376_n-17x36.jpg 17w, https:\/\/bpprzasnysz.pl\/wp-content\/uploads\/sites\/56\/2025\/09\/552471098_766418153059004_362202700200433376_n-22x48.jpg 22w\" sizes=\"auto, (max-width: 221px) 100vw, 221px\" \/><\/a><\/figure>\n\n\n\n<figure class=\"wp-block-image size-large\"><a href=\"https:\/\/bpprzasnysz.pl\/wp-content\/uploads\/sites\/56\/2025\/09\/552614885_800513816255722_479355620453338524_n.jpg\"><img loading=\"lazy\" decoding=\"async\" width=\"221\" height=\"480\" data-id=\"37072\" src=\"https:\/\/bpprzasnysz.pl\/wp-content\/uploads\/sites\/56\/2025\/09\/552614885_800513816255722_479355620453338524_n.jpg\" alt=\"\" class=\"wp-image-37072\" srcset=\"https:\/\/bpprzasnysz.pl\/wp-content\/uploads\/sites\/56\/2025\/09\/552614885_800513816255722_479355620453338524_n.jpg 221w, https:\/\/bpprzasnysz.pl\/wp-content\/uploads\/sites\/56\/2025\/09\/552614885_800513816255722_479355620453338524_n-138x300.jpg 138w, https:\/\/bpprzasnysz.pl\/wp-content\/uploads\/sites\/56\/2025\/09\/552614885_800513816255722_479355620453338524_n-11x24.jpg 11w, https:\/\/bpprzasnysz.pl\/wp-content\/uploads\/sites\/56\/2025\/09\/552614885_800513816255722_479355620453338524_n-17x36.jpg 17w, https:\/\/bpprzasnysz.pl\/wp-content\/uploads\/sites\/56\/2025\/09\/552614885_800513816255722_479355620453338524_n-22x48.jpg 22w\" sizes=\"auto, (max-width: 221px) 100vw, 221px\" \/><\/a><\/figure>\n\n\n\n<figure class=\"wp-block-image size-large\"><a href=\"https:\/\/bpprzasnysz.pl\/wp-content\/uploads\/sites\/56\/2025\/09\/552696069_1144443904319789_9196948852510846634_n.jpg\"><img loading=\"lazy\" decoding=\"async\" width=\"221\" height=\"480\" data-id=\"37084\" src=\"https:\/\/bpprzasnysz.pl\/wp-content\/uploads\/sites\/56\/2025\/09\/552696069_1144443904319789_9196948852510846634_n.jpg\" alt=\"\" class=\"wp-image-37084\" srcset=\"https:\/\/bpprzasnysz.pl\/wp-content\/uploads\/sites\/56\/2025\/09\/552696069_1144443904319789_9196948852510846634_n.jpg 221w, https:\/\/bpprzasnysz.pl\/wp-content\/uploads\/sites\/56\/2025\/09\/552696069_1144443904319789_9196948852510846634_n-138x300.jpg 138w, https:\/\/bpprzasnysz.pl\/wp-content\/uploads\/sites\/56\/2025\/09\/552696069_1144443904319789_9196948852510846634_n-11x24.jpg 11w, https:\/\/bpprzasnysz.pl\/wp-content\/uploads\/sites\/56\/2025\/09\/552696069_1144443904319789_9196948852510846634_n-17x36.jpg 17w, https:\/\/bpprzasnysz.pl\/wp-content\/uploads\/sites\/56\/2025\/09\/552696069_1144443904319789_9196948852510846634_n-22x48.jpg 22w\" sizes=\"auto, (max-width: 221px) 100vw, 221px\" \/><\/a><\/figure>\n\n\n\n<figure class=\"wp-block-image size-large\"><a href=\"https:\/\/bpprzasnysz.pl\/wp-content\/uploads\/sites\/56\/2025\/09\/552957694_2035619817254155_8326775189868818195_n.jpg\"><img loading=\"lazy\" decoding=\"async\" width=\"221\" height=\"480\" data-id=\"37096\" src=\"https:\/\/bpprzasnysz.pl\/wp-content\/uploads\/sites\/56\/2025\/09\/552957694_2035619817254155_8326775189868818195_n.jpg\" alt=\"\" class=\"wp-image-37096\" srcset=\"https:\/\/bpprzasnysz.pl\/wp-content\/uploads\/sites\/56\/2025\/09\/552957694_2035619817254155_8326775189868818195_n.jpg 221w, https:\/\/bpprzasnysz.pl\/wp-content\/uploads\/sites\/56\/2025\/09\/552957694_2035619817254155_8326775189868818195_n-138x300.jpg 138w, https:\/\/bpprzasnysz.pl\/wp-content\/uploads\/sites\/56\/2025\/09\/552957694_2035619817254155_8326775189868818195_n-11x24.jpg 11w, https:\/\/bpprzasnysz.pl\/wp-content\/uploads\/sites\/56\/2025\/09\/552957694_2035619817254155_8326775189868818195_n-17x36.jpg 17w, https:\/\/bpprzasnysz.pl\/wp-content\/uploads\/sites\/56\/2025\/09\/552957694_2035619817254155_8326775189868818195_n-22x48.jpg 22w\" sizes=\"auto, (max-width: 221px) 100vw, 221px\" \/><\/a><\/figure>\n\n\n\n<figure class=\"wp-block-image size-large\"><a href=\"https:\/\/bpprzasnysz.pl\/wp-content\/uploads\/sites\/56\/2025\/09\/553413576_1989227375199144_4944372196052945942_n.jpg\"><img loading=\"lazy\" decoding=\"async\" width=\"640\" height=\"295\" data-id=\"37108\" src=\"https:\/\/bpprzasnysz.pl\/wp-content\/uploads\/sites\/56\/2025\/09\/553413576_1989227375199144_4944372196052945942_n.jpg\" alt=\"\" class=\"wp-image-37108\" srcset=\"https:\/\/bpprzasnysz.pl\/wp-content\/uploads\/sites\/56\/2025\/09\/553413576_1989227375199144_4944372196052945942_n.jpg 640w, https:\/\/bpprzasnysz.pl\/wp-content\/uploads\/sites\/56\/2025\/09\/553413576_1989227375199144_4944372196052945942_n-300x138.jpg 300w, https:\/\/bpprzasnysz.pl\/wp-content\/uploads\/sites\/56\/2025\/09\/553413576_1989227375199144_4944372196052945942_n-24x11.jpg 24w, https:\/\/bpprzasnysz.pl\/wp-content\/uploads\/sites\/56\/2025\/09\/553413576_1989227375199144_4944372196052945942_n-36x17.jpg 36w, https:\/\/bpprzasnysz.pl\/wp-content\/uploads\/sites\/56\/2025\/09\/553413576_1989227375199144_4944372196052945942_n-48x22.jpg 48w\" sizes=\"auto, (max-width: 640px) 100vw, 640px\" \/><\/a><\/figure>\n\n\n\n<figure class=\"wp-block-image size-large\"><a href=\"https:\/\/bpprzasnysz.pl\/wp-content\/uploads\/sites\/56\/2025\/09\/554356114_781273238125685_8333356817431679752_n.jpg\"><img loading=\"lazy\" decoding=\"async\" width=\"640\" height=\"295\" data-id=\"37120\" src=\"https:\/\/bpprzasnysz.pl\/wp-content\/uploads\/sites\/56\/2025\/09\/554356114_781273238125685_8333356817431679752_n.jpg\" alt=\"\" class=\"wp-image-37120\" srcset=\"https:\/\/bpprzasnysz.pl\/wp-content\/uploads\/sites\/56\/2025\/09\/554356114_781273238125685_8333356817431679752_n.jpg 640w, https:\/\/bpprzasnysz.pl\/wp-content\/uploads\/sites\/56\/2025\/09\/554356114_781273238125685_8333356817431679752_n-300x138.jpg 300w, https:\/\/bpprzasnysz.pl\/wp-content\/uploads\/sites\/56\/2025\/09\/554356114_781273238125685_8333356817431679752_n-24x11.jpg 24w, https:\/\/bpprzasnysz.pl\/wp-content\/uploads\/sites\/56\/2025\/09\/554356114_781273238125685_8333356817431679752_n-36x17.jpg 36w, https:\/\/bpprzasnysz.pl\/wp-content\/uploads\/sites\/56\/2025\/09\/554356114_781273238125685_8333356817431679752_n-48x22.jpg 48w\" sizes=\"auto, (max-width: 640px) 100vw, 640px\" \/><\/a><\/figure>\n\n\n\n<figure class=\"wp-block-image size-large\"><a href=\"https:\/\/bpprzasnysz.pl\/wp-content\/uploads\/sites\/56\/2025\/09\/IMG_7635.jpg\"><img loading=\"lazy\" decoding=\"async\" width=\"640\" height=\"427\" data-id=\"37132\" src=\"https:\/\/bpprzasnysz.pl\/wp-content\/uploads\/sites\/56\/2025\/09\/IMG_7635.jpg\" alt=\"\" class=\"wp-image-37132\" srcset=\"https:\/\/bpprzasnysz.pl\/wp-content\/uploads\/sites\/56\/2025\/09\/IMG_7635.jpg 640w, https:\/\/bpprzasnysz.pl\/wp-content\/uploads\/sites\/56\/2025\/09\/IMG_7635-300x200.jpg 300w, https:\/\/bpprzasnysz.pl\/wp-content\/uploads\/sites\/56\/2025\/09\/IMG_7635-24x16.jpg 24w, https:\/\/bpprzasnysz.pl\/wp-content\/uploads\/sites\/56\/2025\/09\/IMG_7635-36x24.jpg 36w, https:\/\/bpprzasnysz.pl\/wp-content\/uploads\/sites\/56\/2025\/09\/IMG_7635-48x32.jpg 48w\" sizes=\"auto, (max-width: 640px) 100vw, 640px\" \/><\/a><\/figure>\n\n\n\n<figure class=\"wp-block-image size-large\"><a href=\"https:\/\/bpprzasnysz.pl\/wp-content\/uploads\/sites\/56\/2025\/09\/IMG_7647.jpg\"><img loading=\"lazy\" decoding=\"async\" width=\"320\" height=\"480\" data-id=\"37144\" src=\"https:\/\/bpprzasnysz.pl\/wp-content\/uploads\/sites\/56\/2025\/09\/IMG_7647.jpg\" alt=\"\" class=\"wp-image-37144\" srcset=\"https:\/\/bpprzasnysz.pl\/wp-content\/uploads\/sites\/56\/2025\/09\/IMG_7647.jpg 320w, https:\/\/bpprzasnysz.pl\/wp-content\/uploads\/sites\/56\/2025\/09\/IMG_7647-200x300.jpg 200w, https:\/\/bpprzasnysz.pl\/wp-content\/uploads\/sites\/56\/2025\/09\/IMG_7647-16x24.jpg 16w, https:\/\/bpprzasnysz.pl\/wp-content\/uploads\/sites\/56\/2025\/09\/IMG_7647-24x36.jpg 24w, https:\/\/bpprzasnysz.pl\/wp-content\/uploads\/sites\/56\/2025\/09\/IMG_7647-32x48.jpg 32w\" sizes=\"auto, (max-width: 320px) 100vw, 320px\" \/><\/a><\/figure>\n\n\n\n<figure class=\"wp-block-image size-large\"><a href=\"https:\/\/bpprzasnysz.pl\/wp-content\/uploads\/sites\/56\/2025\/09\/IMG_7652.jpg\"><img loading=\"lazy\" decoding=\"async\" width=\"320\" height=\"480\" data-id=\"37156\" src=\"https:\/\/bpprzasnysz.pl\/wp-content\/uploads\/sites\/56\/2025\/09\/IMG_7652.jpg\" alt=\"\" class=\"wp-image-37156\" srcset=\"https:\/\/bpprzasnysz.pl\/wp-content\/uploads\/sites\/56\/2025\/09\/IMG_7652.jpg 320w, https:\/\/bpprzasnysz.pl\/wp-content\/uploads\/sites\/56\/2025\/09\/IMG_7652-200x300.jpg 200w, https:\/\/bpprzasnysz.pl\/wp-content\/uploads\/sites\/56\/2025\/09\/IMG_7652-16x24.jpg 16w, https:\/\/bpprzasnysz.pl\/wp-content\/uploads\/sites\/56\/2025\/09\/IMG_7652-24x36.jpg 24w, https:\/\/bpprzasnysz.pl\/wp-content\/uploads\/sites\/56\/2025\/09\/IMG_7652-32x48.jpg 32w\" sizes=\"auto, (max-width: 320px) 100vw, 320px\" \/><\/a><\/figure>\n\n\n\n<figure class=\"wp-block-image size-large\"><a href=\"https:\/\/bpprzasnysz.pl\/wp-content\/uploads\/sites\/56\/2025\/09\/IMG_7654.jpg\"><img loading=\"lazy\" decoding=\"async\" width=\"640\" height=\"427\" data-id=\"37168\" src=\"https:\/\/bpprzasnysz.pl\/wp-content\/uploads\/sites\/56\/2025\/09\/IMG_7654.jpg\" alt=\"\" class=\"wp-image-37168\" srcset=\"https:\/\/bpprzasnysz.pl\/wp-content\/uploads\/sites\/56\/2025\/09\/IMG_7654.jpg 640w, https:\/\/bpprzasnysz.pl\/wp-content\/uploads\/sites\/56\/2025\/09\/IMG_7654-300x200.jpg 300w, https:\/\/bpprzasnysz.pl\/wp-content\/uploads\/sites\/56\/2025\/09\/IMG_7654-24x16.jpg 24w, https:\/\/bpprzasnysz.pl\/wp-content\/uploads\/sites\/56\/2025\/09\/IMG_7654-36x24.jpg 36w, https:\/\/bpprzasnysz.pl\/wp-content\/uploads\/sites\/56\/2025\/09\/IMG_7654-48x32.jpg 48w\" sizes=\"auto, (max-width: 640px) 100vw, 640px\" \/><\/a><\/figure>\n\n\n\n<figure class=\"wp-block-image size-large\"><a href=\"https:\/\/bpprzasnysz.pl\/wp-content\/uploads\/sites\/56\/2025\/09\/IMG_7656.jpg\"><img loading=\"lazy\" decoding=\"async\" width=\"640\" height=\"427\" data-id=\"37180\" src=\"https:\/\/bpprzasnysz.pl\/wp-content\/uploads\/sites\/56\/2025\/09\/IMG_7656.jpg\" alt=\"\" class=\"wp-image-37180\" srcset=\"https:\/\/bpprzasnysz.pl\/wp-content\/uploads\/sites\/56\/2025\/09\/IMG_7656.jpg 640w, https:\/\/bpprzasnysz.pl\/wp-content\/uploads\/sites\/56\/2025\/09\/IMG_7656-300x200.jpg 300w, https:\/\/bpprzasnysz.pl\/wp-content\/uploads\/sites\/56\/2025\/09\/IMG_7656-24x16.jpg 24w, https:\/\/bpprzasnysz.pl\/wp-content\/uploads\/sites\/56\/2025\/09\/IMG_7656-36x24.jpg 36w, https:\/\/bpprzasnysz.pl\/wp-content\/uploads\/sites\/56\/2025\/09\/IMG_7656-48x32.jpg 48w\" sizes=\"auto, (max-width: 640px) 100vw, 640px\" \/><\/a><\/figure>\n\n\n\n<figure class=\"wp-block-image size-large\"><a href=\"https:\/\/bpprzasnysz.pl\/wp-content\/uploads\/sites\/56\/2025\/09\/IMG_7662.jpg\"><img loading=\"lazy\" decoding=\"async\" width=\"320\" height=\"480\" data-id=\"37192\" src=\"https:\/\/bpprzasnysz.pl\/wp-content\/uploads\/sites\/56\/2025\/09\/IMG_7662.jpg\" alt=\"\" class=\"wp-image-37192\" srcset=\"https:\/\/bpprzasnysz.pl\/wp-content\/uploads\/sites\/56\/2025\/09\/IMG_7662.jpg 320w, https:\/\/bpprzasnysz.pl\/wp-content\/uploads\/sites\/56\/2025\/09\/IMG_7662-200x300.jpg 200w, https:\/\/bpprzasnysz.pl\/wp-content\/uploads\/sites\/56\/2025\/09\/IMG_7662-16x24.jpg 16w, https:\/\/bpprzasnysz.pl\/wp-content\/uploads\/sites\/56\/2025\/09\/IMG_7662-24x36.jpg 24w, https:\/\/bpprzasnysz.pl\/wp-content\/uploads\/sites\/56\/2025\/09\/IMG_7662-32x48.jpg 32w\" sizes=\"auto, (max-width: 320px) 100vw, 320px\" \/><\/a><\/figure>\n\n\n\n<figure class=\"wp-block-image size-large\"><a href=\"https:\/\/bpprzasnysz.pl\/wp-content\/uploads\/sites\/56\/2025\/09\/IMG_7670.jpg\"><img loading=\"lazy\" decoding=\"async\" width=\"640\" height=\"427\" data-id=\"37204\" src=\"https:\/\/bpprzasnysz.pl\/wp-content\/uploads\/sites\/56\/2025\/09\/IMG_7670.jpg\" alt=\"\" class=\"wp-image-37204\" srcset=\"https:\/\/bpprzasnysz.pl\/wp-content\/uploads\/sites\/56\/2025\/09\/IMG_7670.jpg 640w, https:\/\/bpprzasnysz.pl\/wp-content\/uploads\/sites\/56\/2025\/09\/IMG_7670-300x200.jpg 300w, https:\/\/bpprzasnysz.pl\/wp-content\/uploads\/sites\/56\/2025\/09\/IMG_7670-24x16.jpg 24w, https:\/\/bpprzasnysz.pl\/wp-content\/uploads\/sites\/56\/2025\/09\/IMG_7670-36x24.jpg 36w, https:\/\/bpprzasnysz.pl\/wp-content\/uploads\/sites\/56\/2025\/09\/IMG_7670-48x32.jpg 48w\" sizes=\"auto, (max-width: 640px) 100vw, 640px\" \/><\/a><\/figure>\n\n\n\n<figure class=\"wp-block-image size-large\"><a href=\"https:\/\/bpprzasnysz.pl\/wp-content\/uploads\/sites\/56\/2025\/09\/IMG_7671.jpg\"><img loading=\"lazy\" decoding=\"async\" width=\"640\" height=\"427\" data-id=\"37216\" src=\"https:\/\/bpprzasnysz.pl\/wp-content\/uploads\/sites\/56\/2025\/09\/IMG_7671.jpg\" alt=\"\" class=\"wp-image-37216\" srcset=\"https:\/\/bpprzasnysz.pl\/wp-content\/uploads\/sites\/56\/2025\/09\/IMG_7671.jpg 640w, https:\/\/bpprzasnysz.pl\/wp-content\/uploads\/sites\/56\/2025\/09\/IMG_7671-300x200.jpg 300w, https:\/\/bpprzasnysz.pl\/wp-content\/uploads\/sites\/56\/2025\/09\/IMG_7671-24x16.jpg 24w, https:\/\/bpprzasnysz.pl\/wp-content\/uploads\/sites\/56\/2025\/09\/IMG_7671-36x24.jpg 36w, https:\/\/bpprzasnysz.pl\/wp-content\/uploads\/sites\/56\/2025\/09\/IMG_7671-48x32.jpg 48w\" sizes=\"auto, (max-width: 640px) 100vw, 640px\" \/><\/a><\/figure>\n\n\n\n<figure class=\"wp-block-image size-large\"><a href=\"https:\/\/bpprzasnysz.pl\/wp-content\/uploads\/sites\/56\/2025\/09\/IMG_7677.jpg\"><img loading=\"lazy\" decoding=\"async\" width=\"640\" height=\"427\" data-id=\"37228\" src=\"https:\/\/bpprzasnysz.pl\/wp-content\/uploads\/sites\/56\/2025\/09\/IMG_7677.jpg\" alt=\"\" class=\"wp-image-37228\" srcset=\"https:\/\/bpprzasnysz.pl\/wp-content\/uploads\/sites\/56\/2025\/09\/IMG_7677.jpg 640w, https:\/\/bpprzasnysz.pl\/wp-content\/uploads\/sites\/56\/2025\/09\/IMG_7677-300x200.jpg 300w, https:\/\/bpprzasnysz.pl\/wp-content\/uploads\/sites\/56\/2025\/09\/IMG_7677-24x16.jpg 24w, https:\/\/bpprzasnysz.pl\/wp-content\/uploads\/sites\/56\/2025\/09\/IMG_7677-36x24.jpg 36w, https:\/\/bpprzasnysz.pl\/wp-content\/uploads\/sites\/56\/2025\/09\/IMG_7677-48x32.jpg 48w\" sizes=\"auto, (max-width: 640px) 100vw, 640px\" \/><\/a><\/figure>\n\n\n\n<figure class=\"wp-block-image size-large\"><a href=\"https:\/\/bpprzasnysz.pl\/wp-content\/uploads\/sites\/56\/2025\/09\/IMG_7684.jpg\"><img loading=\"lazy\" decoding=\"async\" width=\"640\" height=\"427\" data-id=\"37240\" src=\"https:\/\/bpprzasnysz.pl\/wp-content\/uploads\/sites\/56\/2025\/09\/IMG_7684.jpg\" alt=\"\" class=\"wp-image-37240\" srcset=\"https:\/\/bpprzasnysz.pl\/wp-content\/uploads\/sites\/56\/2025\/09\/IMG_7684.jpg 640w, https:\/\/bpprzasnysz.pl\/wp-content\/uploads\/sites\/56\/2025\/09\/IMG_7684-300x200.jpg 300w, https:\/\/bpprzasnysz.pl\/wp-content\/uploads\/sites\/56\/2025\/09\/IMG_7684-24x16.jpg 24w, https:\/\/bpprzasnysz.pl\/wp-content\/uploads\/sites\/56\/2025\/09\/IMG_7684-36x24.jpg 36w, https:\/\/bpprzasnysz.pl\/wp-content\/uploads\/sites\/56\/2025\/09\/IMG_7684-48x32.jpg 48w\" sizes=\"auto, (max-width: 640px) 100vw, 640px\" \/><\/a><\/figure>\n\n\n\n<figure class=\"wp-block-image size-large\"><a href=\"https:\/\/bpprzasnysz.pl\/wp-content\/uploads\/sites\/56\/2025\/09\/IMG_7685.jpg\"><img loading=\"lazy\" decoding=\"async\" width=\"320\" height=\"480\" data-id=\"37252\" src=\"https:\/\/bpprzasnysz.pl\/wp-content\/uploads\/sites\/56\/2025\/09\/IMG_7685.jpg\" alt=\"\" class=\"wp-image-37252\" srcset=\"https:\/\/bpprzasnysz.pl\/wp-content\/uploads\/sites\/56\/2025\/09\/IMG_7685.jpg 320w, https:\/\/bpprzasnysz.pl\/wp-content\/uploads\/sites\/56\/2025\/09\/IMG_7685-200x300.jpg 200w, https:\/\/bpprzasnysz.pl\/wp-content\/uploads\/sites\/56\/2025\/09\/IMG_7685-16x24.jpg 16w, https:\/\/bpprzasnysz.pl\/wp-content\/uploads\/sites\/56\/2025\/09\/IMG_7685-24x36.jpg 24w, https:\/\/bpprzasnysz.pl\/wp-content\/uploads\/sites\/56\/2025\/09\/IMG_7685-32x48.jpg 32w\" sizes=\"auto, (max-width: 320px) 100vw, 320px\" \/><\/a><\/figure>\n\n\n\n<figure class=\"wp-block-image size-large\"><a href=\"https:\/\/bpprzasnysz.pl\/wp-content\/uploads\/sites\/56\/2025\/09\/IMG_7688.jpg\"><img loading=\"lazy\" decoding=\"async\" width=\"640\" height=\"427\" data-id=\"37264\" src=\"https:\/\/bpprzasnysz.pl\/wp-content\/uploads\/sites\/56\/2025\/09\/IMG_7688.jpg\" alt=\"\" class=\"wp-image-37264\" srcset=\"https:\/\/bpprzasnysz.pl\/wp-content\/uploads\/sites\/56\/2025\/09\/IMG_7688.jpg 640w, https:\/\/bpprzasnysz.pl\/wp-content\/uploads\/sites\/56\/2025\/09\/IMG_7688-300x200.jpg 300w, https:\/\/bpprzasnysz.pl\/wp-content\/uploads\/sites\/56\/2025\/09\/IMG_7688-24x16.jpg 24w, https:\/\/bpprzasnysz.pl\/wp-content\/uploads\/sites\/56\/2025\/09\/IMG_7688-36x24.jpg 36w, https:\/\/bpprzasnysz.pl\/wp-content\/uploads\/sites\/56\/2025\/09\/IMG_7688-48x32.jpg 48w\" sizes=\"auto, (max-width: 640px) 100vw, 640px\" \/><\/a><\/figure>\n<\/figure>\n\n\n\n<p><\/p>\n\n\n\n<p>STREFA ZIELONEGO ODDECHU otwarta! W dniu 24 wrze\u015bnia przed budynkiem Biblioteki Pedagogicznej przy ulicy Szpitalnej 10 odby\u0142a si\u0119 uroczysto\u015b\u0107 otwarcia Strefy Zielonego Oddechu. Projekt jest dofinansowany ze \u015brodk\u00f3w Funduszu Inicjatyw Obywatelskich NOWEFIO oraz bud\u017cetu Samorz\u0105du Wojew\u00f3dztwa Mazowieckiego w ramach programu \u201eMazowsze Lokalnie\u201d realizowanego przez Stowarzyszenie Europa i My, Stowarzyszenie BORIS, Stowarzyszenie SOKIAL oraz Fundacj\u0119 Fundusz Wsp\u00f3\u0142pracy<\/p>\n\n\n\n<p>W uroczysto\u015bci wzi\u0119li udzia\u0142 zaproszeni go\u015bcie: Zeon Szczepankowski &#8211; przewodnicz\u0105cy rady Powiatu przasnyskiego oraz dyrektor Medycznej Szko\u0142y Policealnej w Przasnyszu, Ewelina Kubacz \u2013 kierownik szkolenia praktycznego MSP w Przasnyszu, Micha\u0142a Lewenda \u2013 farmaceuta, nauczyciel MSP, Magdalena Kr\u00f3l &#8211; dyrektor Miejskiego O\u015brodka Pomocy Spo\u0142ecznej w Przasnyszu, Katarzyna Banul-\u017byra &#8211; kierownik \u015arodowiskowego Domu Samopomocy w Przasnyszu, Iwona Decewicz &#8211; dyrektor &#8220;Naszej Szko\u0142y&#8221; w Przasnyszu, Jolanta Go\u0142\u0119biewska i Lilla D\u0142ugowska &#8211; Stowarzyszenie &#8220;Jestem&#8221; w Przasnyszu, Wanda Zagroba i Iwona Robakowska &#8211; Miejska Biblioteka Publiczna w Przasnyszu, Renata Jasi\u0144ska, Wioletta Wilga, Grzegorz Herubi\u0144ski &#8211; Federacja Ruch Organizacji na rzecz Spo\u0142ecznej Aktywno\u015bci ROSA, cz\u0142onkinie grupy AkTYwni w Bibliotece.<\/p>\n\n\n\n<p>Akademia Odkrywc\u00f3w to grupa doros\u0142ych os\u00f3b z niepe\u0142nosprawno\u015bciami oraz ich opiekun\u00f3w. Spotykamy si\u0119 w Bibliotece Pedagogicznej od ponad dw\u00f3ch lat raz w tygodniu i aktywnie sp\u0119dzamy czas, ucz\u0105c si\u0119 ciekawych rzeczy i zdobywaj\u0105c nowe umiej\u0119tno\u015bci. Ka\u017cda aktywno\u015b\u0107, kt\u00f3r\u0105 proponujemy odkrywcom, jest form\u0105 rehabilitacji i terapii. Celebrujemy wsp\u00f3lnie urodziny, przygotowujemy przed\u015bwi\u0105teczne spotkania, robimy sa\u0142atki, gofry, \u0107wiczymy motoryk\u0119 ma\u0142\u0105, gramy w plansz\u00f3wki, byli\u015bmy na wycieczce w Muzeum Wsi mazowieckiej w Sierpcu, w Muzeum Historycznym, a tak\u017ce w pizzerii na warsztatach robienia pizzy. Wiosn\u0105 cz\u0142onkowie grupy zacz\u0119li my\u015ble\u0107 o stworzeniu og\u00f3lnodost\u0119pnej strefy relaksu, miejsca przyjaznego dla ca\u0142ej spo\u0142eczno\u015bci lokalnej, kt\u00f3rego byliby gospodarzami. Chcieli uprawia\u0107 zio\u0142a i kwiaty, zaprasza\u0107 go\u015bci i aktywnie sp\u0119dza\u0107 czas. \u017beby ten pomys\u0142 i marzenie si\u0119 spe\u0142ni\u0142o, Akademia Odkrywc\u00f3w jako grupa nieformalna ze wsparciem merytorycznym i formalnym Federacji Rosa napisa\u0142a projekt w programie Mazowsze Lokalnie o nazwie Strefa Zielonego Oddechu. Projekt zosta\u0142 najwy\u017cej oceniony i otrzyma\u0142 dofinansowanie. Na pierwszy rzut oka mo\u017ce si\u0119 wydawa\u0107, \u017ce ta zielona strefa to tylko kilka zbitych palet, troch\u0119 zi\u00f3\u0142 i kwiat\u00f3w. Jednak dla uczestnik\u00f3w Akademii Odkrywc\u00f3w to znacznie wi\u0119cej \u2013 to ich miejsce, tu oni s\u0105 gospodarzami, to oni w\u0142o\u017cyli tu swoje serca i ogrom pracy. Z przyjemno\u015bci\u0105 b\u0119d\u0105 tu zaprasza\u0107 dzieci, m\u0142odzie\u017c i doros\u0142ych mieszka\u0144c\u00f3w Przasnysza i dzieli\u0107 si\u0119 swoj\u0105 rado\u015bci\u0105 \u017cycia i ciekawymi pomys\u0142ami.<\/p>\n\n\n\n<p>Strefa nie powsta\u0142aby dzi\u0119ki sponsorom \u2013 dzi\u0119kujemy pani Magdalenie Lewickiej ze sklepu Felo za ziemi\u0119 do kwiat\u00f3w i zi\u00f3\u0142, Panu Andrzejowi Zajkowskiemu ze sklepu A\u017cur za palety oraz panu Andrzejowi Do\u0142\u0119dze , dyrektorowi ds. administracyjnych firmy Kross za palety, ich transport oraz za osobiste zaanga\u017cowanie i udzia\u0142 w za\u0142adunku palet.<\/p>\n\n\n\n<p>Dzi\u0119kujemy cz\u0142onkom Federacji Rosa za pomoc na ka\u017cdym etapie projektu \u2013 od jego tworzenia, poprzez realizacj\u0119 a\u017c po rozliczenie, kt\u00f3re jeszcze przed nami. <\/p>\n\n\n\n<p>Do wsp\u00f3\u0142pracy w tworzeniu strefy zaprosili\u015bmy cz\u0142onk\u00f3w \u015arodowiskowego Domu Samopomocy w Przasnyszu \u2013 dzi\u0119kujemy za pomoc w szlifowaniu, malowaniu i skr\u0119caniu palet, liczymy na dalsz\u0105 wsp\u00f3\u0142prac\u0119. Dzi\u0119kujemy pani Katarzynie Banul-\u017byra, kierownik \u015aDS za wsparcie i przyj\u0119cie zaproszenia do wsp\u00f3\u0142pracy.<\/p>\n\n\n\n<p>Dzi\u0119kujemy panu dyrektorowi Medycznej Szko\u0142y Policealnej w Przasnyszu oraz pracownikom szko\u0142y za pomoc w realizacji projektu.<\/p>\n\n\n\n<p>Dzi\u0119kujemy panu Micha\u0142owi Lewendzie za wyk\u0142ad na temat walor\u00f3w leczniczych zi\u00f3\u0142.<\/p>\n\n\n\n<p>Strefa Zielonego Oddechu to kolejne miejsce na mapie Przasnysza, kt\u00f3re b\u0119dzie s\u0142u\u017cy\u0107 wszystkim grupom spotykaj\u0105cym si\u0119 w Bibliotece Pedagogicznej w Przasnyszu, s\u0142uchaczom medycznej Szko\u0142y Policealnej oraz ca\u0142ej spo\u0142eczno\u015bci lokalnej. ZAPRASZAMY!<\/p>\n","protected":false},"excerpt":{"rendered":"<p>STREFA ZIELONEGO ODDECHU otwarta! W dniu 24 wrze\u015bnia przed budynkiem Biblioteki Pedagogicznej przy ulicy Szpitalnej 10 odby\u0142a si\u0119 uroczysto\u015b\u0107 otwarcia [&hellip;]<\/p>\n","protected":false},"author":1285,"featured_media":36976,"comment_status":"closed","ping_status":"closed","sticky":false,"template":"","format":"standard","meta":{"_acf_changed":false,"_oasis_is_in_workflow":0,"_oasis_original":0,"inline_featured_image":false,"site-sidebar-layout":"default","site-content-layout":"","ast-site-content-layout":"default","site-content-style":"default","site-sidebar-style":"default","ast-global-header-display":"","ast-banner-title-visibility":"","ast-main-header-display":"","ast-hfb-above-header-display":"","ast-hfb-below-header-display":"","ast-hfb-mobile-header-display":"","site-post-title":"","ast-breadcrumbs-content":"","ast-featured-img":"","footer-sml-layout":"","ast-disable-related-posts":"","theme-transparent-header-meta":"","adv-header-id-meta":"","stick-header-meta":"","header-above-stick-meta":"","header-main-stick-meta":"","header-below-stick-meta":"","astra-migrate-meta-layouts":"set","ast-page-background-enabled":"default","ast-page-background-meta":{"desktop":{"background-color":"","background-image":"","background-repeat":"repeat","background-position":"center center","background-size":"auto","background-attachment":"scroll","background-type":"","background-media":"","overlay-type":"","overlay-color":"","overlay-opacity":"","overlay-gradient":""},"tablet":{"background-color":"","background-image":"","background-repeat":"repeat","background-position":"center center","background-size":"auto","background-attachment":"scroll","background-type":"","background-media":"","overlay-type":"","overlay-color":"","overlay-opacity":"","overlay-gradient":""},"mobile":{"background-color":"","background-image":"","background-repeat":"repeat","background-position":"center center","background-size":"auto","background-attachment":"scroll","background-type":"","background-media":"","overlay-type":"","overlay-color":"","overlay-opacity":"","overlay-gradient":""}},"ast-content-background-meta":{"desktop":{"background-color":"var(--ast-global-color-5)","background-image":"","background-repeat":"repeat","background-position":"center center","background-size":"auto","background-attachment":"scroll","background-type":"","background-media":"","overlay-type":"","overlay-color":"","overlay-opacity":"","overlay-gradient":""},"tablet":{"background-color":"var(--ast-global-color-5)","background-image":"","background-repeat":"repeat","background-position":"center center","background-size":"auto","background-attachment":"scroll","background-type":"","background-media":"","overlay-type":"","overlay-color":"","overlay-opacity":"","overlay-gradient":""},"mobile":{"background-color":"var(--ast-global-color-5)","background-image":"","background-repeat":"repeat","background-position":"center center","background-size":"auto","background-attachment":"scroll","background-type":"","background-media":"","overlay-type":"","overlay-color":"","overlay-opacity":"","overlay-gradient":""}},"_themeisle_gutenberg_block_has_review":false,"footnotes":""},"categories":[169,136],"tags":[],"class_list":["post-36901","post","type-post","status-publish","format-standard","has-post-thumbnail","hentry","category-169","category-aktualnosci"],"acf":[],"featured_image_urls_v2":{"full":["https:\/\/bpprzasnysz.pl\/wp-content\/uploads\/sites\/56\/2025\/09\/552222723_1186940039938911_4754314297723522551_n.jpg",640,295,false],"thumbnail":["https:\/\/bpprzasnysz.pl\/wp-content\/uploads\/sites\/56\/2025\/09\/552222723_1186940039938911_4754314297723522551_n-150x150.jpg",150,150,true],"medium":["https:\/\/bpprzasnysz.pl\/wp-content\/uploads\/sites\/56\/2025\/09\/552222723_1186940039938911_4754314297723522551_n-300x138.jpg",300,138,true],"medium_large":["https:\/\/bpprzasnysz.pl\/wp-content\/uploads\/sites\/56\/2025\/09\/552222723_1186940039938911_4754314297723522551_n.jpg",640,295,false],"large":["https:\/\/bpprzasnysz.pl\/wp-content\/uploads\/sites\/56\/2025\/09\/552222723_1186940039938911_4754314297723522551_n.jpg",640,295,false],"1536x1536":["https:\/\/bpprzasnysz.pl\/wp-content\/uploads\/sites\/56\/2025\/09\/552222723_1186940039938911_4754314297723522551_n.jpg",640,295,false],"2048x2048":["https:\/\/bpprzasnysz.pl\/wp-content\/uploads\/sites\/56\/2025\/09\/552222723_1186940039938911_4754314297723522551_n.jpg",640,295,false],"menu-24x24":["https:\/\/bpprzasnysz.pl\/wp-content\/uploads\/sites\/56\/2025\/09\/552222723_1186940039938911_4754314297723522551_n-24x11.jpg",24,11,true],"menu-36x36":["https:\/\/bpprzasnysz.pl\/wp-content\/uploads\/sites\/56\/2025\/09\/552222723_1186940039938911_4754314297723522551_n-36x17.jpg",36,17,true],"menu-48x48":["https:\/\/bpprzasnysz.pl\/wp-content\/uploads\/sites\/56\/2025\/09\/552222723_1186940039938911_4754314297723522551_n-48x22.jpg",48,22,true]},"post_excerpt_stackable_v2":"<p>STREFA ZIELONEGO ODDECHU otwarta! W dniu 24 wrze\u015bnia przed budynkiem Biblioteki Pedagogicznej przy ulicy Szpitalnej 10 odby\u0142a si\u0119 uroczysto\u015b\u0107 otwarcia Strefy Zielonego Oddechu. Projekt jest dofinansowany ze \u015brodk\u00f3w Funduszu Inicjatyw Obywatelskich NOWEFIO oraz bud\u017cetu Samorz\u0105du Wojew\u00f3dztwa Mazowieckiego w ramach programu \u201eMazowsze Lokalnie\u201d realizowanego przez Stowarzyszenie Europa i My, Stowarzyszenie BORIS, Stowarzyszenie SOKIAL oraz Fundacj\u0119 Fundusz Wsp\u00f3\u0142pracy W uroczysto\u015bci wzi\u0119li udzia\u0142 zaproszeni go\u015bcie: Zeon Szczepankowski &#8211; przewodnicz\u0105cy rady Powiatu przasnyskiego oraz dyrektor Medycznej Szko\u0142y Policealnej w Przasnyszu, Ewelina Kubacz \u2013 kierownik szkolenia praktycznego MSP w Przasnyszu, Micha\u0142a Lewenda \u2013 farmaceuta, nauczyciel MSP, Magdalena Kr\u00f3l &#8211; dyrektor Miejskiego O\u015brodka Pomocy Spo\u0142ecznej w&hellip;<\/p>\n","category_list_v2":"<a href=\"https:\/\/bpprzasnysz.pl\/uk\/category\/2025\/\" rel=\"category tag\">2025<\/a>, <a href=\"https:\/\/bpprzasnysz.pl\/category\/aktualnosci\/\" rel=\"category tag\">Aktualno\u015bci<\/a>","author_info_v2":{"name":"Luiza Dawidziuk","url":"https:\/\/bpprzasnysz.pl\/en\/author\/luizad\/"},"comments_num_v2":"0 comments","_links":{"self":[{"href":"https:\/\/bpprzasnysz.pl\/en\/wp-json\/wp\/v2\/posts\/36901","targetHints":{"allow":["GET"]}}],"collection":[{"href":"https:\/\/bpprzasnysz.pl\/en\/wp-json\/wp\/v2\/posts"}],"about":[{"href":"https:\/\/bpprzasnysz.pl\/en\/wp-json\/wp\/v2\/types\/post"}],"author":[{"embeddable":true,"href":"https:\/\/bpprzasnysz.pl\/en\/wp-json\/wp\/v2\/users\/1285"}],"replies":[{"embeddable":true,"href":"https:\/\/bpprzasnysz.pl\/en\/wp-json\/wp\/v2\/comments?post=36901"}],"version-history":[{"count":6,"href":"https:\/\/bpprzasnysz.pl\/en\/wp-json\/wp\/v2\/posts\/36901\/revisions"}],"predecessor-version":[{"id":37294,"href":"https:\/\/bpprzasnysz.pl\/en\/wp-json\/wp\/v2\/posts\/36901\/revisions\/37294"}],"wp:featuredmedia":[{"embeddable":true,"href":"https:\/\/bpprzasnysz.pl\/en\/wp-json\/wp\/v2\/media\/36976"}],"wp:attachment":[{"href":"https:\/\/bpprzasnysz.pl\/en\/wp-json\/wp\/v2\/media?parent=36901"}],"wp:term":[{"taxonomy":"category","embeddable":true,"href":"https:\/\/bpprzasnysz.pl\/en\/wp-json\/wp\/v2\/categories?post=36901"},{"taxonomy":"post_tag","embeddable":true,"href":"https:\/\/bpprzasnysz.pl\/en\/wp-json\/wp\/v2\/tags?post=36901"}],"curies":[{"name":"wp","href":"https:\/\/api.w.org\/{rel}","templated":true}]}}