{"id":3712,"date":"2021-11-25T09:33:15","date_gmt":"2021-11-25T08:33:15","guid":{"rendered":"http:\/\/www.bpprzasnysz.pl\/?p=3712"},"modified":"2022-08-31T14:48:17","modified_gmt":"2022-08-31T12:48:17","slug":"zaproszenie-na-koncert","status":"publish","type":"post","link":"https:\/\/bpprzasnysz.pl\/en\/zaproszenie-na-koncert\/","title":{"rendered":"Zaproszenie na koncert&#8230;"},"content":{"rendered":"<p style=\"text-align: center\">Zapraszamy na niecodzienne wydarzenie <strong>Miko\u0142ajkowy Koncert Poezji \u015apiewanej &#8211; &#8220;Mi\u0142o\u015b\u0107 niejedno ma imi\u0119&#8221;<\/strong> <strong>dnia 2 grudnia 2021 o godzinie 17.00<\/strong>. Zapraszamy po bezp\u0142atne karnety do biblioteki pedagogicznej. Szczeg\u00f3\u0142y na plakacie oraz pod numerem telefonu\u00a0<strong>29 752 24 17<br \/>\n<a href=\"https:\/\/bpprzasnysz.pl\/wp-content\/uploads\/sites\/56\/2021\/11\/koncert.png\"><img loading=\"lazy\" decoding=\"async\" class=\"alignnone wp-image-3713\" src=\"https:\/\/bpprzasnysz.pl\/wp-content\/uploads\/sites\/56\/2021\/11\/koncert-212x300.png\" alt=\"\" width=\"153\" height=\"217\" srcset=\"https:\/\/bpprzasnysz.pl\/wp-content\/uploads\/sites\/56\/2021\/11\/koncert-212x300.png 212w, https:\/\/bpprzasnysz.pl\/wp-content\/uploads\/sites\/56\/2021\/11\/koncert-723x1024.png 723w, https:\/\/bpprzasnysz.pl\/wp-content\/uploads\/sites\/56\/2021\/11\/koncert-768x1087.png 768w, https:\/\/bpprzasnysz.pl\/wp-content\/uploads\/sites\/56\/2021\/11\/koncert-17x24.png 17w, https:\/\/bpprzasnysz.pl\/wp-content\/uploads\/sites\/56\/2021\/11\/koncert-25x36.png 25w, https:\/\/bpprzasnysz.pl\/wp-content\/uploads\/sites\/56\/2021\/11\/koncert-34x48.png 34w, https:\/\/bpprzasnysz.pl\/wp-content\/uploads\/sites\/56\/2021\/11\/koncert.png 960w\" sizes=\"auto, (max-width: 153px) 100vw, 153px\" \/><\/a><\/strong><\/p>\n","protected":false},"excerpt":{"rendered":"<p>Zapraszamy na niecodzienne wydarzenie Miko\u0142ajkowy Koncert Poezji \u015apiewanej &#8211; &#8220;Mi\u0142o\u015b\u0107 niejedno ma imi\u0119&#8221; dnia 2 grudnia 2021 o godzinie 17.00. [&hellip;]<\/p>\n","protected":false},"author":1303,"featured_media":3713,"comment_status":"closed","ping_status":"closed","sticky":false,"template":"","format":"standard","meta":{"_acf_changed":false,"_oasis_is_in_workflow":0,"_oasis_original":0,"inline_featured_image":false,"site-sidebar-layout":"default","site-content-layout":"","ast-site-content-layout":"default","site-content-style":"default","site-sidebar-style":"default","ast-global-header-display":"","ast-banner-title-visibility":"","ast-main-header-display":"","ast-hfb-above-header-display":"","ast-hfb-below-header-display":"","ast-hfb-mobile-header-display":"","site-post-title":"","ast-breadcrumbs-content":"","ast-featured-img":"","footer-sml-layout":"","ast-disable-related-posts":"","theme-transparent-header-meta":"","adv-header-id-meta":"","stick-header-meta":"","header-above-stick-meta":"","header-main-stick-meta":"","header-below-stick-meta":"","astra-migrate-meta-layouts":"default","ast-page-background-enabled":"default","ast-page-background-meta":{"desktop":{"background-color":"","background-image":"","background-repeat":"repeat","background-position":"center center","background-size":"auto","background-attachment":"scroll","background-type":"","background-media":"","overlay-type":"","overlay-color":"","overlay-opacity":"","overlay-gradient":""},"tablet":{"background-color":"","background-image":"","background-repeat":"repeat","background-position":"center center","background-size":"auto","background-attachment":"scroll","background-type":"","background-media":"","overlay-type":"","overlay-color":"","overlay-opacity":"","overlay-gradient":""},"mobile":{"background-color":"","background-image":"","background-repeat":"repeat","background-position":"center center","background-size":"auto","background-attachment":"scroll","background-type":"","background-media":"","overlay-type":"","overlay-color":"","overlay-opacity":"","overlay-gradient":""}},"ast-content-background-meta":{"desktop":{"background-color":"var(--ast-global-color-5)","background-image":"","background-repeat":"repeat","background-position":"center center","background-size":"auto","background-attachment":"scroll","background-type":"","background-media":"","overlay-type":"","overlay-color":"","overlay-opacity":"","overlay-gradient":""},"tablet":{"background-color":"var(--ast-global-color-5)","background-image":"","background-repeat":"repeat","background-position":"center center","background-size":"auto","background-attachment":"scroll","background-type":"","background-media":"","overlay-type":"","overlay-color":"","overlay-opacity":"","overlay-gradient":""},"mobile":{"background-color":"var(--ast-global-color-5)","background-image":"","background-repeat":"repeat","background-position":"center center","background-size":"auto","background-attachment":"scroll","background-type":"","background-media":"","overlay-type":"","overlay-color":"","overlay-opacity":"","overlay-gradient":""}},"_themeisle_gutenberg_block_has_review":false,"footnotes":""},"categories":[44],"tags":[],"class_list":["post-3712","post","type-post","status-publish","format-standard","has-post-thumbnail","hentry","category-44"],"acf":[],"featured_image_urls_v2":{"full":["https:\/\/bpprzasnysz.pl\/wp-content\/uploads\/sites\/56\/2021\/11\/koncert.png",960,1359,false],"thumbnail":["https:\/\/bpprzasnysz.pl\/wp-content\/uploads\/sites\/56\/2021\/11\/koncert-150x150.png",150,150,true],"medium":["https:\/\/bpprzasnysz.pl\/wp-content\/uploads\/sites\/56\/2021\/11\/koncert-212x300.png",212,300,true],"medium_large":["https:\/\/bpprzasnysz.pl\/wp-content\/uploads\/sites\/56\/2021\/11\/koncert-768x1087.png",768,1087,true],"large":["https:\/\/bpprzasnysz.pl\/wp-content\/uploads\/sites\/56\/2021\/11\/koncert-723x1024.png",723,1024,true],"1536x1536":["https:\/\/bpprzasnysz.pl\/wp-content\/uploads\/sites\/56\/2021\/11\/koncert.png",960,1359,false],"2048x2048":["https:\/\/bpprzasnysz.pl\/wp-content\/uploads\/sites\/56\/2021\/11\/koncert.png",960,1359,false],"menu-24x24":["https:\/\/bpprzasnysz.pl\/wp-content\/uploads\/sites\/56\/2021\/11\/koncert-17x24.png",17,24,true],"menu-36x36":["https:\/\/bpprzasnysz.pl\/wp-content\/uploads\/sites\/56\/2021\/11\/koncert-25x36.png",25,36,true],"menu-48x48":["https:\/\/bpprzasnysz.pl\/wp-content\/uploads\/sites\/56\/2021\/11\/koncert-34x48.png",34,48,true]},"post_excerpt_stackable_v2":"<p>Zapraszamy na niecodzienne wydarzenie Miko\u0142ajkowy Koncert Poezji \u015apiewanej &#8211; &#8220;Mi\u0142o\u015b\u0107 niejedno ma imi\u0119&#8221; dnia 2 grudnia 2021 o godzinie 17.00. Zapraszamy po bezp\u0142atne karnety do biblioteki pedagogicznej. Szczeg\u00f3\u0142y na plakacie oraz pod numerem telefonu\u00a029 752 24 17<\/p>\n","category_list_v2":"<a href=\"https:\/\/bpprzasnysz.pl\/category\/2021\/\" rel=\"category tag\">2021<\/a>","author_info_v2":{"name":"Aneta Dobrzy\u0144ska","url":"https:\/\/bpprzasnysz.pl\/en\/author\/anetad\/"},"comments_num_v2":"0 comments","_links":{"self":[{"href":"https:\/\/bpprzasnysz.pl\/en\/wp-json\/wp\/v2\/posts\/3712","targetHints":{"allow":["GET"]}}],"collection":[{"href":"https:\/\/bpprzasnysz.pl\/en\/wp-json\/wp\/v2\/posts"}],"about":[{"href":"https:\/\/bpprzasnysz.pl\/en\/wp-json\/wp\/v2\/types\/post"}],"author":[{"embeddable":true,"href":"https:\/\/bpprzasnysz.pl\/en\/wp-json\/wp\/v2\/users\/1303"}],"replies":[{"embeddable":true,"href":"https:\/\/bpprzasnysz.pl\/en\/wp-json\/wp\/v2\/comments?post=3712"}],"version-history":[{"count":0,"href":"https:\/\/bpprzasnysz.pl\/en\/wp-json\/wp\/v2\/posts\/3712\/revisions"}],"wp:featuredmedia":[{"embeddable":true,"href":"https:\/\/bpprzasnysz.pl\/en\/wp-json\/wp\/v2\/media\/3713"}],"wp:attachment":[{"href":"https:\/\/bpprzasnysz.pl\/en\/wp-json\/wp\/v2\/media?parent=3712"}],"wp:term":[{"taxonomy":"category","embeddable":true,"href":"https:\/\/bpprzasnysz.pl\/en\/wp-json\/wp\/v2\/categories?post=3712"},{"taxonomy":"post_tag","embeddable":true,"href":"https:\/\/bpprzasnysz.pl\/en\/wp-json\/wp\/v2\/tags?post=3712"}],"curies":[{"name":"wp","href":"https:\/\/api.w.org\/{rel}","templated":true}]}}