{"id":3738,"date":"2021-12-08T12:09:23","date_gmt":"2021-12-08T11:09:23","guid":{"rendered":"http:\/\/www.bpprzasnysz.pl\/?p=3738"},"modified":"2022-08-31T14:53:04","modified_gmt":"2022-08-31T12:53:04","slug":"mikolajkowy-koncert","status":"publish","type":"post","link":"https:\/\/bpprzasnysz.pl\/en\/mikolajkowy-koncert\/","title":{"rendered":"Miko\u0142ajkowy koncert&#8230;"},"content":{"rendered":"\n<p>8 grudnia odby\u0142 si\u0119 miko\u0142ajkowy koncert poezji \u015bpiewanej \u201eMi\u0142o\u015b\u0107 niejedno ma imi\u0119\u201d. B\u00f3g, ojczyzna, rodzice, dzieci, wsp\u00f3\u0142ma\u0142\u017conkowie, my sami \u2013 Mi\u0142o\u015b\u0107 niejedno ma imi\u0119. W dniu wczorajszym s\u0142owami wierszy ksi\u0119dza Jana Twardowskiego oraz pi\u0119knymi piosenkami z repertuaru najwi\u0119kszych bard\u00f3w poezji \u015bpiewanej przekonali nas o tym arty\u015bci w sk\u0142adzie: Jacek Piotrowski, Jacek \u015alubowski, Jaros\u0142aw Dawidziuk, Arkadiusz D\u0105browski oraz Tomasz Ulatowski.\u00a0Dzi\u0119kujemy Medycznej Szkole Policealnej w Przasnyszu i Stajni Ksi\u0119stwo za wsp\u00f3\u0142organizacj\u0119 wydarzenia. Przyby\u0142ym go\u015bciom dzi\u0119kujemy za wsp\u00f3lnie sp\u0119dzone popo\u0142udnie. Miejmy nadziej\u0119 \u2013 do zobaczenia wkr\u00f3tce.<\/p>\n\n\n\n<figure class=\"wp-block-gallery has-nested-images columns-default is-cropped wp-block-gallery-1 is-layout-flex wp-block-gallery-is-layout-flex\">\n<figure class=\"wp-block-image size-large\"><img loading=\"lazy\" decoding=\"async\" width=\"1024\" height=\"683\" data-id=\"24015\" src=\"https:\/\/bpprzasnysz.pl\/wp-content\/uploads\/sites\/56\/2021\/12\/kon7-1024x683-1.jpg\" alt=\"\" class=\"wp-image-24015\" srcset=\"https:\/\/bpprzasnysz.pl\/wp-content\/uploads\/sites\/56\/2021\/12\/kon7-1024x683-1.jpg 1024w, https:\/\/bpprzasnysz.pl\/wp-content\/uploads\/sites\/56\/2021\/12\/kon7-1024x683-1-300x200.jpg 300w, https:\/\/bpprzasnysz.pl\/wp-content\/uploads\/sites\/56\/2021\/12\/kon7-1024x683-1-768x512.jpg 768w, https:\/\/bpprzasnysz.pl\/wp-content\/uploads\/sites\/56\/2021\/12\/kon7-1024x683-1-24x16.jpg 24w, https:\/\/bpprzasnysz.pl\/wp-content\/uploads\/sites\/56\/2021\/12\/kon7-1024x683-1-36x24.jpg 36w, https:\/\/bpprzasnysz.pl\/wp-content\/uploads\/sites\/56\/2021\/12\/kon7-1024x683-1-48x32.jpg 48w\" sizes=\"auto, (max-width: 1024px) 100vw, 1024px\" \/><\/figure>\n\n\n\n<figure class=\"wp-block-image size-large\"><img loading=\"lazy\" decoding=\"async\" width=\"1024\" height=\"683\" data-id=\"24018\" src=\"https:\/\/bpprzasnysz.pl\/wp-content\/uploads\/sites\/56\/2021\/12\/kon6-1024x683-1.jpg\" alt=\"\" class=\"wp-image-24018\" srcset=\"https:\/\/bpprzasnysz.pl\/wp-content\/uploads\/sites\/56\/2021\/12\/kon6-1024x683-1.jpg 1024w, https:\/\/bpprzasnysz.pl\/wp-content\/uploads\/sites\/56\/2021\/12\/kon6-1024x683-1-300x200.jpg 300w, https:\/\/bpprzasnysz.pl\/wp-content\/uploads\/sites\/56\/2021\/12\/kon6-1024x683-1-768x512.jpg 768w, https:\/\/bpprzasnysz.pl\/wp-content\/uploads\/sites\/56\/2021\/12\/kon6-1024x683-1-24x16.jpg 24w, https:\/\/bpprzasnysz.pl\/wp-content\/uploads\/sites\/56\/2021\/12\/kon6-1024x683-1-36x24.jpg 36w, https:\/\/bpprzasnysz.pl\/wp-content\/uploads\/sites\/56\/2021\/12\/kon6-1024x683-1-48x32.jpg 48w\" sizes=\"auto, (max-width: 1024px) 100vw, 1024px\" \/><\/figure>\n\n\n\n<figure class=\"wp-block-image size-large\"><img loading=\"lazy\" decoding=\"async\" width=\"1024\" height=\"683\" data-id=\"24021\" src=\"https:\/\/bpprzasnysz.pl\/wp-content\/uploads\/sites\/56\/2021\/12\/kon5-1024x683-1.jpg\" alt=\"\" class=\"wp-image-24021\" srcset=\"https:\/\/bpprzasnysz.pl\/wp-content\/uploads\/sites\/56\/2021\/12\/kon5-1024x683-1.jpg 1024w, https:\/\/bpprzasnysz.pl\/wp-content\/uploads\/sites\/56\/2021\/12\/kon5-1024x683-1-300x200.jpg 300w, https:\/\/bpprzasnysz.pl\/wp-content\/uploads\/sites\/56\/2021\/12\/kon5-1024x683-1-768x512.jpg 768w, https:\/\/bpprzasnysz.pl\/wp-content\/uploads\/sites\/56\/2021\/12\/kon5-1024x683-1-24x16.jpg 24w, https:\/\/bpprzasnysz.pl\/wp-content\/uploads\/sites\/56\/2021\/12\/kon5-1024x683-1-36x24.jpg 36w, https:\/\/bpprzasnysz.pl\/wp-content\/uploads\/sites\/56\/2021\/12\/kon5-1024x683-1-48x32.jpg 48w\" sizes=\"auto, (max-width: 1024px) 100vw, 1024px\" \/><\/figure>\n\n\n\n<figure class=\"wp-block-image size-large\"><img loading=\"lazy\" decoding=\"async\" width=\"1024\" height=\"683\" data-id=\"24024\" src=\"https:\/\/bpprzasnysz.pl\/wp-content\/uploads\/sites\/56\/2021\/12\/kon4-1024x683-1.jpg\" alt=\"\" class=\"wp-image-24024\" srcset=\"https:\/\/bpprzasnysz.pl\/wp-content\/uploads\/sites\/56\/2021\/12\/kon4-1024x683-1.jpg 1024w, https:\/\/bpprzasnysz.pl\/wp-content\/uploads\/sites\/56\/2021\/12\/kon4-1024x683-1-300x200.jpg 300w, https:\/\/bpprzasnysz.pl\/wp-content\/uploads\/sites\/56\/2021\/12\/kon4-1024x683-1-768x512.jpg 768w, https:\/\/bpprzasnysz.pl\/wp-content\/uploads\/sites\/56\/2021\/12\/kon4-1024x683-1-24x16.jpg 24w, https:\/\/bpprzasnysz.pl\/wp-content\/uploads\/sites\/56\/2021\/12\/kon4-1024x683-1-36x24.jpg 36w, https:\/\/bpprzasnysz.pl\/wp-content\/uploads\/sites\/56\/2021\/12\/kon4-1024x683-1-48x32.jpg 48w\" sizes=\"auto, (max-width: 1024px) 100vw, 1024px\" \/><\/figure>\n\n\n\n<figure class=\"wp-block-image size-large\"><img loading=\"lazy\" decoding=\"async\" width=\"1024\" height=\"683\" data-id=\"24027\" src=\"https:\/\/bpprzasnysz.pl\/wp-content\/uploads\/sites\/56\/2021\/12\/kon3-1024x683-1.jpg\" alt=\"\" class=\"wp-image-24027\" srcset=\"https:\/\/bpprzasnysz.pl\/wp-content\/uploads\/sites\/56\/2021\/12\/kon3-1024x683-1.jpg 1024w, https:\/\/bpprzasnysz.pl\/wp-content\/uploads\/sites\/56\/2021\/12\/kon3-1024x683-1-300x200.jpg 300w, https:\/\/bpprzasnysz.pl\/wp-content\/uploads\/sites\/56\/2021\/12\/kon3-1024x683-1-768x512.jpg 768w, https:\/\/bpprzasnysz.pl\/wp-content\/uploads\/sites\/56\/2021\/12\/kon3-1024x683-1-24x16.jpg 24w, https:\/\/bpprzasnysz.pl\/wp-content\/uploads\/sites\/56\/2021\/12\/kon3-1024x683-1-36x24.jpg 36w, https:\/\/bpprzasnysz.pl\/wp-content\/uploads\/sites\/56\/2021\/12\/kon3-1024x683-1-48x32.jpg 48w\" sizes=\"auto, (max-width: 1024px) 100vw, 1024px\" \/><\/figure>\n\n\n\n<figure class=\"wp-block-image size-large\"><img loading=\"lazy\" decoding=\"async\" width=\"1024\" height=\"683\" data-id=\"24030\" src=\"https:\/\/bpprzasnysz.pl\/wp-content\/uploads\/sites\/56\/2021\/12\/kon2-1024x683-1.jpg\" alt=\"\" class=\"wp-image-24030\" srcset=\"https:\/\/bpprzasnysz.pl\/wp-content\/uploads\/sites\/56\/2021\/12\/kon2-1024x683-1.jpg 1024w, https:\/\/bpprzasnysz.pl\/wp-content\/uploads\/sites\/56\/2021\/12\/kon2-1024x683-1-300x200.jpg 300w, https:\/\/bpprzasnysz.pl\/wp-content\/uploads\/sites\/56\/2021\/12\/kon2-1024x683-1-768x512.jpg 768w, https:\/\/bpprzasnysz.pl\/wp-content\/uploads\/sites\/56\/2021\/12\/kon2-1024x683-1-24x16.jpg 24w, https:\/\/bpprzasnysz.pl\/wp-content\/uploads\/sites\/56\/2021\/12\/kon2-1024x683-1-36x24.jpg 36w, https:\/\/bpprzasnysz.pl\/wp-content\/uploads\/sites\/56\/2021\/12\/kon2-1024x683-1-48x32.jpg 48w\" sizes=\"auto, (max-width: 1024px) 100vw, 1024px\" \/><\/figure>\n\n\n\n<figure class=\"wp-block-image size-large\"><img loading=\"lazy\" decoding=\"async\" width=\"1024\" height=\"683\" data-id=\"24033\" src=\"https:\/\/bpprzasnysz.pl\/wp-content\/uploads\/sites\/56\/2021\/12\/kon1-1024x683-1.jpg\" alt=\"\" class=\"wp-image-24033\" srcset=\"https:\/\/bpprzasnysz.pl\/wp-content\/uploads\/sites\/56\/2021\/12\/kon1-1024x683-1.jpg 1024w, https:\/\/bpprzasnysz.pl\/wp-content\/uploads\/sites\/56\/2021\/12\/kon1-1024x683-1-300x200.jpg 300w, https:\/\/bpprzasnysz.pl\/wp-content\/uploads\/sites\/56\/2021\/12\/kon1-1024x683-1-768x512.jpg 768w, https:\/\/bpprzasnysz.pl\/wp-content\/uploads\/sites\/56\/2021\/12\/kon1-1024x683-1-24x16.jpg 24w, https:\/\/bpprzasnysz.pl\/wp-content\/uploads\/sites\/56\/2021\/12\/kon1-1024x683-1-36x24.jpg 36w, https:\/\/bpprzasnysz.pl\/wp-content\/uploads\/sites\/56\/2021\/12\/kon1-1024x683-1-48x32.jpg 48w\" sizes=\"auto, (max-width: 1024px) 100vw, 1024px\" \/><\/figure>\n<\/figure>\n","protected":false},"excerpt":{"rendered":"<p>8 grudnia odby\u0142 si\u0119 miko\u0142ajkowy koncert poezji \u015bpiewanej \u201eMi\u0142o\u015b\u0107 niejedno ma imi\u0119\u201d. B\u00f3g, ojczyzna, rodzice, dzieci, wsp\u00f3\u0142ma\u0142\u017conkowie, my sami \u2013 [&hellip;]<\/p>\n","protected":false},"author":1303,"featured_media":3739,"comment_status":"closed","ping_status":"closed","sticky":false,"template":"","format":"standard","meta":{"_acf_changed":false,"_oasis_is_in_workflow":0,"_oasis_original":0,"inline_featured_image":false,"site-sidebar-layout":"default","site-content-layout":"","ast-site-content-layout":"default","site-content-style":"default","site-sidebar-style":"default","ast-global-header-display":"","ast-banner-title-visibility":"","ast-main-header-display":"","ast-hfb-above-header-display":"","ast-hfb-below-header-display":"","ast-hfb-mobile-header-display":"","site-post-title":"","ast-breadcrumbs-content":"","ast-featured-img":"","footer-sml-layout":"","ast-disable-related-posts":"","theme-transparent-header-meta":"","adv-header-id-meta":"","stick-header-meta":"","header-above-stick-meta":"","header-main-stick-meta":"","header-below-stick-meta":"","astra-migrate-meta-layouts":"default","ast-page-background-enabled":"default","ast-page-background-meta":{"desktop":{"background-color":"","background-image":"","background-repeat":"repeat","background-position":"center center","background-size":"auto","background-attachment":"scroll","background-type":"","background-media":"","overlay-type":"","overlay-color":"","overlay-opacity":"","overlay-gradient":""},"tablet":{"background-color":"","background-image":"","background-repeat":"repeat","background-position":"center center","background-size":"auto","background-attachment":"scroll","background-type":"","background-media":"","overlay-type":"","overlay-color":"","overlay-opacity":"","overlay-gradient":""},"mobile":{"background-color":"","background-image":"","background-repeat":"repeat","background-position":"center center","background-size":"auto","background-attachment":"scroll","background-type":"","background-media":"","overlay-type":"","overlay-color":"","overlay-opacity":"","overlay-gradient":""}},"ast-content-background-meta":{"desktop":{"background-color":"var(--ast-global-color-5)","background-image":"","background-repeat":"repeat","background-position":"center center","background-size":"auto","background-attachment":"scroll","background-type":"","background-media":"","overlay-type":"","overlay-color":"","overlay-opacity":"","overlay-gradient":""},"tablet":{"background-color":"var(--ast-global-color-5)","background-image":"","background-repeat":"repeat","background-position":"center center","background-size":"auto","background-attachment":"scroll","background-type":"","background-media":"","overlay-type":"","overlay-color":"","overlay-opacity":"","overlay-gradient":""},"mobile":{"background-color":"var(--ast-global-color-5)","background-image":"","background-repeat":"repeat","background-position":"center center","background-size":"auto","background-attachment":"scroll","background-type":"","background-media":"","overlay-type":"","overlay-color":"","overlay-opacity":"","overlay-gradient":""}},"_themeisle_gutenberg_block_has_review":false,"footnotes":""},"categories":[44],"tags":[],"class_list":["post-3738","post","type-post","status-publish","format-standard","has-post-thumbnail","hentry","category-44"],"acf":[],"featured_image_urls_v2":{"full":["https:\/\/bpprzasnysz.pl\/wp-content\/uploads\/sites\/56\/2021\/12\/kon1.jpg",2048,1365,false],"thumbnail":["https:\/\/bpprzasnysz.pl\/wp-content\/uploads\/sites\/56\/2021\/12\/kon1-150x150.jpg",150,150,true],"medium":["https:\/\/bpprzasnysz.pl\/wp-content\/uploads\/sites\/56\/2021\/12\/kon1-300x200.jpg",300,200,true],"medium_large":["https:\/\/bpprzasnysz.pl\/wp-content\/uploads\/sites\/56\/2021\/12\/kon1-768x512.jpg",768,512,true],"large":["https:\/\/bpprzasnysz.pl\/wp-content\/uploads\/sites\/56\/2021\/12\/kon1-1024x683.jpg",1024,683,true],"1536x1536":["https:\/\/bpprzasnysz.pl\/wp-content\/uploads\/sites\/56\/2021\/12\/kon1-1536x1024.jpg",1536,1024,true],"2048x2048":["https:\/\/bpprzasnysz.pl\/wp-content\/uploads\/sites\/56\/2021\/12\/kon1.jpg",2048,1365,false],"menu-24x24":["https:\/\/bpprzasnysz.pl\/wp-content\/uploads\/sites\/56\/2021\/12\/kon1-24x16.jpg",24,16,true],"menu-36x36":["https:\/\/bpprzasnysz.pl\/wp-content\/uploads\/sites\/56\/2021\/12\/kon1-36x24.jpg",36,24,true],"menu-48x48":["https:\/\/bpprzasnysz.pl\/wp-content\/uploads\/sites\/56\/2021\/12\/kon1-48x32.jpg",48,32,true]},"post_excerpt_stackable_v2":"<p>8 grudnia odby\u0142 si\u0119 miko\u0142ajkowy koncert poezji \u015bpiewanej \u201eMi\u0142o\u015b\u0107 niejedno ma imi\u0119\u201d. B\u00f3g, ojczyzna, rodzice, dzieci, wsp\u00f3\u0142ma\u0142\u017conkowie, my sami \u2013 Mi\u0142o\u015b\u0107 niejedno ma imi\u0119. W dniu wczorajszym s\u0142owami wierszy ksi\u0119dza Jana Twardowskiego oraz pi\u0119knymi piosenkami z repertuaru najwi\u0119kszych bard\u00f3w poezji \u015bpiewanej przekonali nas o tym arty\u015bci w sk\u0142adzie: Jacek Piotrowski, Jacek \u015alubowski, Jaros\u0142aw Dawidziuk, Arkadiusz D\u0105browski oraz Tomasz Ulatowski.\u00a0Dzi\u0119kujemy Medycznej Szkole Policealnej w Przasnyszu i Stajni Ksi\u0119stwo za wsp\u00f3\u0142organizacj\u0119 wydarzenia. Przyby\u0142ym go\u015bciom dzi\u0119kujemy za wsp\u00f3lnie sp\u0119dzone popo\u0142udnie. Miejmy nadziej\u0119 \u2013 do zobaczenia wkr\u00f3tce.<\/p>\n","category_list_v2":"<a href=\"https:\/\/bpprzasnysz.pl\/uk\/category\/2021\/\" rel=\"category tag\">2021<\/a>","author_info_v2":{"name":"Aneta Dobrzy\u0144ska","url":"https:\/\/bpprzasnysz.pl\/en\/author\/anetad\/"},"comments_num_v2":"0 comments","_links":{"self":[{"href":"https:\/\/bpprzasnysz.pl\/en\/wp-json\/wp\/v2\/posts\/3738","targetHints":{"allow":["GET"]}}],"collection":[{"href":"https:\/\/bpprzasnysz.pl\/en\/wp-json\/wp\/v2\/posts"}],"about":[{"href":"https:\/\/bpprzasnysz.pl\/en\/wp-json\/wp\/v2\/types\/post"}],"author":[{"embeddable":true,"href":"https:\/\/bpprzasnysz.pl\/en\/wp-json\/wp\/v2\/users\/1303"}],"replies":[{"embeddable":true,"href":"https:\/\/bpprzasnysz.pl\/en\/wp-json\/wp\/v2\/comments?post=3738"}],"version-history":[{"count":0,"href":"https:\/\/bpprzasnysz.pl\/en\/wp-json\/wp\/v2\/posts\/3738\/revisions"}],"wp:featuredmedia":[{"embeddable":true,"href":"https:\/\/bpprzasnysz.pl\/en\/wp-json\/wp\/v2\/media\/3739"}],"wp:attachment":[{"href":"https:\/\/bpprzasnysz.pl\/en\/wp-json\/wp\/v2\/media?parent=3738"}],"wp:term":[{"taxonomy":"category","embeddable":true,"href":"https:\/\/bpprzasnysz.pl\/en\/wp-json\/wp\/v2\/categories?post=3738"},{"taxonomy":"post_tag","embeddable":true,"href":"https:\/\/bpprzasnysz.pl\/en\/wp-json\/wp\/v2\/tags?post=3738"}],"curies":[{"name":"wp","href":"https:\/\/api.w.org\/{rel}","templated":true}]}}