{"id":4016,"date":"2022-06-03T08:45:08","date_gmt":"2022-06-03T06:45:08","guid":{"rendered":"http:\/\/www.bpprzasnysz.pl\/?p=4016"},"modified":"2022-09-01T09:38:03","modified_gmt":"2022-09-01T07:38:03","slug":"galeria-sztuki-swietlicowej-5","status":"publish","type":"post","link":"https:\/\/bpprzasnysz.pl\/en\/galeria-sztuki-swietlicowej-5\/","title":{"rendered":"Galeria sztuki \u015bwietlicowej"},"content":{"rendered":"\n<p>Zapraszamy na ostatni\u0105 w tym roku szkolnym wystaw\u0119 \u201eCztery pory roku w \u015bwietlicy szkolnej\u201d, kt\u00f3r\u0105 b\u0119dzie mo\u017cna podziwia\u0107 w naszej wypo\u017cyczalni ju\u017c od dzisiaj. Wystawa prezentuje prace plastyczne uczni\u00f3w\u00a0<strong>Szko\u0142y Podstawowej nr 5<\/strong>\u00a0<strong>w Przasnyszu<\/strong>, wykonane pod kierunkiem nauczycieli: Marty Skierkowskiej, Ingi Kacner-Olszak, Aleksandry Jazowskiej. Dzi\u0119kujemy Dyrekcji szko\u0142y za udost\u0119pnienie zbior\u00f3w. To pi\u0105ta wystawa z cyklu \u201eGaleria sztuki \u015bwietlicowej\u201d. Zapraszamy do wypo\u017cyczalni Biblioteki Pedagogicznej.<\/p>\n\n\n\n<figure class=\"wp-block-gallery has-nested-images columns-default is-cropped wp-block-gallery-1 is-layout-flex wp-block-gallery-is-layout-flex\">\n<figure class=\"wp-block-image size-large\"><img loading=\"lazy\" decoding=\"async\" width=\"1024\" height=\"773\" data-id=\"24345\" src=\"https:\/\/bpprzasnysz.pl\/wp-content\/uploads\/sites\/56\/2022\/06\/sp-5-galeria-6-1024x773-1.jpg\" alt=\"\" class=\"wp-image-24345\" srcset=\"https:\/\/bpprzasnysz.pl\/wp-content\/uploads\/sites\/56\/2022\/06\/sp-5-galeria-6-1024x773-1.jpg 1024w, https:\/\/bpprzasnysz.pl\/wp-content\/uploads\/sites\/56\/2022\/06\/sp-5-galeria-6-1024x773-1-300x225.jpg 300w, https:\/\/bpprzasnysz.pl\/wp-content\/uploads\/sites\/56\/2022\/06\/sp-5-galeria-6-1024x773-1-768x580.jpg 768w, https:\/\/bpprzasnysz.pl\/wp-content\/uploads\/sites\/56\/2022\/06\/sp-5-galeria-6-1024x773-1-24x18.jpg 24w, https:\/\/bpprzasnysz.pl\/wp-content\/uploads\/sites\/56\/2022\/06\/sp-5-galeria-6-1024x773-1-36x27.jpg 36w, https:\/\/bpprzasnysz.pl\/wp-content\/uploads\/sites\/56\/2022\/06\/sp-5-galeria-6-1024x773-1-48x36.jpg 48w\" sizes=\"auto, (max-width: 1024px) 100vw, 1024px\" \/><\/figure>\n\n\n\n<figure class=\"wp-block-image size-large\"><img loading=\"lazy\" decoding=\"async\" width=\"668\" height=\"1024\" data-id=\"24349\" src=\"https:\/\/bpprzasnysz.pl\/wp-content\/uploads\/sites\/56\/2022\/06\/sp-5-galeria-4-668x1024-1.jpg\" alt=\"\" class=\"wp-image-24349\" srcset=\"https:\/\/bpprzasnysz.pl\/wp-content\/uploads\/sites\/56\/2022\/06\/sp-5-galeria-4-668x1024-1.jpg 668w, https:\/\/bpprzasnysz.pl\/wp-content\/uploads\/sites\/56\/2022\/06\/sp-5-galeria-4-668x1024-1-196x300.jpg 196w, https:\/\/bpprzasnysz.pl\/wp-content\/uploads\/sites\/56\/2022\/06\/sp-5-galeria-4-668x1024-1-16x24.jpg 16w, https:\/\/bpprzasnysz.pl\/wp-content\/uploads\/sites\/56\/2022\/06\/sp-5-galeria-4-668x1024-1-23x36.jpg 23w, https:\/\/bpprzasnysz.pl\/wp-content\/uploads\/sites\/56\/2022\/06\/sp-5-galeria-4-668x1024-1-31x48.jpg 31w\" sizes=\"auto, (max-width: 668px) 100vw, 668px\" \/><\/figure>\n\n\n\n<figure class=\"wp-block-image size-large\"><img loading=\"lazy\" decoding=\"async\" width=\"1024\" height=\"683\" data-id=\"24352\" src=\"https:\/\/bpprzasnysz.pl\/wp-content\/uploads\/sites\/56\/2022\/06\/sp-5-galeria-3-1024x683-1.jpg\" alt=\"\" class=\"wp-image-24352\" srcset=\"https:\/\/bpprzasnysz.pl\/wp-content\/uploads\/sites\/56\/2022\/06\/sp-5-galeria-3-1024x683-1.jpg 1024w, https:\/\/bpprzasnysz.pl\/wp-content\/uploads\/sites\/56\/2022\/06\/sp-5-galeria-3-1024x683-1-300x200.jpg 300w, https:\/\/bpprzasnysz.pl\/wp-content\/uploads\/sites\/56\/2022\/06\/sp-5-galeria-3-1024x683-1-768x512.jpg 768w, https:\/\/bpprzasnysz.pl\/wp-content\/uploads\/sites\/56\/2022\/06\/sp-5-galeria-3-1024x683-1-24x16.jpg 24w, https:\/\/bpprzasnysz.pl\/wp-content\/uploads\/sites\/56\/2022\/06\/sp-5-galeria-3-1024x683-1-36x24.jpg 36w, https:\/\/bpprzasnysz.pl\/wp-content\/uploads\/sites\/56\/2022\/06\/sp-5-galeria-3-1024x683-1-48x32.jpg 48w\" sizes=\"auto, (max-width: 1024px) 100vw, 1024px\" \/><\/figure>\n\n\n\n<figure class=\"wp-block-image size-large\"><img loading=\"lazy\" decoding=\"async\" width=\"1024\" height=\"683\" data-id=\"24355\" src=\"https:\/\/bpprzasnysz.pl\/wp-content\/uploads\/sites\/56\/2022\/06\/sp-5-galeria-2-1024x683-1.jpg\" alt=\"\" class=\"wp-image-24355\" srcset=\"https:\/\/bpprzasnysz.pl\/wp-content\/uploads\/sites\/56\/2022\/06\/sp-5-galeria-2-1024x683-1.jpg 1024w, https:\/\/bpprzasnysz.pl\/wp-content\/uploads\/sites\/56\/2022\/06\/sp-5-galeria-2-1024x683-1-300x200.jpg 300w, https:\/\/bpprzasnysz.pl\/wp-content\/uploads\/sites\/56\/2022\/06\/sp-5-galeria-2-1024x683-1-768x512.jpg 768w, https:\/\/bpprzasnysz.pl\/wp-content\/uploads\/sites\/56\/2022\/06\/sp-5-galeria-2-1024x683-1-24x16.jpg 24w, https:\/\/bpprzasnysz.pl\/wp-content\/uploads\/sites\/56\/2022\/06\/sp-5-galeria-2-1024x683-1-36x24.jpg 36w, https:\/\/bpprzasnysz.pl\/wp-content\/uploads\/sites\/56\/2022\/06\/sp-5-galeria-2-1024x683-1-48x32.jpg 48w\" sizes=\"auto, (max-width: 1024px) 100vw, 1024px\" \/><\/figure>\n\n\n\n<figure class=\"wp-block-image size-large\"><img loading=\"lazy\" decoding=\"async\" width=\"1024\" height=\"725\" data-id=\"24358\" src=\"https:\/\/bpprzasnysz.pl\/wp-content\/uploads\/sites\/56\/2022\/06\/sp-5-galeria-1-1024x725-1.jpg\" alt=\"\" class=\"wp-image-24358\" srcset=\"https:\/\/bpprzasnysz.pl\/wp-content\/uploads\/sites\/56\/2022\/06\/sp-5-galeria-1-1024x725-1.jpg 1024w, https:\/\/bpprzasnysz.pl\/wp-content\/uploads\/sites\/56\/2022\/06\/sp-5-galeria-1-1024x725-1-300x212.jpg 300w, https:\/\/bpprzasnysz.pl\/wp-content\/uploads\/sites\/56\/2022\/06\/sp-5-galeria-1-1024x725-1-768x544.jpg 768w, https:\/\/bpprzasnysz.pl\/wp-content\/uploads\/sites\/56\/2022\/06\/sp-5-galeria-1-1024x725-1-24x17.jpg 24w, https:\/\/bpprzasnysz.pl\/wp-content\/uploads\/sites\/56\/2022\/06\/sp-5-galeria-1-1024x725-1-36x25.jpg 36w, https:\/\/bpprzasnysz.pl\/wp-content\/uploads\/sites\/56\/2022\/06\/sp-5-galeria-1-1024x725-1-48x34.jpg 48w\" sizes=\"auto, (max-width: 1024px) 100vw, 1024px\" \/><\/figure>\n<\/figure>\n","protected":false},"excerpt":{"rendered":"<p>Zapraszamy na ostatni\u0105 w tym roku szkolnym wystaw\u0119 \u201eCztery pory roku w \u015bwietlicy szkolnej\u201d, kt\u00f3r\u0105 b\u0119dzie mo\u017cna podziwia\u0107 w naszej [&hellip;]<\/p>\n","protected":false},"author":1303,"featured_media":4017,"comment_status":"closed","ping_status":"closed","sticky":false,"template":"","format":"standard","meta":{"_acf_changed":false,"_oasis_is_in_workflow":0,"_oasis_original":0,"inline_featured_image":false,"site-sidebar-layout":"default","site-content-layout":"","ast-site-content-layout":"default","site-content-style":"default","site-sidebar-style":"default","ast-global-header-display":"","ast-banner-title-visibility":"","ast-main-header-display":"","ast-hfb-above-header-display":"","ast-hfb-below-header-display":"","ast-hfb-mobile-header-display":"","site-post-title":"","ast-breadcrumbs-content":"","ast-featured-img":"","footer-sml-layout":"","ast-disable-related-posts":"","theme-transparent-header-meta":"","adv-header-id-meta":"","stick-header-meta":"","header-above-stick-meta":"","header-main-stick-meta":"","header-below-stick-meta":"","astra-migrate-meta-layouts":"default","ast-page-background-enabled":"default","ast-page-background-meta":{"desktop":{"background-color":"","background-image":"","background-repeat":"repeat","background-position":"center center","background-size":"auto","background-attachment":"scroll","background-type":"","background-media":"","overlay-type":"","overlay-color":"","overlay-opacity":"","overlay-gradient":""},"tablet":{"background-color":"","background-image":"","background-repeat":"repeat","background-position":"center center","background-size":"auto","background-attachment":"scroll","background-type":"","background-media":"","overlay-type":"","overlay-color":"","overlay-opacity":"","overlay-gradient":""},"mobile":{"background-color":"","background-image":"","background-repeat":"repeat","background-position":"center center","background-size":"auto","background-attachment":"scroll","background-type":"","background-media":"","overlay-type":"","overlay-color":"","overlay-opacity":"","overlay-gradient":""}},"ast-content-background-meta":{"desktop":{"background-color":"var(--ast-global-color-5)","background-image":"","background-repeat":"repeat","background-position":"center center","background-size":"auto","background-attachment":"scroll","background-type":"","background-media":"","overlay-type":"","overlay-color":"","overlay-opacity":"","overlay-gradient":""},"tablet":{"background-color":"var(--ast-global-color-5)","background-image":"","background-repeat":"repeat","background-position":"center center","background-size":"auto","background-attachment":"scroll","background-type":"","background-media":"","overlay-type":"","overlay-color":"","overlay-opacity":"","overlay-gradient":""},"mobile":{"background-color":"var(--ast-global-color-5)","background-image":"","background-repeat":"repeat","background-position":"center center","background-size":"auto","background-attachment":"scroll","background-type":"","background-media":"","overlay-type":"","overlay-color":"","overlay-opacity":"","overlay-gradient":""}},"_themeisle_gutenberg_block_has_review":false,"footnotes":""},"categories":[99],"tags":[],"class_list":["post-4016","post","type-post","status-publish","format-standard","has-post-thumbnail","hentry","category-99"],"acf":[],"featured_image_urls_v2":{"full":["https:\/\/bpprzasnysz.pl\/wp-content\/uploads\/sites\/56\/2022\/06\/sp-5-galeria-1-scaled.jpg",2560,1813,false],"thumbnail":["https:\/\/bpprzasnysz.pl\/wp-content\/uploads\/sites\/56\/2022\/06\/sp-5-galeria-1-150x150.jpg",150,150,true],"medium":["https:\/\/bpprzasnysz.pl\/wp-content\/uploads\/sites\/56\/2022\/06\/sp-5-galeria-1-300x213.jpg",300,213,true],"medium_large":["https:\/\/bpprzasnysz.pl\/wp-content\/uploads\/sites\/56\/2022\/06\/sp-5-galeria-1-768x544.jpg",768,544,true],"large":["https:\/\/bpprzasnysz.pl\/wp-content\/uploads\/sites\/56\/2022\/06\/sp-5-galeria-1-1024x725.jpg",1024,725,true],"1536x1536":["https:\/\/bpprzasnysz.pl\/wp-content\/uploads\/sites\/56\/2022\/06\/sp-5-galeria-1-1536x1088.jpg",1536,1088,true],"2048x2048":["https:\/\/bpprzasnysz.pl\/wp-content\/uploads\/sites\/56\/2022\/06\/sp-5-galeria-1-2048x1451.jpg",2048,1451,true],"menu-24x24":["https:\/\/bpprzasnysz.pl\/wp-content\/uploads\/sites\/56\/2022\/06\/sp-5-galeria-1-24x17.jpg",24,17,true],"menu-36x36":["https:\/\/bpprzasnysz.pl\/wp-content\/uploads\/sites\/56\/2022\/06\/sp-5-galeria-1-36x26.jpg",36,26,true],"menu-48x48":["https:\/\/bpprzasnysz.pl\/wp-content\/uploads\/sites\/56\/2022\/06\/sp-5-galeria-1-48x34.jpg",48,34,true]},"post_excerpt_stackable_v2":"<p>Zapraszamy na ostatni\u0105 w tym roku szkolnym wystaw\u0119 \u201eCztery pory roku w \u015bwietlicy szkolnej\u201d, kt\u00f3r\u0105 b\u0119dzie mo\u017cna podziwia\u0107 w naszej wypo\u017cyczalni ju\u017c od dzisiaj. Wystawa prezentuje prace plastyczne uczni\u00f3w\u00a0Szko\u0142y Podstawowej nr 5\u00a0w Przasnyszu, wykonane pod kierunkiem nauczycieli: Marty Skierkowskiej, Ingi Kacner-Olszak, Aleksandry Jazowskiej. Dzi\u0119kujemy Dyrekcji szko\u0142y za udost\u0119pnienie zbior\u00f3w. To pi\u0105ta wystawa z cyklu \u201eGaleria sztuki \u015bwietlicowej\u201d. Zapraszamy do wypo\u017cyczalni Biblioteki Pedagogicznej.<\/p>\n","category_list_v2":"<a href=\"https:\/\/bpprzasnysz.pl\/en\/category\/2022\/\" rel=\"category tag\">2022<\/a>","author_info_v2":{"name":"Aneta Dobrzy\u0144ska","url":"https:\/\/bpprzasnysz.pl\/en\/author\/anetad\/"},"comments_num_v2":"0 comments","_links":{"self":[{"href":"https:\/\/bpprzasnysz.pl\/en\/wp-json\/wp\/v2\/posts\/4016","targetHints":{"allow":["GET"]}}],"collection":[{"href":"https:\/\/bpprzasnysz.pl\/en\/wp-json\/wp\/v2\/posts"}],"about":[{"href":"https:\/\/bpprzasnysz.pl\/en\/wp-json\/wp\/v2\/types\/post"}],"author":[{"embeddable":true,"href":"https:\/\/bpprzasnysz.pl\/en\/wp-json\/wp\/v2\/users\/1303"}],"replies":[{"embeddable":true,"href":"https:\/\/bpprzasnysz.pl\/en\/wp-json\/wp\/v2\/comments?post=4016"}],"version-history":[{"count":0,"href":"https:\/\/bpprzasnysz.pl\/en\/wp-json\/wp\/v2\/posts\/4016\/revisions"}],"wp:featuredmedia":[{"embeddable":true,"href":"https:\/\/bpprzasnysz.pl\/en\/wp-json\/wp\/v2\/media\/4017"}],"wp:attachment":[{"href":"https:\/\/bpprzasnysz.pl\/en\/wp-json\/wp\/v2\/media?parent=4016"}],"wp:term":[{"taxonomy":"category","embeddable":true,"href":"https:\/\/bpprzasnysz.pl\/en\/wp-json\/wp\/v2\/categories?post=4016"},{"taxonomy":"post_tag","embeddable":true,"href":"https:\/\/bpprzasnysz.pl\/en\/wp-json\/wp\/v2\/tags?post=4016"}],"curies":[{"name":"wp","href":"https:\/\/api.w.org\/{rel}","templated":true}]}}