{"id":25672,"date":"2022-09-29T08:49:00","date_gmt":"2022-09-29T06:49:00","guid":{"rendered":"https:\/\/bpprzasnysz.pl\/?p=25672"},"modified":"2022-11-10T08:54:16","modified_gmt":"2022-11-10T07:54:16","slug":"dzien-glosnego-czytania","status":"publish","type":"post","link":"https:\/\/bpprzasnysz.pl\/ru\/dzien-glosnego-czytania\/","title":{"rendered":"DZIE\u0143 G\u0141O\u015aNEGO CZYTANIA"},"content":{"rendered":"\n<p>29 wrze\u015bnia w\u00a0<strong>Og\u00f3lnopolskim Dniu G\u0142o\u015bnego Czytania<\/strong>\u00a0odwiedzi\u0142y\u015bmy Miejskie Przedszkola Nr 2 z Oddzia\u0142ami Integracyjnymi w Przasnyszu. Czyta\u0142y\u015bmy Pszcz\u00f3\u0142kom ksi\u0105\u017cki: \u201eCo robi\u0105 maszyny?\u201d Jo Nelson oraz \u201eElmer: s\u0142o\u0144 w kratk\u0119\u201d David McKee. Na zako\u0144czenie zaj\u0119\u0107 edukacyjnych dzieci przygotowa\u0142y w\u0142asn\u0105 ksi\u0105\u017ceczk\u0119 z logo Biblioteki Pedagogicznej w Przasnyszu.<\/p>\n\n\n\n<figure class=\"wp-block-gallery has-nested-images columns-default is-cropped wp-block-gallery-1 is-layout-flex wp-block-gallery-is-layout-flex\">\n<figure class=\"wp-block-image size-large\"><a href=\"https:\/\/bpprzasnysz.pl\/wp-content\/uploads\/sites\/56\/2022\/11\/insta-1024x1024-1.jpg\"><img loading=\"lazy\" decoding=\"async\" width=\"1024\" height=\"1024\" data-id=\"25783\" src=\"https:\/\/bpprzasnysz.pl\/wp-content\/uploads\/sites\/56\/2022\/11\/insta-1024x1024-1.jpg\" alt=\"\" class=\"wp-image-25783\" srcset=\"https:\/\/bpprzasnysz.pl\/wp-content\/uploads\/sites\/56\/2022\/11\/insta-1024x1024-1.jpg 1024w, https:\/\/bpprzasnysz.pl\/wp-content\/uploads\/sites\/56\/2022\/11\/insta-1024x1024-1-300x300.jpg 300w, https:\/\/bpprzasnysz.pl\/wp-content\/uploads\/sites\/56\/2022\/11\/insta-1024x1024-1-150x150.jpg 150w, https:\/\/bpprzasnysz.pl\/wp-content\/uploads\/sites\/56\/2022\/11\/insta-1024x1024-1-768x768.jpg 768w, https:\/\/bpprzasnysz.pl\/wp-content\/uploads\/sites\/56\/2022\/11\/insta-1024x1024-1-75x75.jpg 75w, https:\/\/bpprzasnysz.pl\/wp-content\/uploads\/sites\/56\/2022\/11\/insta-1024x1024-1-24x24.jpg 24w, https:\/\/bpprzasnysz.pl\/wp-content\/uploads\/sites\/56\/2022\/11\/insta-1024x1024-1-36x36.jpg 36w, https:\/\/bpprzasnysz.pl\/wp-content\/uploads\/sites\/56\/2022\/11\/insta-1024x1024-1-48x48.jpg 48w\" sizes=\"auto, (max-width: 1024px) 100vw, 1024px\" \/><\/a><\/figure>\n\n\n\n<figure class=\"wp-block-image size-large\"><a href=\"https:\/\/bpprzasnysz.pl\/wp-content\/uploads\/sites\/56\/2022\/11\/1-958x1024-1.jpg\"><img loading=\"lazy\" decoding=\"async\" width=\"958\" height=\"1024\" data-id=\"25771\" src=\"https:\/\/bpprzasnysz.pl\/wp-content\/uploads\/sites\/56\/2022\/11\/1-958x1024-1.jpg\" alt=\"\" class=\"wp-image-25771\" srcset=\"https:\/\/bpprzasnysz.pl\/wp-content\/uploads\/sites\/56\/2022\/11\/1-958x1024-1.jpg 958w, https:\/\/bpprzasnysz.pl\/wp-content\/uploads\/sites\/56\/2022\/11\/1-958x1024-1-281x300.jpg 281w, https:\/\/bpprzasnysz.pl\/wp-content\/uploads\/sites\/56\/2022\/11\/1-958x1024-1-768x821.jpg 768w, https:\/\/bpprzasnysz.pl\/wp-content\/uploads\/sites\/56\/2022\/11\/1-958x1024-1-22x24.jpg 22w, https:\/\/bpprzasnysz.pl\/wp-content\/uploads\/sites\/56\/2022\/11\/1-958x1024-1-34x36.jpg 34w, https:\/\/bpprzasnysz.pl\/wp-content\/uploads\/sites\/56\/2022\/11\/1-958x1024-1-45x48.jpg 45w\" sizes=\"auto, (max-width: 958px) 100vw, 958px\" \/><\/a><\/figure>\n\n\n\n<figure class=\"wp-block-image size-large\"><a href=\"https:\/\/bpprzasnysz.pl\/wp-content\/uploads\/sites\/56\/2022\/11\/2-768x1024-1.jpg\"><img loading=\"lazy\" decoding=\"async\" width=\"768\" height=\"1024\" data-id=\"25759\" src=\"https:\/\/bpprzasnysz.pl\/wp-content\/uploads\/sites\/56\/2022\/11\/2-768x1024-1.jpg\" alt=\"\" class=\"wp-image-25759\" srcset=\"https:\/\/bpprzasnysz.pl\/wp-content\/uploads\/sites\/56\/2022\/11\/2-768x1024-1.jpg 768w, https:\/\/bpprzasnysz.pl\/wp-content\/uploads\/sites\/56\/2022\/11\/2-768x1024-1-225x300.jpg 225w, https:\/\/bpprzasnysz.pl\/wp-content\/uploads\/sites\/56\/2022\/11\/2-768x1024-1-18x24.jpg 18w, https:\/\/bpprzasnysz.pl\/wp-content\/uploads\/sites\/56\/2022\/11\/2-768x1024-1-27x36.jpg 27w, https:\/\/bpprzasnysz.pl\/wp-content\/uploads\/sites\/56\/2022\/11\/2-768x1024-1-36x48.jpg 36w\" sizes=\"auto, (max-width: 768px) 100vw, 768px\" \/><\/a><\/figure>\n\n\n\n<figure class=\"wp-block-image size-large\"><a href=\"https:\/\/bpprzasnysz.pl\/wp-content\/uploads\/sites\/56\/2022\/11\/3-768x1024-1.jpg\"><img loading=\"lazy\" decoding=\"async\" width=\"768\" height=\"1024\" data-id=\"25747\" src=\"https:\/\/bpprzasnysz.pl\/wp-content\/uploads\/sites\/56\/2022\/11\/3-768x1024-1.jpg\" alt=\"\" class=\"wp-image-25747\" srcset=\"https:\/\/bpprzasnysz.pl\/wp-content\/uploads\/sites\/56\/2022\/11\/3-768x1024-1.jpg 768w, https:\/\/bpprzasnysz.pl\/wp-content\/uploads\/sites\/56\/2022\/11\/3-768x1024-1-225x300.jpg 225w, https:\/\/bpprzasnysz.pl\/wp-content\/uploads\/sites\/56\/2022\/11\/3-768x1024-1-18x24.jpg 18w, https:\/\/bpprzasnysz.pl\/wp-content\/uploads\/sites\/56\/2022\/11\/3-768x1024-1-27x36.jpg 27w, https:\/\/bpprzasnysz.pl\/wp-content\/uploads\/sites\/56\/2022\/11\/3-768x1024-1-36x48.jpg 36w\" sizes=\"auto, (max-width: 768px) 100vw, 768px\" \/><\/a><\/figure>\n\n\n\n<figure class=\"wp-block-image size-large\"><a href=\"https:\/\/bpprzasnysz.pl\/wp-content\/uploads\/sites\/56\/2022\/11\/4-2.jpg\"><img loading=\"lazy\" decoding=\"async\" width=\"484\" height=\"960\" data-id=\"25735\" src=\"https:\/\/bpprzasnysz.pl\/wp-content\/uploads\/sites\/56\/2022\/11\/4-2.jpg\" alt=\"\" class=\"wp-image-25735\" srcset=\"https:\/\/bpprzasnysz.pl\/wp-content\/uploads\/sites\/56\/2022\/11\/4-2.jpg 484w, https:\/\/bpprzasnysz.pl\/wp-content\/uploads\/sites\/56\/2022\/11\/4-2-151x300.jpg 151w, https:\/\/bpprzasnysz.pl\/wp-content\/uploads\/sites\/56\/2022\/11\/4-2-12x24.jpg 12w, https:\/\/bpprzasnysz.pl\/wp-content\/uploads\/sites\/56\/2022\/11\/4-2-18x36.jpg 18w, https:\/\/bpprzasnysz.pl\/wp-content\/uploads\/sites\/56\/2022\/11\/4-2-24x48.jpg 24w\" sizes=\"auto, (max-width: 484px) 100vw, 484px\" \/><\/a><\/figure>\n\n\n\n<figure class=\"wp-block-image size-large\"><a href=\"https:\/\/bpprzasnysz.pl\/wp-content\/uploads\/sites\/56\/2022\/11\/5-1.jpg\"><img loading=\"lazy\" decoding=\"async\" width=\"781\" height=\"960\" data-id=\"25723\" src=\"https:\/\/bpprzasnysz.pl\/wp-content\/uploads\/sites\/56\/2022\/11\/5-1.jpg\" alt=\"\" class=\"wp-image-25723\" srcset=\"https:\/\/bpprzasnysz.pl\/wp-content\/uploads\/sites\/56\/2022\/11\/5-1.jpg 781w, https:\/\/bpprzasnysz.pl\/wp-content\/uploads\/sites\/56\/2022\/11\/5-1-244x300.jpg 244w, https:\/\/bpprzasnysz.pl\/wp-content\/uploads\/sites\/56\/2022\/11\/5-1-768x944.jpg 768w, https:\/\/bpprzasnysz.pl\/wp-content\/uploads\/sites\/56\/2022\/11\/5-1-20x24.jpg 20w, https:\/\/bpprzasnysz.pl\/wp-content\/uploads\/sites\/56\/2022\/11\/5-1-29x36.jpg 29w, https:\/\/bpprzasnysz.pl\/wp-content\/uploads\/sites\/56\/2022\/11\/5-1-39x48.jpg 39w\" sizes=\"auto, (max-width: 781px) 100vw, 781px\" \/><\/a><\/figure>\n\n\n\n<figure class=\"wp-block-image size-large\"><a href=\"https:\/\/bpprzasnysz.pl\/wp-content\/uploads\/sites\/56\/2022\/11\/7-1.jpg\"><img loading=\"lazy\" decoding=\"async\" width=\"720\" height=\"960\" data-id=\"25699\" src=\"https:\/\/bpprzasnysz.pl\/wp-content\/uploads\/sites\/56\/2022\/11\/7-1.jpg\" alt=\"\" class=\"wp-image-25699\" srcset=\"https:\/\/bpprzasnysz.pl\/wp-content\/uploads\/sites\/56\/2022\/11\/7-1.jpg 720w, https:\/\/bpprzasnysz.pl\/wp-content\/uploads\/sites\/56\/2022\/11\/7-1-225x300.jpg 225w, https:\/\/bpprzasnysz.pl\/wp-content\/uploads\/sites\/56\/2022\/11\/7-1-18x24.jpg 18w, https:\/\/bpprzasnysz.pl\/wp-content\/uploads\/sites\/56\/2022\/11\/7-1-27x36.jpg 27w, https:\/\/bpprzasnysz.pl\/wp-content\/uploads\/sites\/56\/2022\/11\/7-1-36x48.jpg 36w\" sizes=\"auto, (max-width: 720px) 100vw, 720px\" \/><\/a><\/figure>\n\n\n\n<figure class=\"wp-block-image size-large\"><a href=\"https:\/\/bpprzasnysz.pl\/wp-content\/uploads\/sites\/56\/2022\/11\/8-2.jpg\"><img loading=\"lazy\" decoding=\"async\" width=\"960\" height=\"720\" data-id=\"25687\" src=\"https:\/\/bpprzasnysz.pl\/wp-content\/uploads\/sites\/56\/2022\/11\/8-2.jpg\" alt=\"\" class=\"wp-image-25687\" srcset=\"https:\/\/bpprzasnysz.pl\/wp-content\/uploads\/sites\/56\/2022\/11\/8-2.jpg 960w, https:\/\/bpprzasnysz.pl\/wp-content\/uploads\/sites\/56\/2022\/11\/8-2-300x225.jpg 300w, https:\/\/bpprzasnysz.pl\/wp-content\/uploads\/sites\/56\/2022\/11\/8-2-768x576.jpg 768w, https:\/\/bpprzasnysz.pl\/wp-content\/uploads\/sites\/56\/2022\/11\/8-2-24x18.jpg 24w, https:\/\/bpprzasnysz.pl\/wp-content\/uploads\/sites\/56\/2022\/11\/8-2-36x27.jpg 36w, https:\/\/bpprzasnysz.pl\/wp-content\/uploads\/sites\/56\/2022\/11\/8-2-48x36.jpg 48w\" sizes=\"auto, (max-width: 960px) 100vw, 960px\" \/><\/a><\/figure>\n\n\n\n<figure class=\"wp-block-image size-large\"><a href=\"https:\/\/bpprzasnysz.pl\/wp-content\/uploads\/sites\/56\/2022\/11\/9-1.jpg\"><img loading=\"lazy\" decoding=\"async\" width=\"960\" height=\"720\" data-id=\"25675\" src=\"https:\/\/bpprzasnysz.pl\/wp-content\/uploads\/sites\/56\/2022\/11\/9-1.jpg\" alt=\"\" class=\"wp-image-25675\" srcset=\"https:\/\/bpprzasnysz.pl\/wp-content\/uploads\/sites\/56\/2022\/11\/9-1.jpg 960w, https:\/\/bpprzasnysz.pl\/wp-content\/uploads\/sites\/56\/2022\/11\/9-1-300x225.jpg 300w, https:\/\/bpprzasnysz.pl\/wp-content\/uploads\/sites\/56\/2022\/11\/9-1-768x576.jpg 768w, https:\/\/bpprzasnysz.pl\/wp-content\/uploads\/sites\/56\/2022\/11\/9-1-24x18.jpg 24w, https:\/\/bpprzasnysz.pl\/wp-content\/uploads\/sites\/56\/2022\/11\/9-1-36x27.jpg 36w, https:\/\/bpprzasnysz.pl\/wp-content\/uploads\/sites\/56\/2022\/11\/9-1-48x36.jpg 48w\" sizes=\"auto, (max-width: 960px) 100vw, 960px\" \/><\/a><\/figure>\n\n\n\n<figure class=\"wp-block-image size-large\"><a href=\"https:\/\/bpprzasnysz.pl\/wp-content\/uploads\/sites\/56\/2022\/11\/6-2.jpg\"><img loading=\"lazy\" decoding=\"async\" width=\"720\" height=\"960\" data-id=\"25711\" src=\"https:\/\/bpprzasnysz.pl\/wp-content\/uploads\/sites\/56\/2022\/11\/6-2.jpg\" alt=\"\" class=\"wp-image-25711\" srcset=\"https:\/\/bpprzasnysz.pl\/wp-content\/uploads\/sites\/56\/2022\/11\/6-2.jpg 720w, https:\/\/bpprzasnysz.pl\/wp-content\/uploads\/sites\/56\/2022\/11\/6-2-225x300.jpg 225w, https:\/\/bpprzasnysz.pl\/wp-content\/uploads\/sites\/56\/2022\/11\/6-2-18x24.jpg 18w, https:\/\/bpprzasnysz.pl\/wp-content\/uploads\/sites\/56\/2022\/11\/6-2-27x36.jpg 27w, https:\/\/bpprzasnysz.pl\/wp-content\/uploads\/sites\/56\/2022\/11\/6-2-36x48.jpg 36w\" sizes=\"auto, (max-width: 720px) 100vw, 720px\" \/><\/a><\/figure>\n<\/figure>\n","protected":false},"excerpt":{"rendered":"<p>29 wrze\u015bnia w\u00a0Og\u00f3lnopolskim Dniu G\u0142o\u015bnego Czytania\u00a0odwiedzi\u0142y\u015bmy Miejskie Przedszkola Nr 2 z Oddzia\u0142ami Integracyjnymi w Przasnyszu. Czyta\u0142y\u015bmy Pszcz\u00f3\u0142kom ksi\u0105\u017cki: \u201eCo robi\u0105 [&hellip;]<\/p>\n","protected":false},"author":741,"featured_media":25675,"comment_status":"closed","ping_status":"closed","sticky":false,"template":"","format":"standard","meta":{"_acf_changed":false,"_oasis_is_in_workflow":0,"_oasis_original":0,"inline_featured_image":false,"site-sidebar-layout":"default","site-content-layout":"","ast-site-content-layout":"default","site-content-style":"default","site-sidebar-style":"default","ast-global-header-display":"","ast-banner-title-visibility":"","ast-main-header-display":"","ast-hfb-above-header-display":"","ast-hfb-below-header-display":"","ast-hfb-mobile-header-display":"","site-post-title":"","ast-breadcrumbs-content":"","ast-featured-img":"","footer-sml-layout":"","ast-disable-related-posts":"","theme-transparent-header-meta":"","adv-header-id-meta":"","stick-header-meta":"","header-above-stick-meta":"","header-main-stick-meta":"","header-below-stick-meta":"","astra-migrate-meta-layouts":"default","ast-page-background-enabled":"default","ast-page-background-meta":{"desktop":{"background-color":"","background-image":"","background-repeat":"repeat","background-position":"center center","background-size":"auto","background-attachment":"scroll","background-type":"","background-media":"","overlay-type":"","overlay-color":"","overlay-opacity":"","overlay-gradient":""},"tablet":{"background-color":"","background-image":"","background-repeat":"repeat","background-position":"center center","background-size":"auto","background-attachment":"scroll","background-type":"","background-media":"","overlay-type":"","overlay-color":"","overlay-opacity":"","overlay-gradient":""},"mobile":{"background-color":"","background-image":"","background-repeat":"repeat","background-position":"center center","background-size":"auto","background-attachment":"scroll","background-type":"","background-media":"","overlay-type":"","overlay-color":"","overlay-opacity":"","overlay-gradient":""}},"ast-content-background-meta":{"desktop":{"background-color":"var(--ast-global-color-5)","background-image":"","background-repeat":"repeat","background-position":"center center","background-size":"auto","background-attachment":"scroll","background-type":"","background-media":"","overlay-type":"","overlay-color":"","overlay-opacity":"","overlay-gradient":""},"tablet":{"background-color":"var(--ast-global-color-5)","background-image":"","background-repeat":"repeat","background-position":"center center","background-size":"auto","background-attachment":"scroll","background-type":"","background-media":"","overlay-type":"","overlay-color":"","overlay-opacity":"","overlay-gradient":""},"mobile":{"background-color":"var(--ast-global-color-5)","background-image":"","background-repeat":"repeat","background-position":"center center","background-size":"auto","background-attachment":"scroll","background-type":"","background-media":"","overlay-type":"","overlay-color":"","overlay-opacity":"","overlay-gradient":""}},"_themeisle_gutenberg_block_has_review":false,"footnotes":""},"categories":[99],"tags":[],"class_list":["post-25672","post","type-post","status-publish","format-standard","has-post-thumbnail","hentry","category-99"],"acf":[],"featured_image_urls_v2":{"full":["https:\/\/bpprzasnysz.pl\/wp-content\/uploads\/sites\/56\/2022\/11\/9-1.jpg",960,720,false],"thumbnail":["https:\/\/bpprzasnysz.pl\/wp-content\/uploads\/sites\/56\/2022\/11\/9-1-150x150.jpg",150,150,true],"medium":["https:\/\/bpprzasnysz.pl\/wp-content\/uploads\/sites\/56\/2022\/11\/9-1-300x225.jpg",300,225,true],"medium_large":["https:\/\/bpprzasnysz.pl\/wp-content\/uploads\/sites\/56\/2022\/11\/9-1-768x576.jpg",768,576,true],"large":["https:\/\/bpprzasnysz.pl\/wp-content\/uploads\/sites\/56\/2022\/11\/9-1.jpg",960,720,false],"1536x1536":["https:\/\/bpprzasnysz.pl\/wp-content\/uploads\/sites\/56\/2022\/11\/9-1.jpg",960,720,false],"2048x2048":["https:\/\/bpprzasnysz.pl\/wp-content\/uploads\/sites\/56\/2022\/11\/9-1.jpg",960,720,false],"menu-24x24":["https:\/\/bpprzasnysz.pl\/wp-content\/uploads\/sites\/56\/2022\/11\/9-1-24x18.jpg",24,18,true],"menu-36x36":["https:\/\/bpprzasnysz.pl\/wp-content\/uploads\/sites\/56\/2022\/11\/9-1-36x27.jpg",36,27,true],"menu-48x48":["https:\/\/bpprzasnysz.pl\/wp-content\/uploads\/sites\/56\/2022\/11\/9-1-48x36.jpg",48,36,true]},"post_excerpt_stackable_v2":"<p>29 wrze\u015bnia w\u00a0Og\u00f3lnopolskim Dniu G\u0142o\u015bnego Czytania\u00a0odwiedzi\u0142y\u015bmy Miejskie Przedszkola Nr 2 z Oddzia\u0142ami Integracyjnymi w Przasnyszu. Czyta\u0142y\u015bmy Pszcz\u00f3\u0142kom ksi\u0105\u017cki: \u201eCo robi\u0105 maszyny?\u201d Jo Nelson oraz \u201eElmer: s\u0142o\u0144 w kratk\u0119\u201d David McKee. Na zako\u0144czenie zaj\u0119\u0107 edukacyjnych dzieci przygotowa\u0142y w\u0142asn\u0105 ksi\u0105\u017ceczk\u0119 z logo Biblioteki Pedagogicznej w Przasnyszu.<\/p>\n","category_list_v2":"<a href=\"https:\/\/bpprzasnysz.pl\/en\/category\/2022\/\" rel=\"category tag\">2022<\/a>","author_info_v2":{"name":"Aleksandra Cie\u015blicka","url":"https:\/\/bpprzasnysz.pl\/ru\/author\/acieslicka\/"},"comments_num_v2":"0 \u043a\u043e\u043c\u043c\u0435\u043d\u0442\u0430\u0440\u0438\u0435\u0432","_links":{"self":[{"href":"https:\/\/bpprzasnysz.pl\/ru\/wp-json\/wp\/v2\/posts\/25672","targetHints":{"allow":["GET"]}}],"collection":[{"href":"https:\/\/bpprzasnysz.pl\/ru\/wp-json\/wp\/v2\/posts"}],"about":[{"href":"https:\/\/bpprzasnysz.pl\/ru\/wp-json\/wp\/v2\/types\/post"}],"author":[{"embeddable":true,"href":"https:\/\/bpprzasnysz.pl\/ru\/wp-json\/wp\/v2\/users\/741"}],"replies":[{"embeddable":true,"href":"https:\/\/bpprzasnysz.pl\/ru\/wp-json\/wp\/v2\/comments?post=25672"}],"version-history":[{"count":2,"href":"https:\/\/bpprzasnysz.pl\/ru\/wp-json\/wp\/v2\/posts\/25672\/revisions"}],"predecessor-version":[{"id":25798,"href":"https:\/\/bpprzasnysz.pl\/ru\/wp-json\/wp\/v2\/posts\/25672\/revisions\/25798"}],"wp:featuredmedia":[{"embeddable":true,"href":"https:\/\/bpprzasnysz.pl\/ru\/wp-json\/wp\/v2\/media\/25675"}],"wp:attachment":[{"href":"https:\/\/bpprzasnysz.pl\/ru\/wp-json\/wp\/v2\/media?parent=25672"}],"wp:term":[{"taxonomy":"category","embeddable":true,"href":"https:\/\/bpprzasnysz.pl\/ru\/wp-json\/wp\/v2\/categories?post=25672"},{"taxonomy":"post_tag","embeddable":true,"href":"https:\/\/bpprzasnysz.pl\/ru\/wp-json\/wp\/v2\/tags?post=25672"}],"curies":[{"name":"wp","href":"https:\/\/api.w.org\/{rel}","templated":true}]}}