{"id":25822,"date":"2022-10-08T08:57:00","date_gmt":"2022-10-08T06:57:00","guid":{"rendered":"https:\/\/bpprzasnysz.pl\/?p=25822"},"modified":"2022-11-10T09:00:39","modified_gmt":"2022-11-10T08:00:39","slug":"mali-artysci-oddzial-przedszkolny-sp-nr-2","status":"publish","type":"post","link":"https:\/\/bpprzasnysz.pl\/ru\/mali-artysci-oddzial-przedszkolny-sp-nr-2\/","title":{"rendered":"\u201eMALI ARTY\u015aCI\u201d \u2013 ODDZIA\u0141 PRZEDSZKOLNY SP NR 2"},"content":{"rendered":"\n<p>Zapraszamy na wystaw\u0119\u00a0<strong>\u201eMali arty\u015bci\u201d<\/strong>\u00a0do Biblioteki Pedagogicznej. Prace plastyczne zosta\u0142y wykonane\u00a0przez przedszkolak\u00f3w z Oddzia\u0142u Przedszkolnego Szko\u0142y Podstawowej nr 2 w Przasnyszu pod kierunkiem nauczycieli:\u00a0Gra\u017cyny Jarz\u0105bek i Marty Kilia\u0144skiej. Wystaw\u0119 b\u0119dzie mo\u017cna podziwia\u0107 do ko\u0144ca pa\u017adziernika.<\/p>\n\n\n\n<figure class=\"wp-block-gallery has-nested-images columns-default is-cropped wp-block-gallery-1 is-layout-flex wp-block-gallery-is-layout-flex\">\n<figure class=\"wp-block-image size-large\"><a href=\"https:\/\/bpprzasnysz.pl\/wp-content\/uploads\/sites\/56\/2022\/11\/art-1024x683-1.jpg\"><img loading=\"lazy\" decoding=\"async\" width=\"1024\" height=\"683\" data-id=\"25825\" src=\"https:\/\/bpprzasnysz.pl\/wp-content\/uploads\/sites\/56\/2022\/11\/art-1024x683-1.jpg\" alt=\"\" class=\"wp-image-25825\" srcset=\"https:\/\/bpprzasnysz.pl\/wp-content\/uploads\/sites\/56\/2022\/11\/art-1024x683-1.jpg 1024w, https:\/\/bpprzasnysz.pl\/wp-content\/uploads\/sites\/56\/2022\/11\/art-1024x683-1-300x200.jpg 300w, https:\/\/bpprzasnysz.pl\/wp-content\/uploads\/sites\/56\/2022\/11\/art-1024x683-1-768x512.jpg 768w, https:\/\/bpprzasnysz.pl\/wp-content\/uploads\/sites\/56\/2022\/11\/art-1024x683-1-24x16.jpg 24w, https:\/\/bpprzasnysz.pl\/wp-content\/uploads\/sites\/56\/2022\/11\/art-1024x683-1-36x24.jpg 36w, https:\/\/bpprzasnysz.pl\/wp-content\/uploads\/sites\/56\/2022\/11\/art-1024x683-1-48x32.jpg 48w\" sizes=\"auto, (max-width: 1024px) 100vw, 1024px\" \/><\/a><\/figure>\n\n\n\n<figure class=\"wp-block-image size-large\"><a href=\"https:\/\/bpprzasnysz.pl\/wp-content\/uploads\/sites\/56\/2022\/11\/art1-724x1024-1.png\"><img loading=\"lazy\" decoding=\"async\" width=\"724\" height=\"1024\" data-id=\"25837\" src=\"https:\/\/bpprzasnysz.pl\/wp-content\/uploads\/sites\/56\/2022\/11\/art1-724x1024-1.png\" alt=\"\" class=\"wp-image-25837\" srcset=\"https:\/\/bpprzasnysz.pl\/wp-content\/uploads\/sites\/56\/2022\/11\/art1-724x1024-1.png 724w, https:\/\/bpprzasnysz.pl\/wp-content\/uploads\/sites\/56\/2022\/11\/art1-724x1024-1-212x300.png 212w, https:\/\/bpprzasnysz.pl\/wp-content\/uploads\/sites\/56\/2022\/11\/art1-724x1024-1-17x24.png 17w, https:\/\/bpprzasnysz.pl\/wp-content\/uploads\/sites\/56\/2022\/11\/art1-724x1024-1-25x36.png 25w, https:\/\/bpprzasnysz.pl\/wp-content\/uploads\/sites\/56\/2022\/11\/art1-724x1024-1-34x48.png 34w\" sizes=\"auto, (max-width: 724px) 100vw, 724px\" \/><\/a><\/figure>\n\n\n\n<figure class=\"wp-block-image size-large\"><a href=\"https:\/\/bpprzasnysz.pl\/wp-content\/uploads\/sites\/56\/2022\/11\/art2-1024x683-1.jpg\"><img loading=\"lazy\" decoding=\"async\" width=\"1024\" height=\"683\" data-id=\"25849\" src=\"https:\/\/bpprzasnysz.pl\/wp-content\/uploads\/sites\/56\/2022\/11\/art2-1024x683-1.jpg\" alt=\"\" class=\"wp-image-25849\" srcset=\"https:\/\/bpprzasnysz.pl\/wp-content\/uploads\/sites\/56\/2022\/11\/art2-1024x683-1.jpg 1024w, https:\/\/bpprzasnysz.pl\/wp-content\/uploads\/sites\/56\/2022\/11\/art2-1024x683-1-300x200.jpg 300w, https:\/\/bpprzasnysz.pl\/wp-content\/uploads\/sites\/56\/2022\/11\/art2-1024x683-1-768x512.jpg 768w, https:\/\/bpprzasnysz.pl\/wp-content\/uploads\/sites\/56\/2022\/11\/art2-1024x683-1-24x16.jpg 24w, https:\/\/bpprzasnysz.pl\/wp-content\/uploads\/sites\/56\/2022\/11\/art2-1024x683-1-36x24.jpg 36w, https:\/\/bpprzasnysz.pl\/wp-content\/uploads\/sites\/56\/2022\/11\/art2-1024x683-1-48x32.jpg 48w\" sizes=\"auto, (max-width: 1024px) 100vw, 1024px\" \/><\/a><\/figure>\n\n\n\n<figure class=\"wp-block-image size-large\"><a href=\"https:\/\/bpprzasnysz.pl\/wp-content\/uploads\/sites\/56\/2022\/11\/art3-1024x683-1.jpg\"><img loading=\"lazy\" decoding=\"async\" width=\"1024\" height=\"683\" data-id=\"25861\" src=\"https:\/\/bpprzasnysz.pl\/wp-content\/uploads\/sites\/56\/2022\/11\/art3-1024x683-1.jpg\" alt=\"\" class=\"wp-image-25861\" srcset=\"https:\/\/bpprzasnysz.pl\/wp-content\/uploads\/sites\/56\/2022\/11\/art3-1024x683-1.jpg 1024w, https:\/\/bpprzasnysz.pl\/wp-content\/uploads\/sites\/56\/2022\/11\/art3-1024x683-1-300x200.jpg 300w, https:\/\/bpprzasnysz.pl\/wp-content\/uploads\/sites\/56\/2022\/11\/art3-1024x683-1-768x512.jpg 768w, https:\/\/bpprzasnysz.pl\/wp-content\/uploads\/sites\/56\/2022\/11\/art3-1024x683-1-24x16.jpg 24w, https:\/\/bpprzasnysz.pl\/wp-content\/uploads\/sites\/56\/2022\/11\/art3-1024x683-1-36x24.jpg 36w, https:\/\/bpprzasnysz.pl\/wp-content\/uploads\/sites\/56\/2022\/11\/art3-1024x683-1-48x32.jpg 48w\" sizes=\"auto, (max-width: 1024px) 100vw, 1024px\" \/><\/a><\/figure>\n<\/figure>\n","protected":false},"excerpt":{"rendered":"<p>Zapraszamy na wystaw\u0119\u00a0\u201eMali arty\u015bci\u201d\u00a0do Biblioteki Pedagogicznej. Prace plastyczne zosta\u0142y wykonane\u00a0przez przedszkolak\u00f3w z Oddzia\u0142u Przedszkolnego Szko\u0142y Podstawowej nr 2 w Przasnyszu [&hellip;]<\/p>\n","protected":false},"author":741,"featured_media":25825,"comment_status":"closed","ping_status":"closed","sticky":false,"template":"","format":"standard","meta":{"_acf_changed":false,"_oasis_is_in_workflow":0,"_oasis_original":0,"inline_featured_image":false,"site-sidebar-layout":"default","site-content-layout":"","ast-site-content-layout":"default","site-content-style":"default","site-sidebar-style":"default","ast-global-header-display":"","ast-banner-title-visibility":"","ast-main-header-display":"","ast-hfb-above-header-display":"","ast-hfb-below-header-display":"","ast-hfb-mobile-header-display":"","site-post-title":"","ast-breadcrumbs-content":"","ast-featured-img":"","footer-sml-layout":"","ast-disable-related-posts":"","theme-transparent-header-meta":"","adv-header-id-meta":"","stick-header-meta":"","header-above-stick-meta":"","header-main-stick-meta":"","header-below-stick-meta":"","astra-migrate-meta-layouts":"default","ast-page-background-enabled":"default","ast-page-background-meta":{"desktop":{"background-color":"","background-image":"","background-repeat":"repeat","background-position":"center center","background-size":"auto","background-attachment":"scroll","background-type":"","background-media":"","overlay-type":"","overlay-color":"","overlay-opacity":"","overlay-gradient":""},"tablet":{"background-color":"","background-image":"","background-repeat":"repeat","background-position":"center center","background-size":"auto","background-attachment":"scroll","background-type":"","background-media":"","overlay-type":"","overlay-color":"","overlay-opacity":"","overlay-gradient":""},"mobile":{"background-color":"","background-image":"","background-repeat":"repeat","background-position":"center center","background-size":"auto","background-attachment":"scroll","background-type":"","background-media":"","overlay-type":"","overlay-color":"","overlay-opacity":"","overlay-gradient":""}},"ast-content-background-meta":{"desktop":{"background-color":"var(--ast-global-color-5)","background-image":"","background-repeat":"repeat","background-position":"center center","background-size":"auto","background-attachment":"scroll","background-type":"","background-media":"","overlay-type":"","overlay-color":"","overlay-opacity":"","overlay-gradient":""},"tablet":{"background-color":"var(--ast-global-color-5)","background-image":"","background-repeat":"repeat","background-position":"center center","background-size":"auto","background-attachment":"scroll","background-type":"","background-media":"","overlay-type":"","overlay-color":"","overlay-opacity":"","overlay-gradient":""},"mobile":{"background-color":"var(--ast-global-color-5)","background-image":"","background-repeat":"repeat","background-position":"center center","background-size":"auto","background-attachment":"scroll","background-type":"","background-media":"","overlay-type":"","overlay-color":"","overlay-opacity":"","overlay-gradient":""}},"_themeisle_gutenberg_block_has_review":false,"footnotes":""},"categories":[99],"tags":[],"class_list":["post-25822","post","type-post","status-publish","format-standard","has-post-thumbnail","hentry","category-99"],"acf":[],"featured_image_urls_v2":{"full":["https:\/\/bpprzasnysz.pl\/wp-content\/uploads\/sites\/56\/2022\/11\/art-1024x683-1.jpg",1024,683,false],"thumbnail":["https:\/\/bpprzasnysz.pl\/wp-content\/uploads\/sites\/56\/2022\/11\/art-1024x683-1-150x150.jpg",150,150,true],"medium":["https:\/\/bpprzasnysz.pl\/wp-content\/uploads\/sites\/56\/2022\/11\/art-1024x683-1-300x200.jpg",300,200,true],"medium_large":["https:\/\/bpprzasnysz.pl\/wp-content\/uploads\/sites\/56\/2022\/11\/art-1024x683-1-768x512.jpg",768,512,true],"large":["https:\/\/bpprzasnysz.pl\/wp-content\/uploads\/sites\/56\/2022\/11\/art-1024x683-1.jpg",1024,683,false],"1536x1536":["https:\/\/bpprzasnysz.pl\/wp-content\/uploads\/sites\/56\/2022\/11\/art-1024x683-1.jpg",1024,683,false],"2048x2048":["https:\/\/bpprzasnysz.pl\/wp-content\/uploads\/sites\/56\/2022\/11\/art-1024x683-1.jpg",1024,683,false],"menu-24x24":["https:\/\/bpprzasnysz.pl\/wp-content\/uploads\/sites\/56\/2022\/11\/art-1024x683-1-24x16.jpg",24,16,true],"menu-36x36":["https:\/\/bpprzasnysz.pl\/wp-content\/uploads\/sites\/56\/2022\/11\/art-1024x683-1-36x24.jpg",36,24,true],"menu-48x48":["https:\/\/bpprzasnysz.pl\/wp-content\/uploads\/sites\/56\/2022\/11\/art-1024x683-1-48x32.jpg",48,32,true]},"post_excerpt_stackable_v2":"<p>Zapraszamy na wystaw\u0119\u00a0\u201eMali arty\u015bci\u201d\u00a0do Biblioteki Pedagogicznej. Prace plastyczne zosta\u0142y wykonane\u00a0przez przedszkolak\u00f3w z Oddzia\u0142u Przedszkolnego Szko\u0142y Podstawowej nr 2 w Przasnyszu pod kierunkiem nauczycieli:\u00a0Gra\u017cyny Jarz\u0105bek i Marty Kilia\u0144skiej. Wystaw\u0119 b\u0119dzie mo\u017cna podziwia\u0107 do ko\u0144ca pa\u017adziernika.<\/p>\n","category_list_v2":"<a href=\"https:\/\/bpprzasnysz.pl\/en\/category\/2022\/\" rel=\"category tag\">2022<\/a>","author_info_v2":{"name":"Aleksandra Cie\u015blicka","url":"https:\/\/bpprzasnysz.pl\/ru\/author\/acieslicka\/"},"comments_num_v2":"0 \u043a\u043e\u043c\u043c\u0435\u043d\u0442\u0430\u0440\u0438\u0435\u0432","_links":{"self":[{"href":"https:\/\/bpprzasnysz.pl\/ru\/wp-json\/wp\/v2\/posts\/25822","targetHints":{"allow":["GET"]}}],"collection":[{"href":"https:\/\/bpprzasnysz.pl\/ru\/wp-json\/wp\/v2\/posts"}],"about":[{"href":"https:\/\/bpprzasnysz.pl\/ru\/wp-json\/wp\/v2\/types\/post"}],"author":[{"embeddable":true,"href":"https:\/\/bpprzasnysz.pl\/ru\/wp-json\/wp\/v2\/users\/741"}],"replies":[{"embeddable":true,"href":"https:\/\/bpprzasnysz.pl\/ru\/wp-json\/wp\/v2\/comments?post=25822"}],"version-history":[{"count":2,"href":"https:\/\/bpprzasnysz.pl\/ru\/wp-json\/wp\/v2\/posts\/25822\/revisions"}],"predecessor-version":[{"id":25879,"href":"https:\/\/bpprzasnysz.pl\/ru\/wp-json\/wp\/v2\/posts\/25822\/revisions\/25879"}],"wp:featuredmedia":[{"embeddable":true,"href":"https:\/\/bpprzasnysz.pl\/ru\/wp-json\/wp\/v2\/media\/25825"}],"wp:attachment":[{"href":"https:\/\/bpprzasnysz.pl\/ru\/wp-json\/wp\/v2\/media?parent=25822"}],"wp:term":[{"taxonomy":"category","embeddable":true,"href":"https:\/\/bpprzasnysz.pl\/ru\/wp-json\/wp\/v2\/categories?post=25822"},{"taxonomy":"post_tag","embeddable":true,"href":"https:\/\/bpprzasnysz.pl\/ru\/wp-json\/wp\/v2\/tags?post=25822"}],"curies":[{"name":"wp","href":"https:\/\/api.w.org\/{rel}","templated":true}]}}