{"id":26044,"date":"2022-10-15T09:11:00","date_gmt":"2022-10-15T07:11:00","guid":{"rendered":"https:\/\/bpprzasnysz.pl\/?p=26044"},"modified":"2022-11-10T09:14:38","modified_gmt":"2022-11-10T08:14:38","slug":"astra-inspiruje-czyli-jak-pokolorowac-swiat-dziecka-zaproszenie-na-warsztaty","status":"publish","type":"post","link":"https:\/\/bpprzasnysz.pl\/ru\/astra-inspiruje-czyli-jak-pokolorowac-swiat-dziecka-zaproszenie-na-warsztaty\/","title":{"rendered":"ASTRA INSPIRUJE, CZYLI JAK POKOLOROWA\u0106 \u015aWIAT DZIECKA \u2013 ZAPROSZENIE NA WARSZTATY"},"content":{"rendered":"\n<p><strong>Ju\u017c 27 pa\u017adziernika o godz. 16.00 zapraszamy do naszej Biblioteki na bezp\u0142atne szkolenie pt. ASTRA INSPIRUJE, CZYLI JAK POKOLOROWA\u0106 \u015aWIAT DZIECKA.\u00a0<\/strong>Warsztaty skierowane s\u0105 szczeg\u00f3lnie do wychowawc\u00f3w przedszkolnych, nauczycieli klas wczesnoszkolnych, nauczycieli plastyki, pedagog\u00f3w, pracownik\u00f3w \u015bwietlic, instruktor\u00f3w warsztat\u00f3w terapii zaj\u0119ciowej i ognisk plastycznych.<\/p>\n\n\n\n<figure class=\"wp-block-image size-full\"><img loading=\"lazy\" decoding=\"async\" width=\"452\" height=\"640\" src=\"https:\/\/bpprzasnysz.pl\/wp-content\/uploads\/sites\/56\/2022\/11\/Jesienne-warsztaty-z-Astra-1.jpg\" alt=\"\" class=\"wp-image-26020\" srcset=\"https:\/\/bpprzasnysz.pl\/wp-content\/uploads\/sites\/56\/2022\/11\/Jesienne-warsztaty-z-Astra-1.jpg 452w, https:\/\/bpprzasnysz.pl\/wp-content\/uploads\/sites\/56\/2022\/11\/Jesienne-warsztaty-z-Astra-1-212x300.jpg 212w, https:\/\/bpprzasnysz.pl\/wp-content\/uploads\/sites\/56\/2022\/11\/Jesienne-warsztaty-z-Astra-1-17x24.jpg 17w, https:\/\/bpprzasnysz.pl\/wp-content\/uploads\/sites\/56\/2022\/11\/Jesienne-warsztaty-z-Astra-1-25x36.jpg 25w, https:\/\/bpprzasnysz.pl\/wp-content\/uploads\/sites\/56\/2022\/11\/Jesienne-warsztaty-z-Astra-1-34x48.jpg 34w\" sizes=\"auto, (max-width: 452px) 100vw, 452px\" \/><\/figure>\n\n\n\n<p>ASTRA S.A. informuje:<\/p>\n\n\n\n<p>Podczas dwugodzinnych warsztat\u00f3w om\u00f3wimy rozmaite techniki plastyczne oraz damy mo\u017cliwo\u015b\u0107 wypr\u00f3bowania wybranych produkt\u00f3w. Uczestnicy zdob\u0119d\u0105 nowe umiej\u0119tno\u015bci do pracy na zaj\u0119ciach z dzie\u0107mi. Gwarantujemy certyfikat za\u015bwiadczaj\u0105cy o udziale w szkoleniu, drukowany przewodnik dla nauczycieli oraz upominek w postaci materia\u0142\u00f3w plastycznych marki ASTRA.<\/p>\n\n\n\n<p><strong>Nasz\u0105 misj\u0105 jest inspirowanie do tw\u00f3rczego dzia\u0142ania poprzez edukacj\u0119 artystyczn\u0105, w\u015br\u00f3d os\u00f3b pracuj\u0105cych kreatywnie z dzie\u0107mi i m\u0142odzie\u017c\u0105 na terenie ca\u0142ego kraju!<\/strong><\/p>\n\n\n\n<p>Zapraszamy do zapis\u00f3w \u2013 29 752 24 17. Liczba miejsc ograniczona, decyduje kolejno\u015b\u0107 zg\u0142osze\u0144. Warunkiem udzia\u0142u jest posiadanie aktualnej karty bibliotecznej.<\/p>\n","protected":false},"excerpt":{"rendered":"<p>Ju\u017c 27 pa\u017adziernika o godz. 16.00 zapraszamy do naszej Biblioteki na bezp\u0142atne szkolenie pt. ASTRA INSPIRUJE, CZYLI JAK POKOLOROWA\u0106 \u015aWIAT [&hellip;]<\/p>\n","protected":false},"author":741,"featured_media":26020,"comment_status":"closed","ping_status":"closed","sticky":false,"template":"","format":"standard","meta":{"_acf_changed":false,"_oasis_is_in_workflow":0,"_oasis_original":0,"inline_featured_image":false,"site-sidebar-layout":"default","site-content-layout":"","ast-site-content-layout":"default","site-content-style":"default","site-sidebar-style":"default","ast-global-header-display":"","ast-banner-title-visibility":"","ast-main-header-display":"","ast-hfb-above-header-display":"","ast-hfb-below-header-display":"","ast-hfb-mobile-header-display":"","site-post-title":"","ast-breadcrumbs-content":"","ast-featured-img":"","footer-sml-layout":"","ast-disable-related-posts":"","theme-transparent-header-meta":"","adv-header-id-meta":"","stick-header-meta":"","header-above-stick-meta":"","header-main-stick-meta":"","header-below-stick-meta":"","astra-migrate-meta-layouts":"default","ast-page-background-enabled":"default","ast-page-background-meta":{"desktop":{"background-color":"","background-image":"","background-repeat":"repeat","background-position":"center center","background-size":"auto","background-attachment":"scroll","background-type":"","background-media":"","overlay-type":"","overlay-color":"","overlay-opacity":"","overlay-gradient":""},"tablet":{"background-color":"","background-image":"","background-repeat":"repeat","background-position":"center center","background-size":"auto","background-attachment":"scroll","background-type":"","background-media":"","overlay-type":"","overlay-color":"","overlay-opacity":"","overlay-gradient":""},"mobile":{"background-color":"","background-image":"","background-repeat":"repeat","background-position":"center center","background-size":"auto","background-attachment":"scroll","background-type":"","background-media":"","overlay-type":"","overlay-color":"","overlay-opacity":"","overlay-gradient":""}},"ast-content-background-meta":{"desktop":{"background-color":"var(--ast-global-color-5)","background-image":"","background-repeat":"repeat","background-position":"center center","background-size":"auto","background-attachment":"scroll","background-type":"","background-media":"","overlay-type":"","overlay-color":"","overlay-opacity":"","overlay-gradient":""},"tablet":{"background-color":"var(--ast-global-color-5)","background-image":"","background-repeat":"repeat","background-position":"center center","background-size":"auto","background-attachment":"scroll","background-type":"","background-media":"","overlay-type":"","overlay-color":"","overlay-opacity":"","overlay-gradient":""},"mobile":{"background-color":"var(--ast-global-color-5)","background-image":"","background-repeat":"repeat","background-position":"center center","background-size":"auto","background-attachment":"scroll","background-type":"","background-media":"","overlay-type":"","overlay-color":"","overlay-opacity":"","overlay-gradient":""}},"_themeisle_gutenberg_block_has_review":false,"footnotes":""},"categories":[99],"tags":[],"class_list":["post-26044","post","type-post","status-publish","format-standard","has-post-thumbnail","hentry","category-99"],"acf":[],"featured_image_urls_v2":{"full":["https:\/\/bpprzasnysz.pl\/wp-content\/uploads\/sites\/56\/2022\/11\/Jesienne-warsztaty-z-Astra-1.jpg",452,640,false],"thumbnail":["https:\/\/bpprzasnysz.pl\/wp-content\/uploads\/sites\/56\/2022\/11\/Jesienne-warsztaty-z-Astra-1-150x150.jpg",150,150,true],"medium":["https:\/\/bpprzasnysz.pl\/wp-content\/uploads\/sites\/56\/2022\/11\/Jesienne-warsztaty-z-Astra-1-212x300.jpg",212,300,true],"medium_large":["https:\/\/bpprzasnysz.pl\/wp-content\/uploads\/sites\/56\/2022\/11\/Jesienne-warsztaty-z-Astra-1.jpg",452,640,false],"large":["https:\/\/bpprzasnysz.pl\/wp-content\/uploads\/sites\/56\/2022\/11\/Jesienne-warsztaty-z-Astra-1.jpg",452,640,false],"1536x1536":["https:\/\/bpprzasnysz.pl\/wp-content\/uploads\/sites\/56\/2022\/11\/Jesienne-warsztaty-z-Astra-1.jpg",452,640,false],"2048x2048":["https:\/\/bpprzasnysz.pl\/wp-content\/uploads\/sites\/56\/2022\/11\/Jesienne-warsztaty-z-Astra-1.jpg",452,640,false],"menu-24x24":["https:\/\/bpprzasnysz.pl\/wp-content\/uploads\/sites\/56\/2022\/11\/Jesienne-warsztaty-z-Astra-1-17x24.jpg",17,24,true],"menu-36x36":["https:\/\/bpprzasnysz.pl\/wp-content\/uploads\/sites\/56\/2022\/11\/Jesienne-warsztaty-z-Astra-1-25x36.jpg",25,36,true],"menu-48x48":["https:\/\/bpprzasnysz.pl\/wp-content\/uploads\/sites\/56\/2022\/11\/Jesienne-warsztaty-z-Astra-1-34x48.jpg",34,48,true]},"post_excerpt_stackable_v2":"<p>Ju\u017c 27 pa\u017adziernika o godz. 16.00 zapraszamy do naszej Biblioteki na bezp\u0142atne szkolenie pt. ASTRA INSPIRUJE, CZYLI JAK POKOLOROWA\u0106 \u015aWIAT DZIECKA.\u00a0Warsztaty skierowane s\u0105 szczeg\u00f3lnie do wychowawc\u00f3w przedszkolnych, nauczycieli klas wczesnoszkolnych, nauczycieli plastyki, pedagog\u00f3w, pracownik\u00f3w \u015bwietlic, instruktor\u00f3w warsztat\u00f3w terapii zaj\u0119ciowej i ognisk plastycznych. ASTRA S.A. informuje: Podczas dwugodzinnych warsztat\u00f3w om\u00f3wimy rozmaite techniki plastyczne oraz damy mo\u017cliwo\u015b\u0107 wypr\u00f3bowania wybranych produkt\u00f3w. Uczestnicy zdob\u0119d\u0105 nowe umiej\u0119tno\u015bci do pracy na zaj\u0119ciach z dzie\u0107mi. Gwarantujemy certyfikat za\u015bwiadczaj\u0105cy o udziale w szkoleniu, drukowany przewodnik dla nauczycieli oraz upominek w postaci materia\u0142\u00f3w plastycznych marki ASTRA. Nasz\u0105 misj\u0105 jest inspirowanie do tw\u00f3rczego dzia\u0142ania poprzez edukacj\u0119 artystyczn\u0105, w\u015br\u00f3d os\u00f3b pracuj\u0105cych&hellip;<\/p>\n","category_list_v2":"<a href=\"https:\/\/bpprzasnysz.pl\/en\/category\/2022\/\" rel=\"category tag\">2022<\/a>","author_info_v2":{"name":"Aleksandra Cie\u015blicka","url":"https:\/\/bpprzasnysz.pl\/ru\/author\/acieslicka\/"},"comments_num_v2":"0 \u043a\u043e\u043c\u043c\u0435\u043d\u0442\u0430\u0440\u0438\u0435\u0432","_links":{"self":[{"href":"https:\/\/bpprzasnysz.pl\/ru\/wp-json\/wp\/v2\/posts\/26044","targetHints":{"allow":["GET"]}}],"collection":[{"href":"https:\/\/bpprzasnysz.pl\/ru\/wp-json\/wp\/v2\/posts"}],"about":[{"href":"https:\/\/bpprzasnysz.pl\/ru\/wp-json\/wp\/v2\/types\/post"}],"author":[{"embeddable":true,"href":"https:\/\/bpprzasnysz.pl\/ru\/wp-json\/wp\/v2\/users\/741"}],"replies":[{"embeddable":true,"href":"https:\/\/bpprzasnysz.pl\/ru\/wp-json\/wp\/v2\/comments?post=26044"}],"version-history":[{"count":2,"href":"https:\/\/bpprzasnysz.pl\/ru\/wp-json\/wp\/v2\/posts\/26044\/revisions"}],"predecessor-version":[{"id":26059,"href":"https:\/\/bpprzasnysz.pl\/ru\/wp-json\/wp\/v2\/posts\/26044\/revisions\/26059"}],"wp:featuredmedia":[{"embeddable":true,"href":"https:\/\/bpprzasnysz.pl\/ru\/wp-json\/wp\/v2\/media\/26020"}],"wp:attachment":[{"href":"https:\/\/bpprzasnysz.pl\/ru\/wp-json\/wp\/v2\/media?parent=26044"}],"wp:term":[{"taxonomy":"category","embeddable":true,"href":"https:\/\/bpprzasnysz.pl\/ru\/wp-json\/wp\/v2\/categories?post=26044"},{"taxonomy":"post_tag","embeddable":true,"href":"https:\/\/bpprzasnysz.pl\/ru\/wp-json\/wp\/v2\/tags?post=26044"}],"curies":[{"name":"wp","href":"https:\/\/api.w.org\/{rel}","templated":true}]}}