{"id":32194,"date":"2024-04-29T10:35:00","date_gmt":"2024-04-29T08:35:00","guid":{"rendered":"https:\/\/bpprzasnysz.pl\/?p=32194"},"modified":"2024-09-03T11:13:38","modified_gmt":"2024-09-03T09:13:38","slug":"dzien-flagi-na-przasnyskim-rynku","status":"publish","type":"post","link":"https:\/\/bpprzasnysz.pl\/ru\/dzien-flagi-na-przasnyskim-rynku\/","title":{"rendered":"DZIE\u0143 FLAGI NA PRZASNYSKIM RYNKU"},"content":{"rendered":"\n<p>W dniu 26 kwietnia razem z Miejsk\u0105 Bibliotek\u0105 Publiczn\u0105 z okazji przypadaj\u0105cego 2 maja \u015awi\u0119ta Flagi, zorganizowa\u0142y\u015bmy ju\u017c po raz kolejny warsztaty w bia\u0142o-czerwonych barwach. Z naszego zaproszenia skorzysta\u0142o ponad 200 os\u00f3b \u2013 dzieci i doros\u0142ych. Tworzyli\u015bmy bia\u0142o-czerwone serduszka oraz zak\u0142adki do ksi\u0105\u017cek.<\/p>\n\n\n\n<p class=\"has-text-align-right\">Oprac. Luiza Dawidziuk<\/p>\n\n\n\n<figure class=\"wp-block-gallery has-nested-images columns-default is-cropped wp-block-gallery-1 is-layout-flex wp-block-gallery-is-layout-flex\">\n<figure class=\"wp-block-image size-full\"><a href=\"https:\/\/bpprzasnysz.pl\/wp-content\/uploads\/sites\/56\/2024\/09\/437673303_1020710922928308_5171513257903054444_n.jpg\"><img loading=\"lazy\" decoding=\"async\" width=\"960\" height=\"723\" data-id=\"32200\" src=\"https:\/\/bpprzasnysz.pl\/wp-content\/uploads\/sites\/56\/2024\/09\/437673303_1020710922928308_5171513257903054444_n.jpg\" alt=\"Dzie\u0144 Flagi na przasnyskim Rynku\" class=\"wp-image-32200\" srcset=\"https:\/\/bpprzasnysz.pl\/wp-content\/uploads\/sites\/56\/2024\/09\/437673303_1020710922928308_5171513257903054444_n.jpg 960w, https:\/\/bpprzasnysz.pl\/wp-content\/uploads\/sites\/56\/2024\/09\/437673303_1020710922928308_5171513257903054444_n-300x226.jpg 300w, https:\/\/bpprzasnysz.pl\/wp-content\/uploads\/sites\/56\/2024\/09\/437673303_1020710922928308_5171513257903054444_n-768x578.jpg 768w, https:\/\/bpprzasnysz.pl\/wp-content\/uploads\/sites\/56\/2024\/09\/437673303_1020710922928308_5171513257903054444_n-24x18.jpg 24w, https:\/\/bpprzasnysz.pl\/wp-content\/uploads\/sites\/56\/2024\/09\/437673303_1020710922928308_5171513257903054444_n-36x27.jpg 36w, https:\/\/bpprzasnysz.pl\/wp-content\/uploads\/sites\/56\/2024\/09\/437673303_1020710922928308_5171513257903054444_n-48x36.jpg 48w\" sizes=\"auto, (max-width: 960px) 100vw, 960px\" \/><\/a><\/figure>\n\n\n\n<figure class=\"wp-block-image size-large\"><a href=\"https:\/\/bpprzasnysz.pl\/wp-content\/uploads\/sites\/56\/2024\/09\/438081646_954184446707925_6592204630989439705_n.jpg\"><img loading=\"lazy\" decoding=\"async\" width=\"1024\" height=\"860\" data-id=\"32272\" src=\"https:\/\/bpprzasnysz.pl\/wp-content\/uploads\/sites\/56\/2024\/09\/438081646_954184446707925_6592204630989439705_n-1024x860.jpg\" alt=\"Dzie\u0144 Flagi na przasnyskim Rynku\" class=\"wp-image-32272\" srcset=\"https:\/\/bpprzasnysz.pl\/wp-content\/uploads\/sites\/56\/2024\/09\/438081646_954184446707925_6592204630989439705_n-1024x860.jpg 1024w, https:\/\/bpprzasnysz.pl\/wp-content\/uploads\/sites\/56\/2024\/09\/438081646_954184446707925_6592204630989439705_n-300x252.jpg 300w, https:\/\/bpprzasnysz.pl\/wp-content\/uploads\/sites\/56\/2024\/09\/438081646_954184446707925_6592204630989439705_n-768x645.jpg 768w, https:\/\/bpprzasnysz.pl\/wp-content\/uploads\/sites\/56\/2024\/09\/438081646_954184446707925_6592204630989439705_n-1536x1290.jpg 1536w, https:\/\/bpprzasnysz.pl\/wp-content\/uploads\/sites\/56\/2024\/09\/438081646_954184446707925_6592204630989439705_n-1320x1109.jpg 1320w, https:\/\/bpprzasnysz.pl\/wp-content\/uploads\/sites\/56\/2024\/09\/438081646_954184446707925_6592204630989439705_n-24x20.jpg 24w, https:\/\/bpprzasnysz.pl\/wp-content\/uploads\/sites\/56\/2024\/09\/438081646_954184446707925_6592204630989439705_n-36x30.jpg 36w, https:\/\/bpprzasnysz.pl\/wp-content\/uploads\/sites\/56\/2024\/09\/438081646_954184446707925_6592204630989439705_n-48x40.jpg 48w, https:\/\/bpprzasnysz.pl\/wp-content\/uploads\/sites\/56\/2024\/09\/438081646_954184446707925_6592204630989439705_n.jpg 2048w\" sizes=\"auto, (max-width: 1024px) 100vw, 1024px\" \/><\/a><\/figure>\n\n\n\n<figure class=\"wp-block-image size-large\"><a href=\"https:\/\/bpprzasnysz.pl\/wp-content\/uploads\/sites\/56\/2024\/09\/438087967_421415183978033_8006780193765974651_n.jpg\"><img loading=\"lazy\" decoding=\"async\" width=\"1024\" height=\"684\" data-id=\"32287\" src=\"https:\/\/bpprzasnysz.pl\/wp-content\/uploads\/sites\/56\/2024\/09\/438087967_421415183978033_8006780193765974651_n-1024x684.jpg\" alt=\"Dzie\u0144 Flagi na przasnyskim Rynku\" class=\"wp-image-32287\" srcset=\"https:\/\/bpprzasnysz.pl\/wp-content\/uploads\/sites\/56\/2024\/09\/438087967_421415183978033_8006780193765974651_n-1024x684.jpg 1024w, https:\/\/bpprzasnysz.pl\/wp-content\/uploads\/sites\/56\/2024\/09\/438087967_421415183978033_8006780193765974651_n-300x200.jpg 300w, https:\/\/bpprzasnysz.pl\/wp-content\/uploads\/sites\/56\/2024\/09\/438087967_421415183978033_8006780193765974651_n-768x513.jpg 768w, https:\/\/bpprzasnysz.pl\/wp-content\/uploads\/sites\/56\/2024\/09\/438087967_421415183978033_8006780193765974651_n-1536x1025.jpg 1536w, https:\/\/bpprzasnysz.pl\/wp-content\/uploads\/sites\/56\/2024\/09\/438087967_421415183978033_8006780193765974651_n-1320x881.jpg 1320w, https:\/\/bpprzasnysz.pl\/wp-content\/uploads\/sites\/56\/2024\/09\/438087967_421415183978033_8006780193765974651_n-24x16.jpg 24w, https:\/\/bpprzasnysz.pl\/wp-content\/uploads\/sites\/56\/2024\/09\/438087967_421415183978033_8006780193765974651_n-36x24.jpg 36w, https:\/\/bpprzasnysz.pl\/wp-content\/uploads\/sites\/56\/2024\/09\/438087967_421415183978033_8006780193765974651_n-48x32.jpg 48w, https:\/\/bpprzasnysz.pl\/wp-content\/uploads\/sites\/56\/2024\/09\/438087967_421415183978033_8006780193765974651_n.jpg 2048w\" sizes=\"auto, (max-width: 1024px) 100vw, 1024px\" \/><\/a><\/figure>\n\n\n\n<figure class=\"wp-block-image size-large\"><a href=\"https:\/\/bpprzasnysz.pl\/wp-content\/uploads\/sites\/56\/2024\/09\/438093356_421415160644702_3052778053125380757_n.jpg\"><img loading=\"lazy\" decoding=\"async\" width=\"1024\" height=\"684\" data-id=\"32290\" src=\"https:\/\/bpprzasnysz.pl\/wp-content\/uploads\/sites\/56\/2024\/09\/438093356_421415160644702_3052778053125380757_n-1024x684.jpg\" alt=\"Dzie\u0144 Flagi na przasnyskim Rynku\" class=\"wp-image-32290\" srcset=\"https:\/\/bpprzasnysz.pl\/wp-content\/uploads\/sites\/56\/2024\/09\/438093356_421415160644702_3052778053125380757_n-1024x684.jpg 1024w, https:\/\/bpprzasnysz.pl\/wp-content\/uploads\/sites\/56\/2024\/09\/438093356_421415160644702_3052778053125380757_n-300x200.jpg 300w, https:\/\/bpprzasnysz.pl\/wp-content\/uploads\/sites\/56\/2024\/09\/438093356_421415160644702_3052778053125380757_n-768x513.jpg 768w, https:\/\/bpprzasnysz.pl\/wp-content\/uploads\/sites\/56\/2024\/09\/438093356_421415160644702_3052778053125380757_n-1536x1025.jpg 1536w, https:\/\/bpprzasnysz.pl\/wp-content\/uploads\/sites\/56\/2024\/09\/438093356_421415160644702_3052778053125380757_n-1320x881.jpg 1320w, https:\/\/bpprzasnysz.pl\/wp-content\/uploads\/sites\/56\/2024\/09\/438093356_421415160644702_3052778053125380757_n-24x16.jpg 24w, https:\/\/bpprzasnysz.pl\/wp-content\/uploads\/sites\/56\/2024\/09\/438093356_421415160644702_3052778053125380757_n-36x24.jpg 36w, https:\/\/bpprzasnysz.pl\/wp-content\/uploads\/sites\/56\/2024\/09\/438093356_421415160644702_3052778053125380757_n-48x32.jpg 48w, https:\/\/bpprzasnysz.pl\/wp-content\/uploads\/sites\/56\/2024\/09\/438093356_421415160644702_3052778053125380757_n.jpg 2048w\" sizes=\"auto, (max-width: 1024px) 100vw, 1024px\" \/><\/a><\/figure>\n\n\n\n<figure class=\"wp-block-image size-large\"><a href=\"https:\/\/bpprzasnysz.pl\/wp-content\/uploads\/sites\/56\/2024\/09\/438097887_122140771016210639_3922106652420510980_n.jpg\"><img loading=\"lazy\" decoding=\"async\" width=\"960\" height=\"723\" data-id=\"32197\" src=\"https:\/\/bpprzasnysz.pl\/wp-content\/uploads\/sites\/56\/2024\/09\/438097887_122140771016210639_3922106652420510980_n.jpg\" alt=\"Dzie\u0144 Flagi na przasnyskim Rynku\" class=\"wp-image-32197\" srcset=\"https:\/\/bpprzasnysz.pl\/wp-content\/uploads\/sites\/56\/2024\/09\/438097887_122140771016210639_3922106652420510980_n.jpg 960w, https:\/\/bpprzasnysz.pl\/wp-content\/uploads\/sites\/56\/2024\/09\/438097887_122140771016210639_3922106652420510980_n-300x226.jpg 300w, https:\/\/bpprzasnysz.pl\/wp-content\/uploads\/sites\/56\/2024\/09\/438097887_122140771016210639_3922106652420510980_n-768x578.jpg 768w, https:\/\/bpprzasnysz.pl\/wp-content\/uploads\/sites\/56\/2024\/09\/438097887_122140771016210639_3922106652420510980_n-24x18.jpg 24w, https:\/\/bpprzasnysz.pl\/wp-content\/uploads\/sites\/56\/2024\/09\/438097887_122140771016210639_3922106652420510980_n-36x27.jpg 36w, https:\/\/bpprzasnysz.pl\/wp-content\/uploads\/sites\/56\/2024\/09\/438097887_122140771016210639_3922106652420510980_n-48x36.jpg 48w\" sizes=\"auto, (max-width: 960px) 100vw, 960px\" \/><\/a><\/figure>\n\n\n\n<figure class=\"wp-block-image size-large\"><a href=\"https:\/\/bpprzasnysz.pl\/wp-content\/uploads\/sites\/56\/2024\/09\/438108839_421415133978038_2786172372619444209_n.jpg\"><img loading=\"lazy\" decoding=\"async\" width=\"1024\" height=\"684\" data-id=\"32278\" src=\"https:\/\/bpprzasnysz.pl\/wp-content\/uploads\/sites\/56\/2024\/09\/438108839_421415133978038_2786172372619444209_n-1024x684.jpg\" alt=\"Dzie\u0144 Flagi na przasnyskim Rynku\" class=\"wp-image-32278\" srcset=\"https:\/\/bpprzasnysz.pl\/wp-content\/uploads\/sites\/56\/2024\/09\/438108839_421415133978038_2786172372619444209_n-1024x684.jpg 1024w, https:\/\/bpprzasnysz.pl\/wp-content\/uploads\/sites\/56\/2024\/09\/438108839_421415133978038_2786172372619444209_n-300x200.jpg 300w, https:\/\/bpprzasnysz.pl\/wp-content\/uploads\/sites\/56\/2024\/09\/438108839_421415133978038_2786172372619444209_n-768x513.jpg 768w, https:\/\/bpprzasnysz.pl\/wp-content\/uploads\/sites\/56\/2024\/09\/438108839_421415133978038_2786172372619444209_n-1536x1025.jpg 1536w, https:\/\/bpprzasnysz.pl\/wp-content\/uploads\/sites\/56\/2024\/09\/438108839_421415133978038_2786172372619444209_n-1320x881.jpg 1320w, https:\/\/bpprzasnysz.pl\/wp-content\/uploads\/sites\/56\/2024\/09\/438108839_421415133978038_2786172372619444209_n-24x16.jpg 24w, https:\/\/bpprzasnysz.pl\/wp-content\/uploads\/sites\/56\/2024\/09\/438108839_421415133978038_2786172372619444209_n-36x24.jpg 36w, https:\/\/bpprzasnysz.pl\/wp-content\/uploads\/sites\/56\/2024\/09\/438108839_421415133978038_2786172372619444209_n-48x32.jpg 48w, https:\/\/bpprzasnysz.pl\/wp-content\/uploads\/sites\/56\/2024\/09\/438108839_421415133978038_2786172372619444209_n.jpg 2048w\" sizes=\"auto, (max-width: 1024px) 100vw, 1024px\" \/><\/a><\/figure>\n\n\n\n<figure class=\"wp-block-image size-large\"><a href=\"https:\/\/bpprzasnysz.pl\/wp-content\/uploads\/sites\/56\/2024\/09\/439223061_1042059350800153_4212795638620585204_n.jpg\"><img loading=\"lazy\" decoding=\"async\" width=\"1024\" height=\"766\" data-id=\"32323\" src=\"https:\/\/bpprzasnysz.pl\/wp-content\/uploads\/sites\/56\/2024\/09\/439223061_1042059350800153_4212795638620585204_n-1024x766.jpg\" alt=\"Dzie\u0144 Flagi na przasnyskim Rynku\" class=\"wp-image-32323\" srcset=\"https:\/\/bpprzasnysz.pl\/wp-content\/uploads\/sites\/56\/2024\/09\/439223061_1042059350800153_4212795638620585204_n-1024x766.jpg 1024w, https:\/\/bpprzasnysz.pl\/wp-content\/uploads\/sites\/56\/2024\/09\/439223061_1042059350800153_4212795638620585204_n-300x224.jpg 300w, https:\/\/bpprzasnysz.pl\/wp-content\/uploads\/sites\/56\/2024\/09\/439223061_1042059350800153_4212795638620585204_n-768x575.jpg 768w, https:\/\/bpprzasnysz.pl\/wp-content\/uploads\/sites\/56\/2024\/09\/439223061_1042059350800153_4212795638620585204_n-1536x1149.jpg 1536w, https:\/\/bpprzasnysz.pl\/wp-content\/uploads\/sites\/56\/2024\/09\/439223061_1042059350800153_4212795638620585204_n-1320x987.jpg 1320w, https:\/\/bpprzasnysz.pl\/wp-content\/uploads\/sites\/56\/2024\/09\/439223061_1042059350800153_4212795638620585204_n-24x18.jpg 24w, https:\/\/bpprzasnysz.pl\/wp-content\/uploads\/sites\/56\/2024\/09\/439223061_1042059350800153_4212795638620585204_n-36x27.jpg 36w, https:\/\/bpprzasnysz.pl\/wp-content\/uploads\/sites\/56\/2024\/09\/439223061_1042059350800153_4212795638620585204_n-48x36.jpg 48w, https:\/\/bpprzasnysz.pl\/wp-content\/uploads\/sites\/56\/2024\/09\/439223061_1042059350800153_4212795638620585204_n.jpg 2048w\" sizes=\"auto, (max-width: 1024px) 100vw, 1024px\" \/><\/a><\/figure>\n\n\n\n<figure class=\"wp-block-image size-large\"><a href=\"https:\/\/bpprzasnysz.pl\/wp-content\/uploads\/sites\/56\/2024\/09\/439295529_1042059234133498_6564300287881219176_n.jpg\"><img loading=\"lazy\" decoding=\"async\" width=\"1024\" height=\"766\" data-id=\"32320\" src=\"https:\/\/bpprzasnysz.pl\/wp-content\/uploads\/sites\/56\/2024\/09\/439295529_1042059234133498_6564300287881219176_n-1024x766.jpg\" alt=\"Dzie\u0144 Flagi na przasnyskim Rynku\" class=\"wp-image-32320\" srcset=\"https:\/\/bpprzasnysz.pl\/wp-content\/uploads\/sites\/56\/2024\/09\/439295529_1042059234133498_6564300287881219176_n-1024x766.jpg 1024w, https:\/\/bpprzasnysz.pl\/wp-content\/uploads\/sites\/56\/2024\/09\/439295529_1042059234133498_6564300287881219176_n-300x224.jpg 300w, https:\/\/bpprzasnysz.pl\/wp-content\/uploads\/sites\/56\/2024\/09\/439295529_1042059234133498_6564300287881219176_n-768x575.jpg 768w, https:\/\/bpprzasnysz.pl\/wp-content\/uploads\/sites\/56\/2024\/09\/439295529_1042059234133498_6564300287881219176_n-1536x1149.jpg 1536w, https:\/\/bpprzasnysz.pl\/wp-content\/uploads\/sites\/56\/2024\/09\/439295529_1042059234133498_6564300287881219176_n-1320x987.jpg 1320w, https:\/\/bpprzasnysz.pl\/wp-content\/uploads\/sites\/56\/2024\/09\/439295529_1042059234133498_6564300287881219176_n-24x18.jpg 24w, https:\/\/bpprzasnysz.pl\/wp-content\/uploads\/sites\/56\/2024\/09\/439295529_1042059234133498_6564300287881219176_n-36x27.jpg 36w, https:\/\/bpprzasnysz.pl\/wp-content\/uploads\/sites\/56\/2024\/09\/439295529_1042059234133498_6564300287881219176_n-48x36.jpg 48w, https:\/\/bpprzasnysz.pl\/wp-content\/uploads\/sites\/56\/2024\/09\/439295529_1042059234133498_6564300287881219176_n.jpg 2048w\" sizes=\"auto, (max-width: 1024px) 100vw, 1024px\" \/><\/a><\/figure>\n\n\n\n<figure class=\"wp-block-image size-large\"><a href=\"https:\/\/bpprzasnysz.pl\/wp-content\/uploads\/sites\/56\/2024\/09\/439315397_122140771496210639_935509452959573002_n.jpg\"><img loading=\"lazy\" decoding=\"async\" width=\"1024\" height=\"771\" data-id=\"32248\" src=\"https:\/\/bpprzasnysz.pl\/wp-content\/uploads\/sites\/56\/2024\/09\/439315397_122140771496210639_935509452959573002_n-1024x771.jpg\" alt=\"Dzie\u0144 Flagi na przasnyskim Rynku\" class=\"wp-image-32248\" srcset=\"https:\/\/bpprzasnysz.pl\/wp-content\/uploads\/sites\/56\/2024\/09\/439315397_122140771496210639_935509452959573002_n-1024x771.jpg 1024w, https:\/\/bpprzasnysz.pl\/wp-content\/uploads\/sites\/56\/2024\/09\/439315397_122140771496210639_935509452959573002_n-300x226.jpg 300w, https:\/\/bpprzasnysz.pl\/wp-content\/uploads\/sites\/56\/2024\/09\/439315397_122140771496210639_935509452959573002_n-768x578.jpg 768w, https:\/\/bpprzasnysz.pl\/wp-content\/uploads\/sites\/56\/2024\/09\/439315397_122140771496210639_935509452959573002_n-1536x1157.jpg 1536w, https:\/\/bpprzasnysz.pl\/wp-content\/uploads\/sites\/56\/2024\/09\/439315397_122140771496210639_935509452959573002_n-1320x994.jpg 1320w, https:\/\/bpprzasnysz.pl\/wp-content\/uploads\/sites\/56\/2024\/09\/439315397_122140771496210639_935509452959573002_n-24x18.jpg 24w, https:\/\/bpprzasnysz.pl\/wp-content\/uploads\/sites\/56\/2024\/09\/439315397_122140771496210639_935509452959573002_n-36x27.jpg 36w, https:\/\/bpprzasnysz.pl\/wp-content\/uploads\/sites\/56\/2024\/09\/439315397_122140771496210639_935509452959573002_n-48x36.jpg 48w, https:\/\/bpprzasnysz.pl\/wp-content\/uploads\/sites\/56\/2024\/09\/439315397_122140771496210639_935509452959573002_n.jpg 2040w\" sizes=\"auto, (max-width: 1024px) 100vw, 1024px\" \/><\/a><\/figure>\n\n\n\n<figure class=\"wp-block-image size-large\"><a href=\"https:\/\/bpprzasnysz.pl\/wp-content\/uploads\/sites\/56\/2024\/09\/439336263_122140771244210639_3524881633169569199_n.jpg\"><img loading=\"lazy\" decoding=\"async\" width=\"577\" height=\"1024\" data-id=\"32236\" src=\"https:\/\/bpprzasnysz.pl\/wp-content\/uploads\/sites\/56\/2024\/09\/439336263_122140771244210639_3524881633169569199_n-577x1024.jpg\" alt=\"Dzie\u0144 Flagi na przasnyskim Rynku\" class=\"wp-image-32236\" srcset=\"https:\/\/bpprzasnysz.pl\/wp-content\/uploads\/sites\/56\/2024\/09\/439336263_122140771244210639_3524881633169569199_n-577x1024.jpg 577w, https:\/\/bpprzasnysz.pl\/wp-content\/uploads\/sites\/56\/2024\/09\/439336263_122140771244210639_3524881633169569199_n-169x300.jpg 169w, https:\/\/bpprzasnysz.pl\/wp-content\/uploads\/sites\/56\/2024\/09\/439336263_122140771244210639_3524881633169569199_n-768x1364.jpg 768w, https:\/\/bpprzasnysz.pl\/wp-content\/uploads\/sites\/56\/2024\/09\/439336263_122140771244210639_3524881633169569199_n-865x1536.jpg 865w, https:\/\/bpprzasnysz.pl\/wp-content\/uploads\/sites\/56\/2024\/09\/439336263_122140771244210639_3524881633169569199_n-14x24.jpg 14w, https:\/\/bpprzasnysz.pl\/wp-content\/uploads\/sites\/56\/2024\/09\/439336263_122140771244210639_3524881633169569199_n-20x36.jpg 20w, https:\/\/bpprzasnysz.pl\/wp-content\/uploads\/sites\/56\/2024\/09\/439336263_122140771244210639_3524881633169569199_n-27x48.jpg 27w, https:\/\/bpprzasnysz.pl\/wp-content\/uploads\/sites\/56\/2024\/09\/439336263_122140771244210639_3524881633169569199_n.jpg 1126w\" sizes=\"auto, (max-width: 577px) 100vw, 577px\" \/><\/a><\/figure>\n\n\n\n<figure class=\"wp-block-image size-large\"><a href=\"https:\/\/bpprzasnysz.pl\/wp-content\/uploads\/sites\/56\/2024\/09\/439605464_871566311442355_8118083293754084360_n.jpg\"><img loading=\"lazy\" decoding=\"async\" width=\"1024\" height=\"768\" data-id=\"32212\" src=\"https:\/\/bpprzasnysz.pl\/wp-content\/uploads\/sites\/56\/2024\/09\/439605464_871566311442355_8118083293754084360_n-1024x768.jpg\" alt=\"Dzie\u0144 Flagi na przasnyskim Rynku\" class=\"wp-image-32212\" srcset=\"https:\/\/bpprzasnysz.pl\/wp-content\/uploads\/sites\/56\/2024\/09\/439605464_871566311442355_8118083293754084360_n-1024x768.jpg 1024w, https:\/\/bpprzasnysz.pl\/wp-content\/uploads\/sites\/56\/2024\/09\/439605464_871566311442355_8118083293754084360_n-300x225.jpg 300w, https:\/\/bpprzasnysz.pl\/wp-content\/uploads\/sites\/56\/2024\/09\/439605464_871566311442355_8118083293754084360_n-768x576.jpg 768w, https:\/\/bpprzasnysz.pl\/wp-content\/uploads\/sites\/56\/2024\/09\/439605464_871566311442355_8118083293754084360_n-1536x1152.jpg 1536w, https:\/\/bpprzasnysz.pl\/wp-content\/uploads\/sites\/56\/2024\/09\/439605464_871566311442355_8118083293754084360_n-1320x990.jpg 1320w, https:\/\/bpprzasnysz.pl\/wp-content\/uploads\/sites\/56\/2024\/09\/439605464_871566311442355_8118083293754084360_n-24x18.jpg 24w, https:\/\/bpprzasnysz.pl\/wp-content\/uploads\/sites\/56\/2024\/09\/439605464_871566311442355_8118083293754084360_n-36x27.jpg 36w, https:\/\/bpprzasnysz.pl\/wp-content\/uploads\/sites\/56\/2024\/09\/439605464_871566311442355_8118083293754084360_n-48x36.jpg 48w, https:\/\/bpprzasnysz.pl\/wp-content\/uploads\/sites\/56\/2024\/09\/439605464_871566311442355_8118083293754084360_n.jpg 1632w\" sizes=\"auto, (max-width: 1024px) 100vw, 1024px\" \/><\/a><\/figure>\n\n\n\n<figure class=\"wp-block-image size-large\"><a href=\"https:\/\/bpprzasnysz.pl\/wp-content\/uploads\/sites\/56\/2024\/09\/440775275_122140771622210639_6840000068698675073_n.jpg\"><img loading=\"lazy\" decoding=\"async\" width=\"1024\" height=\"771\" data-id=\"32260\" src=\"https:\/\/bpprzasnysz.pl\/wp-content\/uploads\/sites\/56\/2024\/09\/440775275_122140771622210639_6840000068698675073_n-1024x771.jpg\" alt=\"Dzie\u0144 Flagi na przasnyskim Rynku\" class=\"wp-image-32260\" srcset=\"https:\/\/bpprzasnysz.pl\/wp-content\/uploads\/sites\/56\/2024\/09\/440775275_122140771622210639_6840000068698675073_n-1024x771.jpg 1024w, https:\/\/bpprzasnysz.pl\/wp-content\/uploads\/sites\/56\/2024\/09\/440775275_122140771622210639_6840000068698675073_n-300x226.jpg 300w, https:\/\/bpprzasnysz.pl\/wp-content\/uploads\/sites\/56\/2024\/09\/440775275_122140771622210639_6840000068698675073_n-768x578.jpg 768w, https:\/\/bpprzasnysz.pl\/wp-content\/uploads\/sites\/56\/2024\/09\/440775275_122140771622210639_6840000068698675073_n-1536x1157.jpg 1536w, https:\/\/bpprzasnysz.pl\/wp-content\/uploads\/sites\/56\/2024\/09\/440775275_122140771622210639_6840000068698675073_n-1320x994.jpg 1320w, https:\/\/bpprzasnysz.pl\/wp-content\/uploads\/sites\/56\/2024\/09\/440775275_122140771622210639_6840000068698675073_n-24x18.jpg 24w, https:\/\/bpprzasnysz.pl\/wp-content\/uploads\/sites\/56\/2024\/09\/440775275_122140771622210639_6840000068698675073_n-36x27.jpg 36w, https:\/\/bpprzasnysz.pl\/wp-content\/uploads\/sites\/56\/2024\/09\/440775275_122140771622210639_6840000068698675073_n-48x36.jpg 48w, https:\/\/bpprzasnysz.pl\/wp-content\/uploads\/sites\/56\/2024\/09\/440775275_122140771622210639_6840000068698675073_n.jpg 2040w\" sizes=\"auto, (max-width: 1024px) 100vw, 1024px\" \/><\/a><\/figure>\n\n\n\n<figure class=\"wp-block-image size-large\"><a href=\"https:\/\/bpprzasnysz.pl\/wp-content\/uploads\/sites\/56\/2024\/09\/440862707_122140771268210639_9164561991978031632_n.jpg\"><img loading=\"lazy\" decoding=\"async\" width=\"1024\" height=\"771\" data-id=\"32224\" src=\"https:\/\/bpprzasnysz.pl\/wp-content\/uploads\/sites\/56\/2024\/09\/440862707_122140771268210639_9164561991978031632_n-1024x771.jpg\" alt=\"Dzie\u0144 Flagi na przasnyskim Rynku\" class=\"wp-image-32224\" srcset=\"https:\/\/bpprzasnysz.pl\/wp-content\/uploads\/sites\/56\/2024\/09\/440862707_122140771268210639_9164561991978031632_n-1024x771.jpg 1024w, https:\/\/bpprzasnysz.pl\/wp-content\/uploads\/sites\/56\/2024\/09\/440862707_122140771268210639_9164561991978031632_n-300x226.jpg 300w, https:\/\/bpprzasnysz.pl\/wp-content\/uploads\/sites\/56\/2024\/09\/440862707_122140771268210639_9164561991978031632_n-768x578.jpg 768w, https:\/\/bpprzasnysz.pl\/wp-content\/uploads\/sites\/56\/2024\/09\/440862707_122140771268210639_9164561991978031632_n-1536x1157.jpg 1536w, https:\/\/bpprzasnysz.pl\/wp-content\/uploads\/sites\/56\/2024\/09\/440862707_122140771268210639_9164561991978031632_n-1320x994.jpg 1320w, https:\/\/bpprzasnysz.pl\/wp-content\/uploads\/sites\/56\/2024\/09\/440862707_122140771268210639_9164561991978031632_n-24x18.jpg 24w, https:\/\/bpprzasnysz.pl\/wp-content\/uploads\/sites\/56\/2024\/09\/440862707_122140771268210639_9164561991978031632_n-36x27.jpg 36w, https:\/\/bpprzasnysz.pl\/wp-content\/uploads\/sites\/56\/2024\/09\/440862707_122140771268210639_9164561991978031632_n-48x36.jpg 48w, https:\/\/bpprzasnysz.pl\/wp-content\/uploads\/sites\/56\/2024\/09\/440862707_122140771268210639_9164561991978031632_n.jpg 2040w\" sizes=\"auto, (max-width: 1024px) 100vw, 1024px\" \/><\/a><\/figure>\n<\/figure>\n","protected":false},"excerpt":{"rendered":"<p>W dniu 26 kwietnia razem z Miejsk\u0105 Bibliotek\u0105 Publiczn\u0105 po raz kolejny zorganizowali\u015bmy warsztaty w bia\u0142o-czerwonych barwach. <\/p>\n","protected":false},"author":1285,"featured_media":32272,"comment_status":"closed","ping_status":"closed","sticky":false,"template":"","format":"standard","meta":{"_acf_changed":false,"_oasis_is_in_workflow":0,"_oasis_original":0,"inline_featured_image":false,"site-sidebar-layout":"default","site-content-layout":"","ast-site-content-layout":"default","site-content-style":"default","site-sidebar-style":"default","ast-global-header-display":"","ast-banner-title-visibility":"","ast-main-header-display":"","ast-hfb-above-header-display":"","ast-hfb-below-header-display":"","ast-hfb-mobile-header-display":"","site-post-title":"","ast-breadcrumbs-content":"","ast-featured-img":"","footer-sml-layout":"","ast-disable-related-posts":"","theme-transparent-header-meta":"","adv-header-id-meta":"","stick-header-meta":"","header-above-stick-meta":"","header-main-stick-meta":"","header-below-stick-meta":"","astra-migrate-meta-layouts":"set","ast-page-background-enabled":"default","ast-page-background-meta":{"desktop":{"background-color":"","background-image":"","background-repeat":"repeat","background-position":"center center","background-size":"auto","background-attachment":"scroll","background-type":"","background-media":"","overlay-type":"","overlay-color":"","overlay-opacity":"","overlay-gradient":""},"tablet":{"background-color":"","background-image":"","background-repeat":"repeat","background-position":"center center","background-size":"auto","background-attachment":"scroll","background-type":"","background-media":"","overlay-type":"","overlay-color":"","overlay-opacity":"","overlay-gradient":""},"mobile":{"background-color":"","background-image":"","background-repeat":"repeat","background-position":"center center","background-size":"auto","background-attachment":"scroll","background-type":"","background-media":"","overlay-type":"","overlay-color":"","overlay-opacity":"","overlay-gradient":""}},"ast-content-background-meta":{"desktop":{"background-color":"var(--ast-global-color-5)","background-image":"","background-repeat":"repeat","background-position":"center center","background-size":"auto","background-attachment":"scroll","background-type":"","background-media":"","overlay-type":"","overlay-color":"","overlay-opacity":"","overlay-gradient":""},"tablet":{"background-color":"var(--ast-global-color-5)","background-image":"","background-repeat":"repeat","background-position":"center center","background-size":"auto","background-attachment":"scroll","background-type":"","background-media":"","overlay-type":"","overlay-color":"","overlay-opacity":"","overlay-gradient":""},"mobile":{"background-color":"var(--ast-global-color-5)","background-image":"","background-repeat":"repeat","background-position":"center center","background-size":"auto","background-attachment":"scroll","background-type":"","background-media":"","overlay-type":"","overlay-color":"","overlay-opacity":"","overlay-gradient":""}},"_themeisle_gutenberg_block_has_review":false,"footnotes":""},"categories":[163],"tags":[],"class_list":["post-32194","post","type-post","status-publish","format-standard","has-post-thumbnail","hentry","category-163"],"acf":[],"featured_image_urls_v2":{"full":["https:\/\/bpprzasnysz.pl\/wp-content\/uploads\/sites\/56\/2024\/09\/438081646_954184446707925_6592204630989439705_n.jpg",2048,1720,false],"thumbnail":["https:\/\/bpprzasnysz.pl\/wp-content\/uploads\/sites\/56\/2024\/09\/438081646_954184446707925_6592204630989439705_n-150x150.jpg",150,150,true],"medium":["https:\/\/bpprzasnysz.pl\/wp-content\/uploads\/sites\/56\/2024\/09\/438081646_954184446707925_6592204630989439705_n-300x252.jpg",300,252,true],"medium_large":["https:\/\/bpprzasnysz.pl\/wp-content\/uploads\/sites\/56\/2024\/09\/438081646_954184446707925_6592204630989439705_n-768x645.jpg",768,645,true],"large":["https:\/\/bpprzasnysz.pl\/wp-content\/uploads\/sites\/56\/2024\/09\/438081646_954184446707925_6592204630989439705_n-1024x860.jpg",1024,860,true],"1536x1536":["https:\/\/bpprzasnysz.pl\/wp-content\/uploads\/sites\/56\/2024\/09\/438081646_954184446707925_6592204630989439705_n-1536x1290.jpg",1536,1290,true],"2048x2048":["https:\/\/bpprzasnysz.pl\/wp-content\/uploads\/sites\/56\/2024\/09\/438081646_954184446707925_6592204630989439705_n.jpg",2048,1720,false],"menu-24x24":["https:\/\/bpprzasnysz.pl\/wp-content\/uploads\/sites\/56\/2024\/09\/438081646_954184446707925_6592204630989439705_n-24x20.jpg",24,20,true],"menu-36x36":["https:\/\/bpprzasnysz.pl\/wp-content\/uploads\/sites\/56\/2024\/09\/438081646_954184446707925_6592204630989439705_n-36x30.jpg",36,30,true],"menu-48x48":["https:\/\/bpprzasnysz.pl\/wp-content\/uploads\/sites\/56\/2024\/09\/438081646_954184446707925_6592204630989439705_n-48x40.jpg",48,40,true]},"post_excerpt_stackable_v2":"<p>W dniu 26 kwietnia razem z Miejsk\u0105 Bibliotek\u0105 Publiczn\u0105 po raz kolejny zorganizowali\u015bmy warsztaty w bia\u0142o-czerwonych barwach. <\/p>\n","category_list_v2":"<a href=\"https:\/\/bpprzasnysz.pl\/uk\/category\/2024\/\" rel=\"category tag\">2024<\/a>","author_info_v2":{"name":"Luiza Dawidziuk","url":"https:\/\/bpprzasnysz.pl\/ru\/author\/luizad\/"},"comments_num_v2":"0 \u043a\u043e\u043c\u043c\u0435\u043d\u0442\u0430\u0440\u0438\u0435\u0432","_links":{"self":[{"href":"https:\/\/bpprzasnysz.pl\/ru\/wp-json\/wp\/v2\/posts\/32194","targetHints":{"allow":["GET"]}}],"collection":[{"href":"https:\/\/bpprzasnysz.pl\/ru\/wp-json\/wp\/v2\/posts"}],"about":[{"href":"https:\/\/bpprzasnysz.pl\/ru\/wp-json\/wp\/v2\/types\/post"}],"author":[{"embeddable":true,"href":"https:\/\/bpprzasnysz.pl\/ru\/wp-json\/wp\/v2\/users\/1285"}],"replies":[{"embeddable":true,"href":"https:\/\/bpprzasnysz.pl\/ru\/wp-json\/wp\/v2\/comments?post=32194"}],"version-history":[{"count":5,"href":"https:\/\/bpprzasnysz.pl\/ru\/wp-json\/wp\/v2\/posts\/32194\/revisions"}],"predecessor-version":[{"id":32377,"href":"https:\/\/bpprzasnysz.pl\/ru\/wp-json\/wp\/v2\/posts\/32194\/revisions\/32377"}],"wp:featuredmedia":[{"embeddable":true,"href":"https:\/\/bpprzasnysz.pl\/ru\/wp-json\/wp\/v2\/media\/32272"}],"wp:attachment":[{"href":"https:\/\/bpprzasnysz.pl\/ru\/wp-json\/wp\/v2\/media?parent=32194"}],"wp:term":[{"taxonomy":"category","embeddable":true,"href":"https:\/\/bpprzasnysz.pl\/ru\/wp-json\/wp\/v2\/categories?post=32194"},{"taxonomy":"post_tag","embeddable":true,"href":"https:\/\/bpprzasnysz.pl\/ru\/wp-json\/wp\/v2\/tags?post=32194"}],"curies":[{"name":"wp","href":"https:\/\/api.w.org\/{rel}","templated":true}]}}