{"id":32689,"date":"2024-06-05T13:08:00","date_gmt":"2024-06-05T11:08:00","guid":{"rendered":"https:\/\/bpprzasnysz.pl\/?p=32689"},"modified":"2024-09-03T11:45:39","modified_gmt":"2024-09-03T09:45:39","slug":"spotkanie-z-nauczycielami-bibliotekarzami","status":"publish","type":"post","link":"https:\/\/bpprzasnysz.pl\/ru\/spotkanie-z-nauczycielami-bibliotekarzami\/","title":{"rendered":"SPOTKANIE Z NAUCZYCIELAMI BIBLIOTEKARZAMI"},"content":{"rendered":"\n<p>27 maja odby\u0142o si\u0119 spotkanie nauczycieli bibliotekarzy z powiatu przasnyskiego, kt\u00f3rego g\u0142\u00f3wnym tematem by\u0142a\u00a0<strong>\u201eAktywna biblioteka szkolna\u201d<\/strong>\ud83d\udcda. Przedstawi\u0142y\u015bmy aktywne i atrakcyjne metody pracy z u\u017cytkownikiem biblioteki. Nie zabrak\u0142o te\u017c dyskusji, wymiany do\u015bwiadcze\u0144 zawodowych oraz wzajemnych inspiracji. Dzi\u0119kujemy za aktywne uczestnictwo \ud83d\udc4d<\/p>\n\n\n\n<p class=\"has-text-align-right\">Oprac. Aneta Dobrzy\u0144ska<\/p>\n\n\n\n<figure class=\"wp-block-gallery has-nested-images columns-default is-cropped wp-block-gallery-1 is-layout-flex wp-block-gallery-is-layout-flex\">\n<figure class=\"wp-block-image size-large\"><a href=\"https:\/\/bpprzasnysz.pl\/wp-content\/uploads\/sites\/56\/2024\/09\/s1.jpg\"><img loading=\"lazy\" decoding=\"async\" width=\"1024\" height=\"461\" data-id=\"32695\" src=\"https:\/\/bpprzasnysz.pl\/wp-content\/uploads\/sites\/56\/2024\/09\/s1-1024x461.jpg\" alt=\"Spotkanie z nauczycielami bibliotekarzami\" class=\"wp-image-32695\" srcset=\"https:\/\/bpprzasnysz.pl\/wp-content\/uploads\/sites\/56\/2024\/09\/s1-1024x461.jpg 1024w, https:\/\/bpprzasnysz.pl\/wp-content\/uploads\/sites\/56\/2024\/09\/s1-300x135.jpg 300w, https:\/\/bpprzasnysz.pl\/wp-content\/uploads\/sites\/56\/2024\/09\/s1-768x345.jpg 768w, https:\/\/bpprzasnysz.pl\/wp-content\/uploads\/sites\/56\/2024\/09\/s1-1536x691.jpg 1536w, https:\/\/bpprzasnysz.pl\/wp-content\/uploads\/sites\/56\/2024\/09\/s1-1320x594.jpg 1320w, https:\/\/bpprzasnysz.pl\/wp-content\/uploads\/sites\/56\/2024\/09\/s1-24x11.jpg 24w, https:\/\/bpprzasnysz.pl\/wp-content\/uploads\/sites\/56\/2024\/09\/s1-36x16.jpg 36w, https:\/\/bpprzasnysz.pl\/wp-content\/uploads\/sites\/56\/2024\/09\/s1-48x22.jpg 48w, https:\/\/bpprzasnysz.pl\/wp-content\/uploads\/sites\/56\/2024\/09\/s1.jpg 2048w\" sizes=\"auto, (max-width: 1024px) 100vw, 1024px\" \/><\/a><\/figure>\n\n\n\n<figure class=\"wp-block-image size-large\"><a href=\"https:\/\/bpprzasnysz.pl\/wp-content\/uploads\/sites\/56\/2024\/09\/s2.jpg\"><img loading=\"lazy\" decoding=\"async\" width=\"1024\" height=\"461\" data-id=\"32692\" src=\"https:\/\/bpprzasnysz.pl\/wp-content\/uploads\/sites\/56\/2024\/09\/s2-1024x461.jpg\" alt=\"Spotkanie z nauczycielami bibliotekarzami\" class=\"wp-image-32692\" srcset=\"https:\/\/bpprzasnysz.pl\/wp-content\/uploads\/sites\/56\/2024\/09\/s2-1024x461.jpg 1024w, https:\/\/bpprzasnysz.pl\/wp-content\/uploads\/sites\/56\/2024\/09\/s2-300x135.jpg 300w, https:\/\/bpprzasnysz.pl\/wp-content\/uploads\/sites\/56\/2024\/09\/s2-768x345.jpg 768w, https:\/\/bpprzasnysz.pl\/wp-content\/uploads\/sites\/56\/2024\/09\/s2-1536x691.jpg 1536w, https:\/\/bpprzasnysz.pl\/wp-content\/uploads\/sites\/56\/2024\/09\/s2-1320x594.jpg 1320w, https:\/\/bpprzasnysz.pl\/wp-content\/uploads\/sites\/56\/2024\/09\/s2-24x11.jpg 24w, https:\/\/bpprzasnysz.pl\/wp-content\/uploads\/sites\/56\/2024\/09\/s2-36x16.jpg 36w, https:\/\/bpprzasnysz.pl\/wp-content\/uploads\/sites\/56\/2024\/09\/s2-48x22.jpg 48w, https:\/\/bpprzasnysz.pl\/wp-content\/uploads\/sites\/56\/2024\/09\/s2.jpg 2048w\" sizes=\"auto, (max-width: 1024px) 100vw, 1024px\" \/><\/a><\/figure>\n\n\n\n<figure class=\"wp-block-image size-large\"><a href=\"https:\/\/bpprzasnysz.pl\/wp-content\/uploads\/sites\/56\/2024\/09\/s5-scaled.jpg\"><img loading=\"lazy\" decoding=\"async\" width=\"1024\" height=\"683\" data-id=\"32707\" src=\"https:\/\/bpprzasnysz.pl\/wp-content\/uploads\/sites\/56\/2024\/09\/s5-1024x683.jpg\" alt=\"Spotkanie z nauczycielami bibliotekarzami\" class=\"wp-image-32707\" srcset=\"https:\/\/bpprzasnysz.pl\/wp-content\/uploads\/sites\/56\/2024\/09\/s5-1024x683.jpg 1024w, https:\/\/bpprzasnysz.pl\/wp-content\/uploads\/sites\/56\/2024\/09\/s5-300x200.jpg 300w, https:\/\/bpprzasnysz.pl\/wp-content\/uploads\/sites\/56\/2024\/09\/s5-768x512.jpg 768w, https:\/\/bpprzasnysz.pl\/wp-content\/uploads\/sites\/56\/2024\/09\/s5-1536x1024.jpg 1536w, https:\/\/bpprzasnysz.pl\/wp-content\/uploads\/sites\/56\/2024\/09\/s5-2048x1365.jpg 2048w, https:\/\/bpprzasnysz.pl\/wp-content\/uploads\/sites\/56\/2024\/09\/s5-1320x880.jpg 1320w, https:\/\/bpprzasnysz.pl\/wp-content\/uploads\/sites\/56\/2024\/09\/s5-24x16.jpg 24w, https:\/\/bpprzasnysz.pl\/wp-content\/uploads\/sites\/56\/2024\/09\/s5-36x24.jpg 36w, https:\/\/bpprzasnysz.pl\/wp-content\/uploads\/sites\/56\/2024\/09\/s5-48x32.jpg 48w\" sizes=\"auto, (max-width: 1024px) 100vw, 1024px\" \/><\/a><\/figure>\n<\/figure>\n","protected":false},"excerpt":{"rendered":"<p>27 maja odby\u0142o si\u0119 spotkanie nauczycieli bibliotekarzy z powiatu przasnyskiego<\/p>\n","protected":false},"author":1303,"featured_media":32719,"comment_status":"closed","ping_status":"closed","sticky":false,"template":"","format":"standard","meta":{"_acf_changed":false,"_oasis_is_in_workflow":0,"_oasis_original":0,"inline_featured_image":false,"site-sidebar-layout":"default","site-content-layout":"","ast-site-content-layout":"default","site-content-style":"default","site-sidebar-style":"default","ast-global-header-display":"","ast-banner-title-visibility":"","ast-main-header-display":"","ast-hfb-above-header-display":"","ast-hfb-below-header-display":"","ast-hfb-mobile-header-display":"","site-post-title":"","ast-breadcrumbs-content":"","ast-featured-img":"","footer-sml-layout":"","ast-disable-related-posts":"","theme-transparent-header-meta":"","adv-header-id-meta":"","stick-header-meta":"","header-above-stick-meta":"","header-main-stick-meta":"","header-below-stick-meta":"","astra-migrate-meta-layouts":"set","ast-page-background-enabled":"default","ast-page-background-meta":{"desktop":{"background-color":"","background-image":"","background-repeat":"repeat","background-position":"center center","background-size":"auto","background-attachment":"scroll","background-type":"","background-media":"","overlay-type":"","overlay-color":"","overlay-opacity":"","overlay-gradient":""},"tablet":{"background-color":"","background-image":"","background-repeat":"repeat","background-position":"center center","background-size":"auto","background-attachment":"scroll","background-type":"","background-media":"","overlay-type":"","overlay-color":"","overlay-opacity":"","overlay-gradient":""},"mobile":{"background-color":"","background-image":"","background-repeat":"repeat","background-position":"center center","background-size":"auto","background-attachment":"scroll","background-type":"","background-media":"","overlay-type":"","overlay-color":"","overlay-opacity":"","overlay-gradient":""}},"ast-content-background-meta":{"desktop":{"background-color":"var(--ast-global-color-5)","background-image":"","background-repeat":"repeat","background-position":"center center","background-size":"auto","background-attachment":"scroll","background-type":"","background-media":"","overlay-type":"","overlay-color":"","overlay-opacity":"","overlay-gradient":""},"tablet":{"background-color":"var(--ast-global-color-5)","background-image":"","background-repeat":"repeat","background-position":"center center","background-size":"auto","background-attachment":"scroll","background-type":"","background-media":"","overlay-type":"","overlay-color":"","overlay-opacity":"","overlay-gradient":""},"mobile":{"background-color":"var(--ast-global-color-5)","background-image":"","background-repeat":"repeat","background-position":"center center","background-size":"auto","background-attachment":"scroll","background-type":"","background-media":"","overlay-type":"","overlay-color":"","overlay-opacity":"","overlay-gradient":""}},"_themeisle_gutenberg_block_has_review":false,"footnotes":""},"categories":[163],"tags":[],"class_list":["post-32689","post","type-post","status-publish","format-standard","has-post-thumbnail","hentry","category-163"],"acf":[],"featured_image_urls_v2":{"full":["https:\/\/bpprzasnysz.pl\/wp-content\/uploads\/sites\/56\/2024\/09\/s6-scaled.jpg",2560,2560,false],"thumbnail":["https:\/\/bpprzasnysz.pl\/wp-content\/uploads\/sites\/56\/2024\/09\/s6-150x150.jpg",150,150,true],"medium":["https:\/\/bpprzasnysz.pl\/wp-content\/uploads\/sites\/56\/2024\/09\/s6-300x300.jpg",300,300,true],"medium_large":["https:\/\/bpprzasnysz.pl\/wp-content\/uploads\/sites\/56\/2024\/09\/s6-768x768.jpg",768,768,true],"large":["https:\/\/bpprzasnysz.pl\/wp-content\/uploads\/sites\/56\/2024\/09\/s6-1024x1024.jpg",1024,1024,true],"1536x1536":["https:\/\/bpprzasnysz.pl\/wp-content\/uploads\/sites\/56\/2024\/09\/s6-1536x1536.jpg",1536,1536,true],"2048x2048":["https:\/\/bpprzasnysz.pl\/wp-content\/uploads\/sites\/56\/2024\/09\/s6-2048x2048.jpg",2048,2048,true],"menu-24x24":["https:\/\/bpprzasnysz.pl\/wp-content\/uploads\/sites\/56\/2024\/09\/s6-24x24.jpg",24,24,true],"menu-36x36":["https:\/\/bpprzasnysz.pl\/wp-content\/uploads\/sites\/56\/2024\/09\/s6-36x36.jpg",36,36,true],"menu-48x48":["https:\/\/bpprzasnysz.pl\/wp-content\/uploads\/sites\/56\/2024\/09\/s6-48x48.jpg",48,48,true]},"post_excerpt_stackable_v2":"<p>27 maja odby\u0142o si\u0119 spotkanie nauczycieli bibliotekarzy z powiatu przasnyskiego<\/p>\n","category_list_v2":"<a href=\"https:\/\/bpprzasnysz.pl\/uk\/category\/2024\/\" rel=\"category tag\">2024<\/a>","author_info_v2":{"name":"Aneta Dobrzy\u0144ska","url":"https:\/\/bpprzasnysz.pl\/ru\/author\/anetad\/"},"comments_num_v2":"0 \u043a\u043e\u043c\u043c\u0435\u043d\u0442\u0430\u0440\u0438\u0435\u0432","_links":{"self":[{"href":"https:\/\/bpprzasnysz.pl\/ru\/wp-json\/wp\/v2\/posts\/32689","targetHints":{"allow":["GET"]}}],"collection":[{"href":"https:\/\/bpprzasnysz.pl\/ru\/wp-json\/wp\/v2\/posts"}],"about":[{"href":"https:\/\/bpprzasnysz.pl\/ru\/wp-json\/wp\/v2\/types\/post"}],"author":[{"embeddable":true,"href":"https:\/\/bpprzasnysz.pl\/ru\/wp-json\/wp\/v2\/users\/1303"}],"replies":[{"embeddable":true,"href":"https:\/\/bpprzasnysz.pl\/ru\/wp-json\/wp\/v2\/comments?post=32689"}],"version-history":[{"count":2,"href":"https:\/\/bpprzasnysz.pl\/ru\/wp-json\/wp\/v2\/posts\/32689\/revisions"}],"predecessor-version":[{"id":32734,"href":"https:\/\/bpprzasnysz.pl\/ru\/wp-json\/wp\/v2\/posts\/32689\/revisions\/32734"}],"wp:featuredmedia":[{"embeddable":true,"href":"https:\/\/bpprzasnysz.pl\/ru\/wp-json\/wp\/v2\/media\/32719"}],"wp:attachment":[{"href":"https:\/\/bpprzasnysz.pl\/ru\/wp-json\/wp\/v2\/media?parent=32689"}],"wp:term":[{"taxonomy":"category","embeddable":true,"href":"https:\/\/bpprzasnysz.pl\/ru\/wp-json\/wp\/v2\/categories?post=32689"},{"taxonomy":"post_tag","embeddable":true,"href":"https:\/\/bpprzasnysz.pl\/ru\/wp-json\/wp\/v2\/tags?post=32689"}],"curies":[{"name":"wp","href":"https:\/\/api.w.org\/{rel}","templated":true}]}}