{"id":3486,"date":"2021-04-01T11:08:57","date_gmt":"2021-04-01T09:08:57","guid":{"rendered":"http:\/\/www.bpprzasnysz.pl\/?p=3486"},"modified":"2022-08-31T11:57:51","modified_gmt":"2022-08-31T09:57:51","slug":"zyczenia-wielkanocne","status":"publish","type":"post","link":"https:\/\/bpprzasnysz.pl\/ru\/zyczenia-wielkanocne\/","title":{"rendered":"\u017byczenia wielkanocne"},"content":{"rendered":"<p style=\"text-align: center\">Spokojnych \u015awi\u0105t Wielkiej Nocy &#8212; \u017cycz\u0105 pracownicy Biblioteki Pedagogicznej w Przasnyszu<\/p>\n<p style=\"text-align: center\"><a href=\"https:\/\/bpprzasnysz.pl\/wp-content\/uploads\/sites\/56\/2021\/04\/nadziei.png\"><img loading=\"lazy\" decoding=\"async\" class=\"alignnone size-medium wp-image-3487\" src=\"https:\/\/bpprzasnysz.pl\/wp-content\/uploads\/sites\/56\/2021\/04\/nadziei-300x213.png\" alt=\"\" width=\"300\" height=\"213\" srcset=\"https:\/\/bpprzasnysz.pl\/wp-content\/uploads\/sites\/56\/2021\/04\/nadziei-300x213.png 300w, https:\/\/bpprzasnysz.pl\/wp-content\/uploads\/sites\/56\/2021\/04\/nadziei-1024x727.png 1024w, https:\/\/bpprzasnysz.pl\/wp-content\/uploads\/sites\/56\/2021\/04\/nadziei-768x545.png 768w, https:\/\/bpprzasnysz.pl\/wp-content\/uploads\/sites\/56\/2021\/04\/nadziei-1536x1090.png 1536w, https:\/\/bpprzasnysz.pl\/wp-content\/uploads\/sites\/56\/2021\/04\/nadziei-1120x800.png 1120w, https:\/\/bpprzasnysz.pl\/wp-content\/uploads\/sites\/56\/2021\/04\/nadziei-850x600.png 850w, https:\/\/bpprzasnysz.pl\/wp-content\/uploads\/sites\/56\/2021\/04\/nadziei-1320x937.png 1320w, https:\/\/bpprzasnysz.pl\/wp-content\/uploads\/sites\/56\/2021\/04\/nadziei-24x17.png 24w, https:\/\/bpprzasnysz.pl\/wp-content\/uploads\/sites\/56\/2021\/04\/nadziei-36x26.png 36w, https:\/\/bpprzasnysz.pl\/wp-content\/uploads\/sites\/56\/2021\/04\/nadziei-48x34.png 48w, https:\/\/bpprzasnysz.pl\/wp-content\/uploads\/sites\/56\/2021\/04\/nadziei.png 1747w\" sizes=\"auto, (max-width: 300px) 100vw, 300px\" \/><\/a><\/p>\n","protected":false},"excerpt":{"rendered":"<p>Spokojnych \u015awi\u0105t Wielkiej Nocy &#8212; \u017cycz\u0105 pracownicy Biblioteki Pedagogicznej w Przasnyszu<\/p>\n","protected":false},"author":1303,"featured_media":3487,"comment_status":"closed","ping_status":"closed","sticky":false,"template":"","format":"standard","meta":{"_acf_changed":false,"_oasis_is_in_workflow":0,"_oasis_original":0,"inline_featured_image":false,"site-sidebar-layout":"default","site-content-layout":"","ast-site-content-layout":"default","site-content-style":"default","site-sidebar-style":"default","ast-global-header-display":"","ast-banner-title-visibility":"","ast-main-header-display":"","ast-hfb-above-header-display":"","ast-hfb-below-header-display":"","ast-hfb-mobile-header-display":"","site-post-title":"","ast-breadcrumbs-content":"","ast-featured-img":"","footer-sml-layout":"","ast-disable-related-posts":"","theme-transparent-header-meta":"","adv-header-id-meta":"","stick-header-meta":"","header-above-stick-meta":"","header-main-stick-meta":"","header-below-stick-meta":"","astra-migrate-meta-layouts":"default","ast-page-background-enabled":"default","ast-page-background-meta":{"desktop":{"background-color":"","background-image":"","background-repeat":"repeat","background-position":"center center","background-size":"auto","background-attachment":"scroll","background-type":"","background-media":"","overlay-type":"","overlay-color":"","overlay-opacity":"","overlay-gradient":""},"tablet":{"background-color":"","background-image":"","background-repeat":"repeat","background-position":"center center","background-size":"auto","background-attachment":"scroll","background-type":"","background-media":"","overlay-type":"","overlay-color":"","overlay-opacity":"","overlay-gradient":""},"mobile":{"background-color":"","background-image":"","background-repeat":"repeat","background-position":"center center","background-size":"auto","background-attachment":"scroll","background-type":"","background-media":"","overlay-type":"","overlay-color":"","overlay-opacity":"","overlay-gradient":""}},"ast-content-background-meta":{"desktop":{"background-color":"var(--ast-global-color-5)","background-image":"","background-repeat":"repeat","background-position":"center center","background-size":"auto","background-attachment":"scroll","background-type":"","background-media":"","overlay-type":"","overlay-color":"","overlay-opacity":"","overlay-gradient":""},"tablet":{"background-color":"var(--ast-global-color-5)","background-image":"","background-repeat":"repeat","background-position":"center center","background-size":"auto","background-attachment":"scroll","background-type":"","background-media":"","overlay-type":"","overlay-color":"","overlay-opacity":"","overlay-gradient":""},"mobile":{"background-color":"var(--ast-global-color-5)","background-image":"","background-repeat":"repeat","background-position":"center center","background-size":"auto","background-attachment":"scroll","background-type":"","background-media":"","overlay-type":"","overlay-color":"","overlay-opacity":"","overlay-gradient":""}},"_themeisle_gutenberg_block_has_review":false,"footnotes":""},"categories":[44],"tags":[],"class_list":["post-3486","post","type-post","status-publish","format-standard","has-post-thumbnail","hentry","category-44"],"acf":[],"featured_image_urls_v2":{"full":["https:\/\/bpprzasnysz.pl\/wp-content\/uploads\/sites\/56\/2021\/04\/nadziei.png",1747,1240,false],"thumbnail":["https:\/\/bpprzasnysz.pl\/wp-content\/uploads\/sites\/56\/2021\/04\/nadziei-150x150.png",150,150,true],"medium":["https:\/\/bpprzasnysz.pl\/wp-content\/uploads\/sites\/56\/2021\/04\/nadziei-300x213.png",300,213,true],"medium_large":["https:\/\/bpprzasnysz.pl\/wp-content\/uploads\/sites\/56\/2021\/04\/nadziei-768x545.png",768,545,true],"large":["https:\/\/bpprzasnysz.pl\/wp-content\/uploads\/sites\/56\/2021\/04\/nadziei-1024x727.png",1024,727,true],"1536x1536":["https:\/\/bpprzasnysz.pl\/wp-content\/uploads\/sites\/56\/2021\/04\/nadziei-1536x1090.png",1536,1090,true],"2048x2048":["https:\/\/bpprzasnysz.pl\/wp-content\/uploads\/sites\/56\/2021\/04\/nadziei.png",1747,1240,false],"menu-24x24":["https:\/\/bpprzasnysz.pl\/wp-content\/uploads\/sites\/56\/2021\/04\/nadziei-24x17.png",24,17,true],"menu-36x36":["https:\/\/bpprzasnysz.pl\/wp-content\/uploads\/sites\/56\/2021\/04\/nadziei-36x26.png",36,26,true],"menu-48x48":["https:\/\/bpprzasnysz.pl\/wp-content\/uploads\/sites\/56\/2021\/04\/nadziei-48x34.png",48,34,true]},"post_excerpt_stackable_v2":"<p>Spokojnych \u015awi\u0105t Wielkiej Nocy &#8212; \u017cycz\u0105 pracownicy Biblioteki Pedagogicznej w Przasnyszu<\/p>\n","category_list_v2":"<a href=\"https:\/\/bpprzasnysz.pl\/category\/2021\/\" rel=\"category tag\">2021<\/a>","author_info_v2":{"name":"Aneta Dobrzy\u0144ska","url":"https:\/\/bpprzasnysz.pl\/ru\/author\/anetad\/"},"comments_num_v2":"0 \u043a\u043e\u043c\u043c\u0435\u043d\u0442\u0430\u0440\u0438\u0435\u0432","_links":{"self":[{"href":"https:\/\/bpprzasnysz.pl\/ru\/wp-json\/wp\/v2\/posts\/3486","targetHints":{"allow":["GET"]}}],"collection":[{"href":"https:\/\/bpprzasnysz.pl\/ru\/wp-json\/wp\/v2\/posts"}],"about":[{"href":"https:\/\/bpprzasnysz.pl\/ru\/wp-json\/wp\/v2\/types\/post"}],"author":[{"embeddable":true,"href":"https:\/\/bpprzasnysz.pl\/ru\/wp-json\/wp\/v2\/users\/1303"}],"replies":[{"embeddable":true,"href":"https:\/\/bpprzasnysz.pl\/ru\/wp-json\/wp\/v2\/comments?post=3486"}],"version-history":[{"count":0,"href":"https:\/\/bpprzasnysz.pl\/ru\/wp-json\/wp\/v2\/posts\/3486\/revisions"}],"wp:featuredmedia":[{"embeddable":true,"href":"https:\/\/bpprzasnysz.pl\/ru\/wp-json\/wp\/v2\/media\/3487"}],"wp:attachment":[{"href":"https:\/\/bpprzasnysz.pl\/ru\/wp-json\/wp\/v2\/media?parent=3486"}],"wp:term":[{"taxonomy":"category","embeddable":true,"href":"https:\/\/bpprzasnysz.pl\/ru\/wp-json\/wp\/v2\/categories?post=3486"},{"taxonomy":"post_tag","embeddable":true,"href":"https:\/\/bpprzasnysz.pl\/ru\/wp-json\/wp\/v2\/tags?post=3486"}],"curies":[{"name":"wp","href":"https:\/\/api.w.org\/{rel}","templated":true}]}}