{"id":3642,"date":"2021-10-22T16:01:04","date_gmt":"2021-10-22T14:01:04","guid":{"rendered":"http:\/\/www.bpprzasnysz.pl\/?p=3642"},"modified":"2022-08-31T12:50:20","modified_gmt":"2022-08-31T10:50:20","slug":"zestawienia","status":"publish","type":"post","link":"https:\/\/bpprzasnysz.pl\/ru\/zestawienia\/","title":{"rendered":"Zestawienia tematyczne"},"content":{"rendered":"<ol>\n<li><a href=\"http:\/\/www.bpprzasnysz.pl\/2020\/01\/28\/autyzm\/\">Autyzm<\/a>\u2013 zestawienie bibliograficzne za lata 2010-2019 \u2013 wykaz opracowano na podstawie baz bibliograficznych Biblioteki Pedagogicznej w Ostro\u0142\u0119ce Filia w Przasnyszu. BP Przasnysz 2020.<\/li>\n<li><a href=\"http:\/\/www.bpprzasnysz.pl\/2020\/01\/28\/depresja\/\">Depresja<\/a>\u2013 zestawienie bibliograficzne za lata 2010-2019 \u2013 wykaz opracowano na podstawie baz bibliograficznych Biblioteki Pedagogicznej w Ostro\u0142\u0119ce Filia w Przasnyszu. BP Przasnysz 2020.<\/li>\n<li><a href=\"http:\/\/www.bpprzasnysz.pl\/2020\/05\/18\/jan-pawel\/\">\u015awi\u0119ty Jan Pawe\u0142 II<\/a> \u2013 bibliografia w 100-lecie urodzin Papie\u017ca \u2013 bibliografia obejmuje dzie\u0142a Papie\u017ca oraz opracowania po\u015bwi\u0119cone \u017cyciu i dzia\u0142alno\u015bci Jana Paw\u0142a II \u2013 dost\u0119pne w Bibliotece Pedagogicznej w Przasnyszu. BP Przasnysz 2020.<\/li>\n<li><a href=\"http:\/\/www.bpprzasnysz.pl\/2020\/05\/18\/jan\/\">\u015awi\u0119ty Jan Pawe\u0142 II<\/a> \u2013 scenariusze lekcji, uroczysto\u015bci szkolnych i konkurs\u00f3w \u2013 bibliografia w 100-lecie urodzin Papie\u017ca. BP Przasnysz 2020.<\/li>\n<li><a href=\"http:\/\/www.bpprzasnysz.pl\/2020\/05\/18\/jan-filmy\/\">\u015awi\u0119ty Jan Pawe\u0142 II<\/a> \u2013 filmy i audiobooki \u2013 bibliografia w 100-lecie urodzin Papie\u017ca . BP Przasnysz 2020.<\/li>\n<li><a href=\"http:\/\/www.bpprzasnysz.pl\/2020\/01\/29\/kompetencje\/\">Kompetencje matematyczne<\/a> \u2013 zestawienie bibliograficzne za lata 2010-2019. BP Przasnysz 2020.<\/li>\n<\/ol>\n","protected":false},"excerpt":{"rendered":"<p>Autyzm\u2013 zestawienie bibliograficzne za lata 2010-2019 \u2013 wykaz opracowano na podstawie baz bibliograficznych Biblioteki Pedagogicznej w Ostro\u0142\u0119ce Filia w Przasnyszu. [&hellip;]<\/p>\n","protected":false},"author":1303,"featured_media":0,"comment_status":"closed","ping_status":"closed","sticky":false,"template":"","format":"standard","meta":{"_acf_changed":false,"_oasis_is_in_workflow":0,"_oasis_original":0,"inline_featured_image":false,"site-sidebar-layout":"default","site-content-layout":"","ast-site-content-layout":"default","site-content-style":"default","site-sidebar-style":"default","ast-global-header-display":"","ast-banner-title-visibility":"","ast-main-header-display":"","ast-hfb-above-header-display":"","ast-hfb-below-header-display":"","ast-hfb-mobile-header-display":"","site-post-title":"","ast-breadcrumbs-content":"","ast-featured-img":"","footer-sml-layout":"","ast-disable-related-posts":"","theme-transparent-header-meta":"","adv-header-id-meta":"","stick-header-meta":"","header-above-stick-meta":"","header-main-stick-meta":"","header-below-stick-meta":"","astra-migrate-meta-layouts":"default","ast-page-background-enabled":"default","ast-page-background-meta":{"desktop":{"background-color":"","background-image":"","background-repeat":"repeat","background-position":"center center","background-size":"auto","background-attachment":"scroll","background-type":"","background-media":"","overlay-type":"","overlay-color":"","overlay-opacity":"","overlay-gradient":""},"tablet":{"background-color":"","background-image":"","background-repeat":"repeat","background-position":"center center","background-size":"auto","background-attachment":"scroll","background-type":"","background-media":"","overlay-type":"","overlay-color":"","overlay-opacity":"","overlay-gradient":""},"mobile":{"background-color":"","background-image":"","background-repeat":"repeat","background-position":"center center","background-size":"auto","background-attachment":"scroll","background-type":"","background-media":"","overlay-type":"","overlay-color":"","overlay-opacity":"","overlay-gradient":""}},"ast-content-background-meta":{"desktop":{"background-color":"var(--ast-global-color-5)","background-image":"","background-repeat":"repeat","background-position":"center center","background-size":"auto","background-attachment":"scroll","background-type":"","background-media":"","overlay-type":"","overlay-color":"","overlay-opacity":"","overlay-gradient":""},"tablet":{"background-color":"var(--ast-global-color-5)","background-image":"","background-repeat":"repeat","background-position":"center center","background-size":"auto","background-attachment":"scroll","background-type":"","background-media":"","overlay-type":"","overlay-color":"","overlay-opacity":"","overlay-gradient":""},"mobile":{"background-color":"var(--ast-global-color-5)","background-image":"","background-repeat":"repeat","background-position":"center center","background-size":"auto","background-attachment":"scroll","background-type":"","background-media":"","overlay-type":"","overlay-color":"","overlay-opacity":"","overlay-gradient":""}},"_themeisle_gutenberg_block_has_review":false,"footnotes":""},"categories":[49],"tags":[],"class_list":["post-3642","post","type-post","status-publish","format-standard","hentry","category-zestawienia"],"acf":[],"featured_image_urls_v2":{"full":"","thumbnail":"","medium":"","medium_large":"","large":"","1536x1536":"","2048x2048":"","menu-24x24":"","menu-36x36":"","menu-48x48":""},"post_excerpt_stackable_v2":"<p>Autyzm\u2013 zestawienie bibliograficzne za lata 2010-2019 \u2013 wykaz opracowano na podstawie baz bibliograficznych Biblioteki Pedagogicznej w Ostro\u0142\u0119ce Filia w Przasnyszu. BP Przasnysz 2020. Depresja\u2013 zestawienie bibliograficzne za lata 2010-2019 \u2013 wykaz opracowano na podstawie baz bibliograficznych Biblioteki Pedagogicznej w Ostro\u0142\u0119ce Filia w Przasnyszu. BP Przasnysz 2020. \u015awi\u0119ty Jan Pawe\u0142 II \u2013 bibliografia w 100-lecie urodzin Papie\u017ca \u2013 bibliografia obejmuje dzie\u0142a Papie\u017ca oraz opracowania po\u015bwi\u0119cone \u017cyciu i dzia\u0142alno\u015bci Jana Paw\u0142a II \u2013 dost\u0119pne w Bibliotece Pedagogicznej w Przasnyszu. BP Przasnysz 2020. \u015awi\u0119ty Jan Pawe\u0142 II \u2013 scenariusze lekcji, uroczysto\u015bci szkolnych i konkurs\u00f3w \u2013 bibliografia w 100-lecie urodzin Papie\u017ca. BP Przasnysz 2020.&hellip;<\/p>\n","category_list_v2":"<a href=\"https:\/\/bpprzasnysz.pl\/ru\/category\/zestawienia\/\" rel=\"category tag\">Zestawienia bibliograficzne<\/a>","author_info_v2":{"name":"Aneta Dobrzy\u0144ska","url":"https:\/\/bpprzasnysz.pl\/ru\/author\/anetad\/"},"comments_num_v2":"0 \u043a\u043e\u043c\u043c\u0435\u043d\u0442\u0430\u0440\u0438\u0435\u0432","_links":{"self":[{"href":"https:\/\/bpprzasnysz.pl\/ru\/wp-json\/wp\/v2\/posts\/3642","targetHints":{"allow":["GET"]}}],"collection":[{"href":"https:\/\/bpprzasnysz.pl\/ru\/wp-json\/wp\/v2\/posts"}],"about":[{"href":"https:\/\/bpprzasnysz.pl\/ru\/wp-json\/wp\/v2\/types\/post"}],"author":[{"embeddable":true,"href":"https:\/\/bpprzasnysz.pl\/ru\/wp-json\/wp\/v2\/users\/1303"}],"replies":[{"embeddable":true,"href":"https:\/\/bpprzasnysz.pl\/ru\/wp-json\/wp\/v2\/comments?post=3642"}],"version-history":[{"count":0,"href":"https:\/\/bpprzasnysz.pl\/ru\/wp-json\/wp\/v2\/posts\/3642\/revisions"}],"wp:attachment":[{"href":"https:\/\/bpprzasnysz.pl\/ru\/wp-json\/wp\/v2\/media?parent=3642"}],"wp:term":[{"taxonomy":"category","embeddable":true,"href":"https:\/\/bpprzasnysz.pl\/ru\/wp-json\/wp\/v2\/categories?post=3642"},{"taxonomy":"post_tag","embeddable":true,"href":"https:\/\/bpprzasnysz.pl\/ru\/wp-json\/wp\/v2\/tags?post=3642"}],"curies":[{"name":"wp","href":"https:\/\/api.w.org\/{rel}","templated":true}]}}