{"id":36856,"date":"2025-09-17T09:55:25","date_gmt":"2025-09-17T07:55:25","guid":{"rendered":"https:\/\/bpprzasnysz.pl\/?p=36856"},"modified":"2025-09-17T09:57:22","modified_gmt":"2025-09-17T07:57:22","slug":"zaproszenie-na-seminarium-2","status":"publish","type":"post","link":"https:\/\/bpprzasnysz.pl\/ru\/zaproszenie-na-seminarium-2\/","title":{"rendered":"ZAPROSZENIE NA SEMINARIUM"},"content":{"rendered":"\n<p>Zapraszamy nauczycieli, rodzic\u00f3w oraz wszystkich zainteresowanych na seminarium, zgodne z jednym z podstawowych kierunk\u00f3w realizacji polityki o\u015bwiatowej pa\u0144stwa w roku szkolnym 2025\/2026 &#171;Zdrowie psychiczne dzieci i m\u0142odzie\u017cy, wsparcie w kryzysach psychicznych oraz profilaktyka przemocy r\u00f3wie\u015bniczej&#187;. Spotkanie odb\u0119dzie si\u0119 2. pa\u017adziernika 2025 roku o godz. 16.00 w siedzibie Biblioteki przy ul. Szpitalnej 10. Zg\u0142oszenia telefoniczne: 29 752 24 17. Zapraszamy do zapis\u00f3w.<\/p>\n\n\n\n<figure class=\"wp-block-image size-full\"><a href=\"https:\/\/bpprzasnysz.pl\/wp-content\/uploads\/sites\/56\/2025\/09\/przemoc.jpg\"><img loading=\"lazy\" decoding=\"async\" width=\"705\" height=\"591\" src=\"https:\/\/bpprzasnysz.pl\/wp-content\/uploads\/sites\/56\/2025\/09\/przemoc.jpg\" alt=\"\" class=\"wp-image-36871\" srcset=\"https:\/\/bpprzasnysz.pl\/wp-content\/uploads\/sites\/56\/2025\/09\/przemoc.jpg 705w, https:\/\/bpprzasnysz.pl\/wp-content\/uploads\/sites\/56\/2025\/09\/przemoc-300x251.jpg 300w, https:\/\/bpprzasnysz.pl\/wp-content\/uploads\/sites\/56\/2025\/09\/przemoc-24x20.jpg 24w, https:\/\/bpprzasnysz.pl\/wp-content\/uploads\/sites\/56\/2025\/09\/przemoc-36x30.jpg 36w, https:\/\/bpprzasnysz.pl\/wp-content\/uploads\/sites\/56\/2025\/09\/przemoc-48x40.jpg 48w\" sizes=\"auto, (max-width: 705px) 100vw, 705px\" \/><\/a><\/figure>\n","protected":false},"excerpt":{"rendered":"<p>Zapraszamy nauczycieli, rodzic\u00f3w oraz wszystkich zainteresowanych na seminarium, zgodne z jednym z podstawowych kierunk\u00f3w realizacji polityki o\u015bwiatowej pa\u0144stwa w roku [&hellip;]<\/p>\n","protected":false},"author":1285,"featured_media":36871,"comment_status":"closed","ping_status":"closed","sticky":false,"template":"","format":"standard","meta":{"_acf_changed":false,"_oasis_is_in_workflow":0,"_oasis_original":0,"inline_featured_image":false,"site-sidebar-layout":"default","site-content-layout":"","ast-site-content-layout":"default","site-content-style":"default","site-sidebar-style":"default","ast-global-header-display":"","ast-banner-title-visibility":"","ast-main-header-display":"","ast-hfb-above-header-display":"","ast-hfb-below-header-display":"","ast-hfb-mobile-header-display":"","site-post-title":"","ast-breadcrumbs-content":"","ast-featured-img":"","footer-sml-layout":"","ast-disable-related-posts":"","theme-transparent-header-meta":"","adv-header-id-meta":"","stick-header-meta":"","header-above-stick-meta":"","header-main-stick-meta":"","header-below-stick-meta":"","astra-migrate-meta-layouts":"set","ast-page-background-enabled":"default","ast-page-background-meta":{"desktop":{"background-color":"","background-image":"","background-repeat":"repeat","background-position":"center center","background-size":"auto","background-attachment":"scroll","background-type":"","background-media":"","overlay-type":"","overlay-color":"","overlay-opacity":"","overlay-gradient":""},"tablet":{"background-color":"","background-image":"","background-repeat":"repeat","background-position":"center center","background-size":"auto","background-attachment":"scroll","background-type":"","background-media":"","overlay-type":"","overlay-color":"","overlay-opacity":"","overlay-gradient":""},"mobile":{"background-color":"","background-image":"","background-repeat":"repeat","background-position":"center center","background-size":"auto","background-attachment":"scroll","background-type":"","background-media":"","overlay-type":"","overlay-color":"","overlay-opacity":"","overlay-gradient":""}},"ast-content-background-meta":{"desktop":{"background-color":"var(--ast-global-color-5)","background-image":"","background-repeat":"repeat","background-position":"center center","background-size":"auto","background-attachment":"scroll","background-type":"","background-media":"","overlay-type":"","overlay-color":"","overlay-opacity":"","overlay-gradient":""},"tablet":{"background-color":"var(--ast-global-color-5)","background-image":"","background-repeat":"repeat","background-position":"center center","background-size":"auto","background-attachment":"scroll","background-type":"","background-media":"","overlay-type":"","overlay-color":"","overlay-opacity":"","overlay-gradient":""},"mobile":{"background-color":"var(--ast-global-color-5)","background-image":"","background-repeat":"repeat","background-position":"center center","background-size":"auto","background-attachment":"scroll","background-type":"","background-media":"","overlay-type":"","overlay-color":"","overlay-opacity":"","overlay-gradient":""}},"_themeisle_gutenberg_block_has_review":false,"footnotes":""},"categories":[169,136],"tags":[],"class_list":["post-36856","post","type-post","status-publish","format-standard","has-post-thumbnail","hentry","category-169","category-aktualnosci"],"acf":[],"featured_image_urls_v2":{"full":["https:\/\/bpprzasnysz.pl\/wp-content\/uploads\/sites\/56\/2025\/09\/przemoc.jpg",705,591,false],"thumbnail":["https:\/\/bpprzasnysz.pl\/wp-content\/uploads\/sites\/56\/2025\/09\/przemoc-150x150.jpg",150,150,true],"medium":["https:\/\/bpprzasnysz.pl\/wp-content\/uploads\/sites\/56\/2025\/09\/przemoc-300x251.jpg",300,251,true],"medium_large":["https:\/\/bpprzasnysz.pl\/wp-content\/uploads\/sites\/56\/2025\/09\/przemoc.jpg",705,591,false],"large":["https:\/\/bpprzasnysz.pl\/wp-content\/uploads\/sites\/56\/2025\/09\/przemoc.jpg",705,591,false],"1536x1536":["https:\/\/bpprzasnysz.pl\/wp-content\/uploads\/sites\/56\/2025\/09\/przemoc.jpg",705,591,false],"2048x2048":["https:\/\/bpprzasnysz.pl\/wp-content\/uploads\/sites\/56\/2025\/09\/przemoc.jpg",705,591,false],"menu-24x24":["https:\/\/bpprzasnysz.pl\/wp-content\/uploads\/sites\/56\/2025\/09\/przemoc-24x20.jpg",24,20,true],"menu-36x36":["https:\/\/bpprzasnysz.pl\/wp-content\/uploads\/sites\/56\/2025\/09\/przemoc-36x30.jpg",36,30,true],"menu-48x48":["https:\/\/bpprzasnysz.pl\/wp-content\/uploads\/sites\/56\/2025\/09\/przemoc-48x40.jpg",48,40,true]},"post_excerpt_stackable_v2":"<p>Zapraszamy nauczycieli, rodzic\u00f3w oraz wszystkich zainteresowanych na seminarium, zgodne z jednym z podstawowych kierunk\u00f3w realizacji polityki o\u015bwiatowej pa\u0144stwa w roku szkolnym 2025\/2026 &#171;Zdrowie psychiczne dzieci i m\u0142odzie\u017cy, wsparcie w kryzysach psychicznych oraz profilaktyka przemocy r\u00f3wie\u015bniczej&#187;. Spotkanie odb\u0119dzie si\u0119 2. pa\u017adziernika 2025 roku o godz. 16.00 w siedzibie Biblioteki przy ul. Szpitalnej 10. Zg\u0142oszenia telefoniczne: 29 752 24 17. Zapraszamy do zapis\u00f3w.<\/p>\n","category_list_v2":"<a href=\"https:\/\/bpprzasnysz.pl\/uk\/category\/2025\/\" rel=\"category tag\">2025<\/a>, <a href=\"https:\/\/bpprzasnysz.pl\/category\/aktualnosci\/\" rel=\"category tag\">Aktualno\u015bci<\/a>","author_info_v2":{"name":"Luiza Dawidziuk","url":"https:\/\/bpprzasnysz.pl\/ru\/author\/luizad\/"},"comments_num_v2":"0 \u043a\u043e\u043c\u043c\u0435\u043d\u0442\u0430\u0440\u0438\u0435\u0432","_links":{"self":[{"href":"https:\/\/bpprzasnysz.pl\/ru\/wp-json\/wp\/v2\/posts\/36856","targetHints":{"allow":["GET"]}}],"collection":[{"href":"https:\/\/bpprzasnysz.pl\/ru\/wp-json\/wp\/v2\/posts"}],"about":[{"href":"https:\/\/bpprzasnysz.pl\/ru\/wp-json\/wp\/v2\/types\/post"}],"author":[{"embeddable":true,"href":"https:\/\/bpprzasnysz.pl\/ru\/wp-json\/wp\/v2\/users\/1285"}],"replies":[{"embeddable":true,"href":"https:\/\/bpprzasnysz.pl\/ru\/wp-json\/wp\/v2\/comments?post=36856"}],"version-history":[{"count":4,"href":"https:\/\/bpprzasnysz.pl\/ru\/wp-json\/wp\/v2\/posts\/36856\/revisions"}],"predecessor-version":[{"id":36892,"href":"https:\/\/bpprzasnysz.pl\/ru\/wp-json\/wp\/v2\/posts\/36856\/revisions\/36892"}],"wp:featuredmedia":[{"embeddable":true,"href":"https:\/\/bpprzasnysz.pl\/ru\/wp-json\/wp\/v2\/media\/36871"}],"wp:attachment":[{"href":"https:\/\/bpprzasnysz.pl\/ru\/wp-json\/wp\/v2\/media?parent=36856"}],"wp:term":[{"taxonomy":"category","embeddable":true,"href":"https:\/\/bpprzasnysz.pl\/ru\/wp-json\/wp\/v2\/categories?post=36856"},{"taxonomy":"post_tag","embeddable":true,"href":"https:\/\/bpprzasnysz.pl\/ru\/wp-json\/wp\/v2\/tags?post=36856"}],"curies":[{"name":"wp","href":"https:\/\/api.w.org\/{rel}","templated":true}]}}