{"id":37546,"date":"2025-10-02T10:53:05","date_gmt":"2025-10-02T08:53:05","guid":{"rendered":"https:\/\/bpprzasnysz.pl\/?p=37546"},"modified":"2025-10-02T10:53:07","modified_gmt":"2025-10-02T08:53:07","slug":"polnocne-mazowsze-w-ogniu","status":"publish","type":"post","link":"https:\/\/bpprzasnysz.pl\/ru\/polnocne-mazowsze-w-ogniu\/","title":{"rendered":"P\u00d3\u0141NOCNE MAZOWSZE W OGNIU"},"content":{"rendered":"\n<p>W dniu 1 pa\u017adziernika mia\u0142y\u015bmy zaszczyt wyst\u0105pi\u0107 z prezentacj\u0105 &#171;Pami\u0119\u0107, \u017ar\u00f3d\u0142a, \u015bwiadectwa &#8212; Wielka Wojna w zbiorach Biblioteki Pedagogicznej w Przasnyszu&#187;, kt\u00f3ra by\u0142a cz\u0119\u015bci\u0105 szkolenia &#171;P\u00f3\u0142nocne Mazowsze w ogniu Wielkiej Wojny&#187;&#187;, zorganizowanego przez <a href=\"https:\/\/www.facebook.com\/MscdnWydzialWCiechanowie?__cft__[0]=AZVeXkAhW5rwl1HtHqCqNzqAXhqoLQ1nu2fe9Ni8dAmG2G5JTTqOP0edO0mqT5GzGc4BLYg2yAkETNh3Xpv8rJ12Q2kLRKyh0AjebacJpoEEo07U-ss1Tb6Ivfb0XoLdxBJIvJagWD0EjPDkcl6aJyNLMfL7B9GLgu9UugQfX7MK5G0ioKN4But3JiDolMC7ck-N6lWyaOrx3RBzZ68kZXKa&amp;__tn__=-]K-R\" target=\"_blank\" rel=\"noopener\">MSCDN Wydzia\u0142 w Ciechanowie<\/a>. Szkolenie odby\u0142o si\u0119 w ramach projektu &#171;500 lat Mazowsza w Koronie. Historyczno-kulturalne podr\u00f3\u017ce i inspiracje&#187;. Dzi\u0119kujemy za zaproszenie i zapraszamy do naszej biblioteki, gdzie czekaj\u0105 na zainteresowanych bogate zbiory regionalne.<\/p>\n\n\n\n<figure class=\"wp-block-gallery has-nested-images columns-default is-cropped wp-block-gallery-1 is-layout-flex wp-block-gallery-is-layout-flex\">\n<figure class=\"wp-block-image size-large\"><a href=\"https:\/\/bpprzasnysz.pl\/wp-content\/uploads\/sites\/56\/2025\/10\/555961170_122262238040210639_7262716869142946925_n.jpg\"><img loading=\"lazy\" decoding=\"async\" width=\"768\" height=\"1024\" data-id=\"37561\" src=\"https:\/\/bpprzasnysz.pl\/wp-content\/uploads\/sites\/56\/2025\/10\/555961170_122262238040210639_7262716869142946925_n-768x1024.jpg\" alt=\"\" class=\"wp-image-37561\" srcset=\"https:\/\/bpprzasnysz.pl\/wp-content\/uploads\/sites\/56\/2025\/10\/555961170_122262238040210639_7262716869142946925_n-768x1024.jpg 768w, https:\/\/bpprzasnysz.pl\/wp-content\/uploads\/sites\/56\/2025\/10\/555961170_122262238040210639_7262716869142946925_n-225x300.jpg 225w, https:\/\/bpprzasnysz.pl\/wp-content\/uploads\/sites\/56\/2025\/10\/555961170_122262238040210639_7262716869142946925_n-1152x1536.jpg 1152w, https:\/\/bpprzasnysz.pl\/wp-content\/uploads\/sites\/56\/2025\/10\/555961170_122262238040210639_7262716869142946925_n-18x24.jpg 18w, https:\/\/bpprzasnysz.pl\/wp-content\/uploads\/sites\/56\/2025\/10\/555961170_122262238040210639_7262716869142946925_n-27x36.jpg 27w, https:\/\/bpprzasnysz.pl\/wp-content\/uploads\/sites\/56\/2025\/10\/555961170_122262238040210639_7262716869142946925_n-36x48.jpg 36w, https:\/\/bpprzasnysz.pl\/wp-content\/uploads\/sites\/56\/2025\/10\/555961170_122262238040210639_7262716869142946925_n.jpg 1536w\" sizes=\"auto, (max-width: 768px) 100vw, 768px\" \/><\/a><\/figure>\n\n\n\n<figure class=\"wp-block-image size-large\"><a href=\"https:\/\/bpprzasnysz.pl\/wp-content\/uploads\/sites\/56\/2025\/10\/557002781_122262237944210639_1873576419443150851_n.jpg\"><img loading=\"lazy\" decoding=\"async\" width=\"450\" height=\"600\" data-id=\"37573\" src=\"https:\/\/bpprzasnysz.pl\/wp-content\/uploads\/sites\/56\/2025\/10\/557002781_122262237944210639_1873576419443150851_n.jpg\" alt=\"\" class=\"wp-image-37573\" srcset=\"https:\/\/bpprzasnysz.pl\/wp-content\/uploads\/sites\/56\/2025\/10\/557002781_122262237944210639_1873576419443150851_n.jpg 450w, https:\/\/bpprzasnysz.pl\/wp-content\/uploads\/sites\/56\/2025\/10\/557002781_122262237944210639_1873576419443150851_n-225x300.jpg 225w, https:\/\/bpprzasnysz.pl\/wp-content\/uploads\/sites\/56\/2025\/10\/557002781_122262237944210639_1873576419443150851_n-18x24.jpg 18w, https:\/\/bpprzasnysz.pl\/wp-content\/uploads\/sites\/56\/2025\/10\/557002781_122262237944210639_1873576419443150851_n-27x36.jpg 27w, https:\/\/bpprzasnysz.pl\/wp-content\/uploads\/sites\/56\/2025\/10\/557002781_122262237944210639_1873576419443150851_n-36x48.jpg 36w\" sizes=\"auto, (max-width: 450px) 100vw, 450px\" \/><\/a><\/figure>\n\n\n\n<figure class=\"wp-block-image size-large\"><a href=\"https:\/\/bpprzasnysz.pl\/wp-content\/uploads\/sites\/56\/2025\/10\/558176938_122262238010210639_5045710537431551653_n.jpg\"><img loading=\"lazy\" decoding=\"async\" width=\"768\" height=\"1024\" data-id=\"37585\" src=\"https:\/\/bpprzasnysz.pl\/wp-content\/uploads\/sites\/56\/2025\/10\/558176938_122262238010210639_5045710537431551653_n-768x1024.jpg\" alt=\"\" class=\"wp-image-37585\" srcset=\"https:\/\/bpprzasnysz.pl\/wp-content\/uploads\/sites\/56\/2025\/10\/558176938_122262238010210639_5045710537431551653_n-768x1024.jpg 768w, https:\/\/bpprzasnysz.pl\/wp-content\/uploads\/sites\/56\/2025\/10\/558176938_122262238010210639_5045710537431551653_n-225x300.jpg 225w, https:\/\/bpprzasnysz.pl\/wp-content\/uploads\/sites\/56\/2025\/10\/558176938_122262238010210639_5045710537431551653_n-1152x1536.jpg 1152w, https:\/\/bpprzasnysz.pl\/wp-content\/uploads\/sites\/56\/2025\/10\/558176938_122262238010210639_5045710537431551653_n-18x24.jpg 18w, https:\/\/bpprzasnysz.pl\/wp-content\/uploads\/sites\/56\/2025\/10\/558176938_122262238010210639_5045710537431551653_n-27x36.jpg 27w, https:\/\/bpprzasnysz.pl\/wp-content\/uploads\/sites\/56\/2025\/10\/558176938_122262238010210639_5045710537431551653_n-36x48.jpg 36w, https:\/\/bpprzasnysz.pl\/wp-content\/uploads\/sites\/56\/2025\/10\/558176938_122262238010210639_5045710537431551653_n.jpg 1536w\" sizes=\"auto, (max-width: 768px) 100vw, 768px\" \/><\/a><\/figure>\n<\/figure>\n\n\n\n<p><\/p>\n","protected":false},"excerpt":{"rendered":"<p>W dniu 1 pa\u017adziernika mia\u0142y\u015bmy zaszczyt wyst\u0105pi\u0107 z prezentacj\u0105 &#171;Pami\u0119\u0107, \u017ar\u00f3d\u0142a, \u015bwiadectwa &#8212; Wielka Wojna w zbiorach Biblioteki Pedagogicznej w [&hellip;]<\/p>\n","protected":false},"author":1285,"featured_media":37573,"comment_status":"closed","ping_status":"closed","sticky":false,"template":"","format":"standard","meta":{"_acf_changed":false,"_oasis_is_in_workflow":0,"_oasis_original":0,"inline_featured_image":false,"site-sidebar-layout":"default","site-content-layout":"","ast-site-content-layout":"default","site-content-style":"default","site-sidebar-style":"default","ast-global-header-display":"","ast-banner-title-visibility":"","ast-main-header-display":"","ast-hfb-above-header-display":"","ast-hfb-below-header-display":"","ast-hfb-mobile-header-display":"","site-post-title":"","ast-breadcrumbs-content":"","ast-featured-img":"","footer-sml-layout":"","ast-disable-related-posts":"","theme-transparent-header-meta":"","adv-header-id-meta":"","stick-header-meta":"","header-above-stick-meta":"","header-main-stick-meta":"","header-below-stick-meta":"","astra-migrate-meta-layouts":"set","ast-page-background-enabled":"default","ast-page-background-meta":{"desktop":{"background-color":"","background-image":"","background-repeat":"repeat","background-position":"center center","background-size":"auto","background-attachment":"scroll","background-type":"","background-media":"","overlay-type":"","overlay-color":"","overlay-opacity":"","overlay-gradient":""},"tablet":{"background-color":"","background-image":"","background-repeat":"repeat","background-position":"center center","background-size":"auto","background-attachment":"scroll","background-type":"","background-media":"","overlay-type":"","overlay-color":"","overlay-opacity":"","overlay-gradient":""},"mobile":{"background-color":"","background-image":"","background-repeat":"repeat","background-position":"center center","background-size":"auto","background-attachment":"scroll","background-type":"","background-media":"","overlay-type":"","overlay-color":"","overlay-opacity":"","overlay-gradient":""}},"ast-content-background-meta":{"desktop":{"background-color":"var(--ast-global-color-5)","background-image":"","background-repeat":"repeat","background-position":"center center","background-size":"auto","background-attachment":"scroll","background-type":"","background-media":"","overlay-type":"","overlay-color":"","overlay-opacity":"","overlay-gradient":""},"tablet":{"background-color":"var(--ast-global-color-5)","background-image":"","background-repeat":"repeat","background-position":"center center","background-size":"auto","background-attachment":"scroll","background-type":"","background-media":"","overlay-type":"","overlay-color":"","overlay-opacity":"","overlay-gradient":""},"mobile":{"background-color":"var(--ast-global-color-5)","background-image":"","background-repeat":"repeat","background-position":"center center","background-size":"auto","background-attachment":"scroll","background-type":"","background-media":"","overlay-type":"","overlay-color":"","overlay-opacity":"","overlay-gradient":""}},"_themeisle_gutenberg_block_has_review":false,"footnotes":""},"categories":[169,136],"tags":[],"class_list":["post-37546","post","type-post","status-publish","format-standard","has-post-thumbnail","hentry","category-169","category-aktualnosci"],"acf":[],"featured_image_urls_v2":{"full":["https:\/\/bpprzasnysz.pl\/wp-content\/uploads\/sites\/56\/2025\/10\/557002781_122262237944210639_1873576419443150851_n.jpg",450,600,false],"thumbnail":["https:\/\/bpprzasnysz.pl\/wp-content\/uploads\/sites\/56\/2025\/10\/557002781_122262237944210639_1873576419443150851_n-150x150.jpg",150,150,true],"medium":["https:\/\/bpprzasnysz.pl\/wp-content\/uploads\/sites\/56\/2025\/10\/557002781_122262237944210639_1873576419443150851_n-225x300.jpg",225,300,true],"medium_large":["https:\/\/bpprzasnysz.pl\/wp-content\/uploads\/sites\/56\/2025\/10\/557002781_122262237944210639_1873576419443150851_n.jpg",450,600,false],"large":["https:\/\/bpprzasnysz.pl\/wp-content\/uploads\/sites\/56\/2025\/10\/557002781_122262237944210639_1873576419443150851_n.jpg",450,600,false],"1536x1536":["https:\/\/bpprzasnysz.pl\/wp-content\/uploads\/sites\/56\/2025\/10\/557002781_122262237944210639_1873576419443150851_n.jpg",450,600,false],"2048x2048":["https:\/\/bpprzasnysz.pl\/wp-content\/uploads\/sites\/56\/2025\/10\/557002781_122262237944210639_1873576419443150851_n.jpg",450,600,false],"menu-24x24":["https:\/\/bpprzasnysz.pl\/wp-content\/uploads\/sites\/56\/2025\/10\/557002781_122262237944210639_1873576419443150851_n-18x24.jpg",18,24,true],"menu-36x36":["https:\/\/bpprzasnysz.pl\/wp-content\/uploads\/sites\/56\/2025\/10\/557002781_122262237944210639_1873576419443150851_n-27x36.jpg",27,36,true],"menu-48x48":["https:\/\/bpprzasnysz.pl\/wp-content\/uploads\/sites\/56\/2025\/10\/557002781_122262237944210639_1873576419443150851_n-36x48.jpg",36,48,true]},"post_excerpt_stackable_v2":"<p>W dniu 1 pa\u017adziernika mia\u0142y\u015bmy zaszczyt wyst\u0105pi\u0107 z prezentacj\u0105 &#171;Pami\u0119\u0107, \u017ar\u00f3d\u0142a, \u015bwiadectwa &#8212; Wielka Wojna w zbiorach Biblioteki Pedagogicznej w Przasnyszu&#187;, kt\u00f3ra by\u0142a cz\u0119\u015bci\u0105 szkolenia &#171;P\u00f3\u0142nocne Mazowsze w ogniu Wielkiej Wojny&#187;&#187;, zorganizowanego przez MSCDN Wydzia\u0142 w Ciechanowie. Szkolenie odby\u0142o si\u0119 w ramach projektu &#171;500 lat Mazowsza w Koronie. Historyczno-kulturalne podr\u00f3\u017ce i inspiracje&#187;. Dzi\u0119kujemy za zaproszenie i zapraszamy do naszej biblioteki, gdzie czekaj\u0105 na zainteresowanych bogate zbiory regionalne.<\/p>\n","category_list_v2":"<a href=\"https:\/\/bpprzasnysz.pl\/uk\/category\/2025\/\" rel=\"category tag\">2025<\/a>, <a href=\"https:\/\/bpprzasnysz.pl\/category\/aktualnosci\/\" rel=\"category tag\">Aktualno\u015bci<\/a>","author_info_v2":{"name":"Luiza Dawidziuk","url":"https:\/\/bpprzasnysz.pl\/ru\/author\/luizad\/"},"comments_num_v2":"0 \u043a\u043e\u043c\u043c\u0435\u043d\u0442\u0430\u0440\u0438\u0435\u0432","_links":{"self":[{"href":"https:\/\/bpprzasnysz.pl\/ru\/wp-json\/wp\/v2\/posts\/37546","targetHints":{"allow":["GET"]}}],"collection":[{"href":"https:\/\/bpprzasnysz.pl\/ru\/wp-json\/wp\/v2\/posts"}],"about":[{"href":"https:\/\/bpprzasnysz.pl\/ru\/wp-json\/wp\/v2\/types\/post"}],"author":[{"embeddable":true,"href":"https:\/\/bpprzasnysz.pl\/ru\/wp-json\/wp\/v2\/users\/1285"}],"replies":[{"embeddable":true,"href":"https:\/\/bpprzasnysz.pl\/ru\/wp-json\/wp\/v2\/comments?post=37546"}],"version-history":[{"count":2,"href":"https:\/\/bpprzasnysz.pl\/ru\/wp-json\/wp\/v2\/posts\/37546\/revisions"}],"predecessor-version":[{"id":37600,"href":"https:\/\/bpprzasnysz.pl\/ru\/wp-json\/wp\/v2\/posts\/37546\/revisions\/37600"}],"wp:featuredmedia":[{"embeddable":true,"href":"https:\/\/bpprzasnysz.pl\/ru\/wp-json\/wp\/v2\/media\/37573"}],"wp:attachment":[{"href":"https:\/\/bpprzasnysz.pl\/ru\/wp-json\/wp\/v2\/media?parent=37546"}],"wp:term":[{"taxonomy":"category","embeddable":true,"href":"https:\/\/bpprzasnysz.pl\/ru\/wp-json\/wp\/v2\/categories?post=37546"},{"taxonomy":"post_tag","embeddable":true,"href":"https:\/\/bpprzasnysz.pl\/ru\/wp-json\/wp\/v2\/tags?post=37546"}],"curies":[{"name":"wp","href":"https:\/\/api.w.org\/{rel}","templated":true}]}}