{"id":3862,"date":"2022-03-14T13:34:30","date_gmt":"2022-03-14T12:34:30","guid":{"rendered":"http:\/\/www.bpprzasnysz.pl\/?p=3862"},"modified":"2022-09-01T08:50:26","modified_gmt":"2022-09-01T06:50:26","slug":"galeria-sztuki-swietlicowej-2","status":"publish","type":"post","link":"https:\/\/bpprzasnysz.pl\/ru\/galeria-sztuki-swietlicowej-2\/","title":{"rendered":"\u201eGaleria sztuki \u015bwietlicowej\u201d"},"content":{"rendered":"\n<p>Zapraszamy na wystaw\u0119 prac plastycznych\u00a0<strong>\u201eCztery pory roku w \u015bwietlicy szkolnej\u201d<\/strong>, kt\u00f3r\u0105 b\u0119dzie mo\u017cna podziwia\u0107 ju\u017c od dzisiaj do ko\u0144ca marca.<br>Wystawa prezentuje prace plastyczne uczni\u00f3w ze\u00a0<strong>Specjalnego O\u015brodka Szkolno-Wychowawczego\u00a0<\/strong>w Przasnyszu, wykonane pod kierunkiem nauczycieli:\u00a0Karoliny Jeznach,\u00a0Agnieszki Lomperta,\u00a0Emilii Ma\u0107kowskiej. Prace wykonane zosta\u0142y r\u00f3\u017cnymi technikami plastycznymi. Dzi\u0119kujemy Dyrekcji szko\u0142y za udost\u0119pnienie zbior\u00f3w.\u00a0To druga wystawa z cyklu \u201eGaleria sztuki \u015bwietlicowej\u201d.<\/p>\n\n\n\n<figure class=\"wp-block-gallery has-nested-images columns-2 is-cropped wp-block-gallery-1 is-layout-flex wp-block-gallery-is-layout-flex\">\n<figure class=\"wp-block-image size-large\"><img loading=\"lazy\" decoding=\"async\" width=\"1024\" height=\"683\" data-id=\"24173\" src=\"https:\/\/bpprzasnysz.pl\/wp-content\/uploads\/sites\/56\/2022\/03\/s5-1024x683-1.jpg\" alt=\"\" class=\"wp-image-24173\" srcset=\"https:\/\/bpprzasnysz.pl\/wp-content\/uploads\/sites\/56\/2022\/03\/s5-1024x683-1.jpg 1024w, https:\/\/bpprzasnysz.pl\/wp-content\/uploads\/sites\/56\/2022\/03\/s5-1024x683-1-300x200.jpg 300w, https:\/\/bpprzasnysz.pl\/wp-content\/uploads\/sites\/56\/2022\/03\/s5-1024x683-1-768x512.jpg 768w, https:\/\/bpprzasnysz.pl\/wp-content\/uploads\/sites\/56\/2022\/03\/s5-1024x683-1-24x16.jpg 24w, https:\/\/bpprzasnysz.pl\/wp-content\/uploads\/sites\/56\/2022\/03\/s5-1024x683-1-36x24.jpg 36w, https:\/\/bpprzasnysz.pl\/wp-content\/uploads\/sites\/56\/2022\/03\/s5-1024x683-1-48x32.jpg 48w\" sizes=\"auto, (max-width: 1024px) 100vw, 1024px\" \/><\/figure>\n\n\n\n<figure class=\"wp-block-image size-large\"><img loading=\"lazy\" decoding=\"async\" width=\"1024\" height=\"683\" data-id=\"24176\" src=\"https:\/\/bpprzasnysz.pl\/wp-content\/uploads\/sites\/56\/2022\/03\/s4-1024x683-1.jpg\" alt=\"\" class=\"wp-image-24176\" srcset=\"https:\/\/bpprzasnysz.pl\/wp-content\/uploads\/sites\/56\/2022\/03\/s4-1024x683-1.jpg 1024w, https:\/\/bpprzasnysz.pl\/wp-content\/uploads\/sites\/56\/2022\/03\/s4-1024x683-1-300x200.jpg 300w, https:\/\/bpprzasnysz.pl\/wp-content\/uploads\/sites\/56\/2022\/03\/s4-1024x683-1-768x512.jpg 768w, https:\/\/bpprzasnysz.pl\/wp-content\/uploads\/sites\/56\/2022\/03\/s4-1024x683-1-24x16.jpg 24w, https:\/\/bpprzasnysz.pl\/wp-content\/uploads\/sites\/56\/2022\/03\/s4-1024x683-1-36x24.jpg 36w, https:\/\/bpprzasnysz.pl\/wp-content\/uploads\/sites\/56\/2022\/03\/s4-1024x683-1-48x32.jpg 48w\" sizes=\"auto, (max-width: 1024px) 100vw, 1024px\" \/><\/figure>\n\n\n\n<figure class=\"wp-block-image size-large\"><img loading=\"lazy\" decoding=\"async\" width=\"1024\" height=\"683\" data-id=\"24179\" src=\"https:\/\/bpprzasnysz.pl\/wp-content\/uploads\/sites\/56\/2022\/03\/s3-1024x683-1.jpg\" alt=\"\" class=\"wp-image-24179\" srcset=\"https:\/\/bpprzasnysz.pl\/wp-content\/uploads\/sites\/56\/2022\/03\/s3-1024x683-1.jpg 1024w, https:\/\/bpprzasnysz.pl\/wp-content\/uploads\/sites\/56\/2022\/03\/s3-1024x683-1-300x200.jpg 300w, https:\/\/bpprzasnysz.pl\/wp-content\/uploads\/sites\/56\/2022\/03\/s3-1024x683-1-768x512.jpg 768w, https:\/\/bpprzasnysz.pl\/wp-content\/uploads\/sites\/56\/2022\/03\/s3-1024x683-1-24x16.jpg 24w, https:\/\/bpprzasnysz.pl\/wp-content\/uploads\/sites\/56\/2022\/03\/s3-1024x683-1-36x24.jpg 36w, https:\/\/bpprzasnysz.pl\/wp-content\/uploads\/sites\/56\/2022\/03\/s3-1024x683-1-48x32.jpg 48w\" sizes=\"auto, (max-width: 1024px) 100vw, 1024px\" \/><\/figure>\n\n\n\n<figure class=\"wp-block-image size-large\"><img loading=\"lazy\" decoding=\"async\" width=\"1024\" height=\"773\" data-id=\"24182\" src=\"https:\/\/bpprzasnysz.pl\/wp-content\/uploads\/sites\/56\/2022\/03\/s2-1024x773-1.jpg\" alt=\"\" class=\"wp-image-24182\" srcset=\"https:\/\/bpprzasnysz.pl\/wp-content\/uploads\/sites\/56\/2022\/03\/s2-1024x773-1.jpg 1024w, https:\/\/bpprzasnysz.pl\/wp-content\/uploads\/sites\/56\/2022\/03\/s2-1024x773-1-300x225.jpg 300w, https:\/\/bpprzasnysz.pl\/wp-content\/uploads\/sites\/56\/2022\/03\/s2-1024x773-1-768x580.jpg 768w, https:\/\/bpprzasnysz.pl\/wp-content\/uploads\/sites\/56\/2022\/03\/s2-1024x773-1-24x18.jpg 24w, https:\/\/bpprzasnysz.pl\/wp-content\/uploads\/sites\/56\/2022\/03\/s2-1024x773-1-36x27.jpg 36w, https:\/\/bpprzasnysz.pl\/wp-content\/uploads\/sites\/56\/2022\/03\/s2-1024x773-1-48x36.jpg 48w\" sizes=\"auto, (max-width: 1024px) 100vw, 1024px\" \/><\/figure>\n\n\n\n<figure class=\"wp-block-image size-large\"><img loading=\"lazy\" decoding=\"async\" width=\"1024\" height=\"484\" data-id=\"24186\" src=\"https:\/\/bpprzasnysz.pl\/wp-content\/uploads\/sites\/56\/2022\/03\/s1-1024x484-1.jpg\" alt=\"\" class=\"wp-image-24186\" srcset=\"https:\/\/bpprzasnysz.pl\/wp-content\/uploads\/sites\/56\/2022\/03\/s1-1024x484-1.jpg 1024w, https:\/\/bpprzasnysz.pl\/wp-content\/uploads\/sites\/56\/2022\/03\/s1-1024x484-1-300x142.jpg 300w, https:\/\/bpprzasnysz.pl\/wp-content\/uploads\/sites\/56\/2022\/03\/s1-1024x484-1-768x363.jpg 768w, https:\/\/bpprzasnysz.pl\/wp-content\/uploads\/sites\/56\/2022\/03\/s1-1024x484-1-24x11.jpg 24w, https:\/\/bpprzasnysz.pl\/wp-content\/uploads\/sites\/56\/2022\/03\/s1-1024x484-1-36x17.jpg 36w, https:\/\/bpprzasnysz.pl\/wp-content\/uploads\/sites\/56\/2022\/03\/s1-1024x484-1-48x23.jpg 48w\" sizes=\"auto, (max-width: 1024px) 100vw, 1024px\" \/><\/figure>\n<\/figure>\n","protected":false},"excerpt":{"rendered":"<p>Zapraszamy na wystaw\u0119 prac plastycznych\u00a0\u201eCztery pory roku w \u015bwietlicy szkolnej\u201d, kt\u00f3r\u0105 b\u0119dzie mo\u017cna podziwia\u0107 ju\u017c od dzisiaj do ko\u0144ca marca.Wystawa [&hellip;]<\/p>\n","protected":false},"author":1303,"featured_media":3863,"comment_status":"closed","ping_status":"closed","sticky":false,"template":"","format":"standard","meta":{"_acf_changed":false,"_oasis_is_in_workflow":0,"_oasis_original":0,"inline_featured_image":false,"site-sidebar-layout":"default","site-content-layout":"","ast-site-content-layout":"default","site-content-style":"default","site-sidebar-style":"default","ast-global-header-display":"","ast-banner-title-visibility":"","ast-main-header-display":"","ast-hfb-above-header-display":"","ast-hfb-below-header-display":"","ast-hfb-mobile-header-display":"","site-post-title":"","ast-breadcrumbs-content":"","ast-featured-img":"","footer-sml-layout":"","ast-disable-related-posts":"","theme-transparent-header-meta":"","adv-header-id-meta":"","stick-header-meta":"","header-above-stick-meta":"","header-main-stick-meta":"","header-below-stick-meta":"","astra-migrate-meta-layouts":"default","ast-page-background-enabled":"default","ast-page-background-meta":{"desktop":{"background-color":"","background-image":"","background-repeat":"repeat","background-position":"center center","background-size":"auto","background-attachment":"scroll","background-type":"","background-media":"","overlay-type":"","overlay-color":"","overlay-opacity":"","overlay-gradient":""},"tablet":{"background-color":"","background-image":"","background-repeat":"repeat","background-position":"center center","background-size":"auto","background-attachment":"scroll","background-type":"","background-media":"","overlay-type":"","overlay-color":"","overlay-opacity":"","overlay-gradient":""},"mobile":{"background-color":"","background-image":"","background-repeat":"repeat","background-position":"center center","background-size":"auto","background-attachment":"scroll","background-type":"","background-media":"","overlay-type":"","overlay-color":"","overlay-opacity":"","overlay-gradient":""}},"ast-content-background-meta":{"desktop":{"background-color":"var(--ast-global-color-5)","background-image":"","background-repeat":"repeat","background-position":"center center","background-size":"auto","background-attachment":"scroll","background-type":"","background-media":"","overlay-type":"","overlay-color":"","overlay-opacity":"","overlay-gradient":""},"tablet":{"background-color":"var(--ast-global-color-5)","background-image":"","background-repeat":"repeat","background-position":"center center","background-size":"auto","background-attachment":"scroll","background-type":"","background-media":"","overlay-type":"","overlay-color":"","overlay-opacity":"","overlay-gradient":""},"mobile":{"background-color":"var(--ast-global-color-5)","background-image":"","background-repeat":"repeat","background-position":"center center","background-size":"auto","background-attachment":"scroll","background-type":"","background-media":"","overlay-type":"","overlay-color":"","overlay-opacity":"","overlay-gradient":""}},"_themeisle_gutenberg_block_has_review":false,"footnotes":""},"categories":[99],"tags":[],"class_list":["post-3862","post","type-post","status-publish","format-standard","has-post-thumbnail","hentry","category-99"],"acf":[],"featured_image_urls_v2":{"full":["https:\/\/bpprzasnysz.pl\/wp-content\/uploads\/sites\/56\/2022\/03\/s1-scaled.jpg",2560,1209,false],"thumbnail":["https:\/\/bpprzasnysz.pl\/wp-content\/uploads\/sites\/56\/2022\/03\/s1-150x150.jpg",150,150,true],"medium":["https:\/\/bpprzasnysz.pl\/wp-content\/uploads\/sites\/56\/2022\/03\/s1-300x142.jpg",300,142,true],"medium_large":["https:\/\/bpprzasnysz.pl\/wp-content\/uploads\/sites\/56\/2022\/03\/s1-768x363.jpg",768,363,true],"large":["https:\/\/bpprzasnysz.pl\/wp-content\/uploads\/sites\/56\/2022\/03\/s1-1024x484.jpg",1024,484,true],"1536x1536":["https:\/\/bpprzasnysz.pl\/wp-content\/uploads\/sites\/56\/2022\/03\/s1-1536x726.jpg",1536,726,true],"2048x2048":["https:\/\/bpprzasnysz.pl\/wp-content\/uploads\/sites\/56\/2022\/03\/s1-2048x968.jpg",2048,968,true],"menu-24x24":["https:\/\/bpprzasnysz.pl\/wp-content\/uploads\/sites\/56\/2022\/03\/s1-24x11.jpg",24,11,true],"menu-36x36":["https:\/\/bpprzasnysz.pl\/wp-content\/uploads\/sites\/56\/2022\/03\/s1-36x17.jpg",36,17,true],"menu-48x48":["https:\/\/bpprzasnysz.pl\/wp-content\/uploads\/sites\/56\/2022\/03\/s1-48x23.jpg",48,23,true]},"post_excerpt_stackable_v2":"<p>Zapraszamy na wystaw\u0119 prac plastycznych\u00a0\u201eCztery pory roku w \u015bwietlicy szkolnej\u201d, kt\u00f3r\u0105 b\u0119dzie mo\u017cna podziwia\u0107 ju\u017c od dzisiaj do ko\u0144ca marca.Wystawa prezentuje prace plastyczne uczni\u00f3w ze\u00a0Specjalnego O\u015brodka Szkolno-Wychowawczego\u00a0w Przasnyszu, wykonane pod kierunkiem nauczycieli:\u00a0Karoliny Jeznach,\u00a0Agnieszki Lomperta,\u00a0Emilii Ma\u0107kowskiej. Prace wykonane zosta\u0142y r\u00f3\u017cnymi technikami plastycznymi. Dzi\u0119kujemy Dyrekcji szko\u0142y za udost\u0119pnienie zbior\u00f3w.\u00a0To druga wystawa z cyklu \u201eGaleria sztuki \u015bwietlicowej\u201d.<\/p>\n","category_list_v2":"<a href=\"https:\/\/bpprzasnysz.pl\/en\/category\/2022\/\" rel=\"category tag\">2022<\/a>","author_info_v2":{"name":"Aneta Dobrzy\u0144ska","url":"https:\/\/bpprzasnysz.pl\/ru\/author\/anetad\/"},"comments_num_v2":"0 \u043a\u043e\u043c\u043c\u0435\u043d\u0442\u0430\u0440\u0438\u0435\u0432","_links":{"self":[{"href":"https:\/\/bpprzasnysz.pl\/ru\/wp-json\/wp\/v2\/posts\/3862","targetHints":{"allow":["GET"]}}],"collection":[{"href":"https:\/\/bpprzasnysz.pl\/ru\/wp-json\/wp\/v2\/posts"}],"about":[{"href":"https:\/\/bpprzasnysz.pl\/ru\/wp-json\/wp\/v2\/types\/post"}],"author":[{"embeddable":true,"href":"https:\/\/bpprzasnysz.pl\/ru\/wp-json\/wp\/v2\/users\/1303"}],"replies":[{"embeddable":true,"href":"https:\/\/bpprzasnysz.pl\/ru\/wp-json\/wp\/v2\/comments?post=3862"}],"version-history":[{"count":0,"href":"https:\/\/bpprzasnysz.pl\/ru\/wp-json\/wp\/v2\/posts\/3862\/revisions"}],"wp:featuredmedia":[{"embeddable":true,"href":"https:\/\/bpprzasnysz.pl\/ru\/wp-json\/wp\/v2\/media\/3863"}],"wp:attachment":[{"href":"https:\/\/bpprzasnysz.pl\/ru\/wp-json\/wp\/v2\/media?parent=3862"}],"wp:term":[{"taxonomy":"category","embeddable":true,"href":"https:\/\/bpprzasnysz.pl\/ru\/wp-json\/wp\/v2\/categories?post=3862"},{"taxonomy":"post_tag","embeddable":true,"href":"https:\/\/bpprzasnysz.pl\/ru\/wp-json\/wp\/v2\/tags?post=3862"}],"curies":[{"name":"wp","href":"https:\/\/api.w.org\/{rel}","templated":true}]}}