{"id":25579,"date":"2022-09-12T08:43:00","date_gmt":"2022-09-12T06:43:00","guid":{"rendered":"https:\/\/bpprzasnysz.pl\/?p=25579"},"modified":"2022-11-10T08:47:00","modified_gmt":"2022-11-10T07:47:00","slug":"mali-artysci-wrzesien-2022","status":"publish","type":"post","link":"https:\/\/bpprzasnysz.pl\/uk\/mali-artysci-wrzesien-2022\/","title":{"rendered":"MALI ARTY\u015aCI \u2013 WRZESIE\u0143 2022"},"content":{"rendered":"\n<p>Zapraszamy na wystaw\u0119\u00a0<strong>\u201eMali arty\u015bci\u201d<\/strong>\u00a0do wypo\u017cyczalni Biblioteki Pedagogicznej.<br>Prace plastyczne zosta\u0142y wykonane przez przedszkolaki z Miejskiego Przedszkola nr 2 z Oddzia\u0142ami Integracyjnymi w Przasnyszu pod kierunkiem nauczycieli: Anny Lipki i Anny Wierzbickiej. Wystaw\u0119 b\u0119dzie mo\u017cna podziwia\u0107 do ko\u0144ca wrze\u015bnia.<\/p>\n\n\n\n<figure class=\"wp-block-gallery has-nested-images columns-default is-cropped wp-block-gallery-1 is-layout-flex wp-block-gallery-is-layout-flex\">\n<figure class=\"wp-block-image size-large\"><a href=\"https:\/\/bpprzasnysz.pl\/wp-content\/uploads\/sites\/56\/2022\/11\/mali-artysci-3.jpg\"><img loading=\"lazy\" decoding=\"async\" width=\"543\" height=\"768\" data-id=\"25633\" src=\"https:\/\/bpprzasnysz.pl\/wp-content\/uploads\/sites\/56\/2022\/11\/mali-artysci-3.jpg\" alt=\"\" class=\"wp-image-25633\" srcset=\"https:\/\/bpprzasnysz.pl\/wp-content\/uploads\/sites\/56\/2022\/11\/mali-artysci-3.jpg 543w, https:\/\/bpprzasnysz.pl\/wp-content\/uploads\/sites\/56\/2022\/11\/mali-artysci-3-212x300.jpg 212w, https:\/\/bpprzasnysz.pl\/wp-content\/uploads\/sites\/56\/2022\/11\/mali-artysci-3-17x24.jpg 17w, https:\/\/bpprzasnysz.pl\/wp-content\/uploads\/sites\/56\/2022\/11\/mali-artysci-3-25x36.jpg 25w, https:\/\/bpprzasnysz.pl\/wp-content\/uploads\/sites\/56\/2022\/11\/mali-artysci-3-34x48.jpg 34w\" sizes=\"auto, (max-width: 543px) 100vw, 543px\" \/><\/a><\/figure>\n\n\n\n<figure class=\"wp-block-image size-large\"><a href=\"https:\/\/bpprzasnysz.pl\/wp-content\/uploads\/sites\/56\/2022\/11\/przedsz2-1024x423-1.jpg\"><img loading=\"lazy\" decoding=\"async\" width=\"1024\" height=\"423\" data-id=\"25582\" src=\"https:\/\/bpprzasnysz.pl\/wp-content\/uploads\/sites\/56\/2022\/11\/przedsz2-1024x423-1.jpg\" alt=\"\" class=\"wp-image-25582\" srcset=\"https:\/\/bpprzasnysz.pl\/wp-content\/uploads\/sites\/56\/2022\/11\/przedsz2-1024x423-1.jpg 1024w, https:\/\/bpprzasnysz.pl\/wp-content\/uploads\/sites\/56\/2022\/11\/przedsz2-1024x423-1-300x124.jpg 300w, https:\/\/bpprzasnysz.pl\/wp-content\/uploads\/sites\/56\/2022\/11\/przedsz2-1024x423-1-768x317.jpg 768w, https:\/\/bpprzasnysz.pl\/wp-content\/uploads\/sites\/56\/2022\/11\/przedsz2-1024x423-1-24x10.jpg 24w, https:\/\/bpprzasnysz.pl\/wp-content\/uploads\/sites\/56\/2022\/11\/przedsz2-1024x423-1-36x15.jpg 36w, https:\/\/bpprzasnysz.pl\/wp-content\/uploads\/sites\/56\/2022\/11\/przedsz2-1024x423-1-48x20.jpg 48w\" sizes=\"auto, (max-width: 1024px) 100vw, 1024px\" \/><\/a><\/figure>\n\n\n\n<figure class=\"wp-block-image size-large\"><a href=\"https:\/\/bpprzasnysz.pl\/wp-content\/uploads\/sites\/56\/2022\/11\/IMG_4511-1024x683-1.jpg\"><img loading=\"lazy\" decoding=\"async\" width=\"1024\" height=\"683\" data-id=\"25594\" src=\"https:\/\/bpprzasnysz.pl\/wp-content\/uploads\/sites\/56\/2022\/11\/IMG_4511-1024x683-1.jpg\" alt=\"\" class=\"wp-image-25594\" srcset=\"https:\/\/bpprzasnysz.pl\/wp-content\/uploads\/sites\/56\/2022\/11\/IMG_4511-1024x683-1.jpg 1024w, https:\/\/bpprzasnysz.pl\/wp-content\/uploads\/sites\/56\/2022\/11\/IMG_4511-1024x683-1-300x200.jpg 300w, https:\/\/bpprzasnysz.pl\/wp-content\/uploads\/sites\/56\/2022\/11\/IMG_4511-1024x683-1-768x512.jpg 768w, https:\/\/bpprzasnysz.pl\/wp-content\/uploads\/sites\/56\/2022\/11\/IMG_4511-1024x683-1-24x16.jpg 24w, https:\/\/bpprzasnysz.pl\/wp-content\/uploads\/sites\/56\/2022\/11\/IMG_4511-1024x683-1-36x24.jpg 36w, https:\/\/bpprzasnysz.pl\/wp-content\/uploads\/sites\/56\/2022\/11\/IMG_4511-1024x683-1-48x32.jpg 48w\" sizes=\"auto, (max-width: 1024px) 100vw, 1024px\" \/><\/a><\/figure>\n\n\n\n<figure class=\"wp-block-image size-large\"><a href=\"https:\/\/bpprzasnysz.pl\/wp-content\/uploads\/sites\/56\/2022\/11\/IMG_4508-1024x683-1.jpg\"><img loading=\"lazy\" decoding=\"async\" width=\"1024\" height=\"683\" data-id=\"25597\" src=\"https:\/\/bpprzasnysz.pl\/wp-content\/uploads\/sites\/56\/2022\/11\/IMG_4508-1024x683-1.jpg\" alt=\"\" class=\"wp-image-25597\" srcset=\"https:\/\/bpprzasnysz.pl\/wp-content\/uploads\/sites\/56\/2022\/11\/IMG_4508-1024x683-1.jpg 1024w, https:\/\/bpprzasnysz.pl\/wp-content\/uploads\/sites\/56\/2022\/11\/IMG_4508-1024x683-1-300x200.jpg 300w, https:\/\/bpprzasnysz.pl\/wp-content\/uploads\/sites\/56\/2022\/11\/IMG_4508-1024x683-1-768x512.jpg 768w, https:\/\/bpprzasnysz.pl\/wp-content\/uploads\/sites\/56\/2022\/11\/IMG_4508-1024x683-1-24x16.jpg 24w, https:\/\/bpprzasnysz.pl\/wp-content\/uploads\/sites\/56\/2022\/11\/IMG_4508-1024x683-1-36x24.jpg 36w, https:\/\/bpprzasnysz.pl\/wp-content\/uploads\/sites\/56\/2022\/11\/IMG_4508-1024x683-1-48x32.jpg 48w\" sizes=\"auto, (max-width: 1024px) 100vw, 1024px\" \/><\/a><\/figure>\n\n\n\n<figure class=\"wp-block-image size-large\"><a href=\"https:\/\/bpprzasnysz.pl\/wp-content\/uploads\/sites\/56\/2022\/11\/IMG_4506-1024x683-1.jpg\"><img loading=\"lazy\" decoding=\"async\" width=\"1024\" height=\"683\" data-id=\"25609\" src=\"https:\/\/bpprzasnysz.pl\/wp-content\/uploads\/sites\/56\/2022\/11\/IMG_4506-1024x683-1.jpg\" alt=\"\" class=\"wp-image-25609\" srcset=\"https:\/\/bpprzasnysz.pl\/wp-content\/uploads\/sites\/56\/2022\/11\/IMG_4506-1024x683-1.jpg 1024w, https:\/\/bpprzasnysz.pl\/wp-content\/uploads\/sites\/56\/2022\/11\/IMG_4506-1024x683-1-300x200.jpg 300w, https:\/\/bpprzasnysz.pl\/wp-content\/uploads\/sites\/56\/2022\/11\/IMG_4506-1024x683-1-768x512.jpg 768w, https:\/\/bpprzasnysz.pl\/wp-content\/uploads\/sites\/56\/2022\/11\/IMG_4506-1024x683-1-24x16.jpg 24w, https:\/\/bpprzasnysz.pl\/wp-content\/uploads\/sites\/56\/2022\/11\/IMG_4506-1024x683-1-36x24.jpg 36w, https:\/\/bpprzasnysz.pl\/wp-content\/uploads\/sites\/56\/2022\/11\/IMG_4506-1024x683-1-48x32.jpg 48w\" sizes=\"auto, (max-width: 1024px) 100vw, 1024px\" \/><\/a><\/figure>\n\n\n\n<figure class=\"wp-block-image size-large\"><a href=\"https:\/\/bpprzasnysz.pl\/wp-content\/uploads\/sites\/56\/2022\/11\/IMG_4504-1024x683-1.jpg\"><img loading=\"lazy\" decoding=\"async\" width=\"1024\" height=\"683\" data-id=\"25621\" src=\"https:\/\/bpprzasnysz.pl\/wp-content\/uploads\/sites\/56\/2022\/11\/IMG_4504-1024x683-1.jpg\" alt=\"\" class=\"wp-image-25621\" srcset=\"https:\/\/bpprzasnysz.pl\/wp-content\/uploads\/sites\/56\/2022\/11\/IMG_4504-1024x683-1.jpg 1024w, https:\/\/bpprzasnysz.pl\/wp-content\/uploads\/sites\/56\/2022\/11\/IMG_4504-1024x683-1-300x200.jpg 300w, https:\/\/bpprzasnysz.pl\/wp-content\/uploads\/sites\/56\/2022\/11\/IMG_4504-1024x683-1-768x512.jpg 768w, https:\/\/bpprzasnysz.pl\/wp-content\/uploads\/sites\/56\/2022\/11\/IMG_4504-1024x683-1-24x16.jpg 24w, https:\/\/bpprzasnysz.pl\/wp-content\/uploads\/sites\/56\/2022\/11\/IMG_4504-1024x683-1-36x24.jpg 36w, https:\/\/bpprzasnysz.pl\/wp-content\/uploads\/sites\/56\/2022\/11\/IMG_4504-1024x683-1-48x32.jpg 48w\" sizes=\"auto, (max-width: 1024px) 100vw, 1024px\" \/><\/a><\/figure>\n<\/figure>\n","protected":false},"excerpt":{"rendered":"<p>Zapraszamy na wystaw\u0119\u00a0\u201eMali arty\u015bci\u201d\u00a0do wypo\u017cyczalni Biblioteki Pedagogicznej.Prace plastyczne zosta\u0142y wykonane przez przedszkolaki z Miejskiego Przedszkola nr 2 z Oddzia\u0142ami Integracyjnymi [&hellip;]<\/p>\n","protected":false},"author":741,"featured_media":25633,"comment_status":"closed","ping_status":"closed","sticky":false,"template":"","format":"standard","meta":{"_acf_changed":false,"_oasis_is_in_workflow":0,"_oasis_original":0,"inline_featured_image":false,"site-sidebar-layout":"default","site-content-layout":"","ast-site-content-layout":"default","site-content-style":"default","site-sidebar-style":"default","ast-global-header-display":"","ast-banner-title-visibility":"","ast-main-header-display":"","ast-hfb-above-header-display":"","ast-hfb-below-header-display":"","ast-hfb-mobile-header-display":"","site-post-title":"","ast-breadcrumbs-content":"","ast-featured-img":"","footer-sml-layout":"","ast-disable-related-posts":"","theme-transparent-header-meta":"","adv-header-id-meta":"","stick-header-meta":"","header-above-stick-meta":"","header-main-stick-meta":"","header-below-stick-meta":"","astra-migrate-meta-layouts":"default","ast-page-background-enabled":"default","ast-page-background-meta":{"desktop":{"background-color":"","background-image":"","background-repeat":"repeat","background-position":"center center","background-size":"auto","background-attachment":"scroll","background-type":"","background-media":"","overlay-type":"","overlay-color":"","overlay-opacity":"","overlay-gradient":""},"tablet":{"background-color":"","background-image":"","background-repeat":"repeat","background-position":"center center","background-size":"auto","background-attachment":"scroll","background-type":"","background-media":"","overlay-type":"","overlay-color":"","overlay-opacity":"","overlay-gradient":""},"mobile":{"background-color":"","background-image":"","background-repeat":"repeat","background-position":"center center","background-size":"auto","background-attachment":"scroll","background-type":"","background-media":"","overlay-type":"","overlay-color":"","overlay-opacity":"","overlay-gradient":""}},"ast-content-background-meta":{"desktop":{"background-color":"var(--ast-global-color-5)","background-image":"","background-repeat":"repeat","background-position":"center center","background-size":"auto","background-attachment":"scroll","background-type":"","background-media":"","overlay-type":"","overlay-color":"","overlay-opacity":"","overlay-gradient":""},"tablet":{"background-color":"var(--ast-global-color-5)","background-image":"","background-repeat":"repeat","background-position":"center center","background-size":"auto","background-attachment":"scroll","background-type":"","background-media":"","overlay-type":"","overlay-color":"","overlay-opacity":"","overlay-gradient":""},"mobile":{"background-color":"var(--ast-global-color-5)","background-image":"","background-repeat":"repeat","background-position":"center center","background-size":"auto","background-attachment":"scroll","background-type":"","background-media":"","overlay-type":"","overlay-color":"","overlay-opacity":"","overlay-gradient":""}},"_themeisle_gutenberg_block_has_review":false,"footnotes":""},"categories":[99],"tags":[],"class_list":["post-25579","post","type-post","status-publish","format-standard","has-post-thumbnail","hentry","category-99"],"acf":[],"featured_image_urls_v2":{"full":["https:\/\/bpprzasnysz.pl\/wp-content\/uploads\/sites\/56\/2022\/11\/mali-artysci-3.jpg",543,768,false],"thumbnail":["https:\/\/bpprzasnysz.pl\/wp-content\/uploads\/sites\/56\/2022\/11\/mali-artysci-3-150x150.jpg",150,150,true],"medium":["https:\/\/bpprzasnysz.pl\/wp-content\/uploads\/sites\/56\/2022\/11\/mali-artysci-3-212x300.jpg",212,300,true],"medium_large":["https:\/\/bpprzasnysz.pl\/wp-content\/uploads\/sites\/56\/2022\/11\/mali-artysci-3.jpg",543,768,false],"large":["https:\/\/bpprzasnysz.pl\/wp-content\/uploads\/sites\/56\/2022\/11\/mali-artysci-3.jpg",543,768,false],"1536x1536":["https:\/\/bpprzasnysz.pl\/wp-content\/uploads\/sites\/56\/2022\/11\/mali-artysci-3.jpg",543,768,false],"2048x2048":["https:\/\/bpprzasnysz.pl\/wp-content\/uploads\/sites\/56\/2022\/11\/mali-artysci-3.jpg",543,768,false],"menu-24x24":["https:\/\/bpprzasnysz.pl\/wp-content\/uploads\/sites\/56\/2022\/11\/mali-artysci-3-17x24.jpg",17,24,true],"menu-36x36":["https:\/\/bpprzasnysz.pl\/wp-content\/uploads\/sites\/56\/2022\/11\/mali-artysci-3-25x36.jpg",25,36,true],"menu-48x48":["https:\/\/bpprzasnysz.pl\/wp-content\/uploads\/sites\/56\/2022\/11\/mali-artysci-3-34x48.jpg",34,48,true]},"post_excerpt_stackable_v2":"<p>Zapraszamy na wystaw\u0119\u00a0\u201eMali arty\u015bci\u201d\u00a0do wypo\u017cyczalni Biblioteki Pedagogicznej.Prace plastyczne zosta\u0142y wykonane przez przedszkolaki z Miejskiego Przedszkola nr 2 z Oddzia\u0142ami Integracyjnymi w Przasnyszu pod kierunkiem nauczycieli: Anny Lipki i Anny Wierzbickiej. Wystaw\u0119 b\u0119dzie mo\u017cna podziwia\u0107 do ko\u0144ca wrze\u015bnia.<\/p>\n","category_list_v2":"<a href=\"https:\/\/bpprzasnysz.pl\/en\/category\/2022\/\" rel=\"category tag\">2022<\/a>","author_info_v2":{"name":"Aleksandra Cie\u015blicka","url":"https:\/\/bpprzasnysz.pl\/uk\/author\/acieslicka\/"},"comments_num_v2":"0 \u043a\u043e\u043c\u0435\u043d\u0442\u0430\u0440\u0456\u0432","_links":{"self":[{"href":"https:\/\/bpprzasnysz.pl\/uk\/wp-json\/wp\/v2\/posts\/25579","targetHints":{"allow":["GET"]}}],"collection":[{"href":"https:\/\/bpprzasnysz.pl\/uk\/wp-json\/wp\/v2\/posts"}],"about":[{"href":"https:\/\/bpprzasnysz.pl\/uk\/wp-json\/wp\/v2\/types\/post"}],"author":[{"embeddable":true,"href":"https:\/\/bpprzasnysz.pl\/uk\/wp-json\/wp\/v2\/users\/741"}],"replies":[{"embeddable":true,"href":"https:\/\/bpprzasnysz.pl\/uk\/wp-json\/wp\/v2\/comments?post=25579"}],"version-history":[{"count":2,"href":"https:\/\/bpprzasnysz.pl\/uk\/wp-json\/wp\/v2\/posts\/25579\/revisions"}],"predecessor-version":[{"id":25648,"href":"https:\/\/bpprzasnysz.pl\/uk\/wp-json\/wp\/v2\/posts\/25579\/revisions\/25648"}],"wp:featuredmedia":[{"embeddable":true,"href":"https:\/\/bpprzasnysz.pl\/uk\/wp-json\/wp\/v2\/media\/25633"}],"wp:attachment":[{"href":"https:\/\/bpprzasnysz.pl\/uk\/wp-json\/wp\/v2\/media?parent=25579"}],"wp:term":[{"taxonomy":"category","embeddable":true,"href":"https:\/\/bpprzasnysz.pl\/uk\/wp-json\/wp\/v2\/categories?post=25579"},{"taxonomy":"post_tag","embeddable":true,"href":"https:\/\/bpprzasnysz.pl\/uk\/wp-json\/wp\/v2\/tags?post=25579"}],"curies":[{"name":"wp","href":"https:\/\/api.w.org\/{rel}","templated":true}]}}