{"id":30442,"date":"2024-01-31T14:48:00","date_gmt":"2024-01-31T13:48:00","guid":{"rendered":"https:\/\/bpprzasnysz.pl\/?p=30442"},"modified":"2024-08-14T10:47:52","modified_gmt":"2024-08-14T08:47:52","slug":"warsztaty-makramy","status":"publish","type":"post","link":"https:\/\/bpprzasnysz.pl\/uk\/warsztaty-makramy\/","title":{"rendered":"WARSZTATY MAKRAMY"},"content":{"rendered":"\n<p>\u00a0Zapraszamy na\u00a0<strong>\u201eWarsztaty Makramy\u201d<\/strong>\u00a0\u2013\u00a08 lutego, kt\u00f3re przeprowadzi\u00a0Aneta Kawczy\u0144ska z\u00a0<a href=\"https:\/\/decoeco.com.pl\/\" target=\"_blank\" rel=\"noreferrer noopener\">Deco Eco<\/a>. Wst\u0119p bezp\u0142atny. Zapisy telefoniczne:\u00a0<strong>29 752 24 17<\/strong>. Liczba miejsc ograniczona. Warsztaty odb\u0119d\u0105 si\u0119 w ramach projektu\u00a0\u201eStrefa Pasji i Aktywno\u015bci w dzia\u0142aniu\u201d we wsp\u00f3\u0142pracy z Medyczn\u0105 Szko\u0142\u0105 Policealn\u0105 w Przasnyszu. Zadanie realizowane ze \u015brodk\u00f3w Samorz\u0105du Wojew\u00f3dztwa Mazowieckiego w ramach Bud\u017cetu Obywatelskiego Mazowsza.\u00a0Na ca\u0142y rok przygotowali\u015bmy dla Pa\u0144stwa wiele atrakcji \u2013 warsztat\u00f3w, spotka\u0144 i konkurs\u00f3w. Zapraszamy na Szpitaln\u0105 10.<\/p>\n\n\n\n<p class=\"has-text-align-right\">Oprac. Aneta Dobrzy\u0144ska<\/p>\n\n\n\n<figure class=\"wp-block-gallery has-nested-images columns-default is-cropped wp-block-gallery-1 is-layout-flex wp-block-gallery-is-layout-flex\">\n<figure class=\"wp-block-image size-large\"><img loading=\"lazy\" decoding=\"async\" width=\"724\" height=\"1024\" data-id=\"30445\" src=\"https:\/\/bpprzasnysz.pl\/wp-content\/uploads\/sites\/56\/2024\/08\/w-dzialaniu-15-724x1024.png\" alt=\"Warsztaty Makramy\" class=\"wp-image-30445\" srcset=\"https:\/\/bpprzasnysz.pl\/wp-content\/uploads\/sites\/56\/2024\/08\/w-dzialaniu-15-724x1024.png 724w, https:\/\/bpprzasnysz.pl\/wp-content\/uploads\/sites\/56\/2024\/08\/w-dzialaniu-15-212x300.png 212w, https:\/\/bpprzasnysz.pl\/wp-content\/uploads\/sites\/56\/2024\/08\/w-dzialaniu-15-768x1086.png 768w, https:\/\/bpprzasnysz.pl\/wp-content\/uploads\/sites\/56\/2024\/08\/w-dzialaniu-15-1086x1536.png 1086w, https:\/\/bpprzasnysz.pl\/wp-content\/uploads\/sites\/56\/2024\/08\/w-dzialaniu-15-1448x2048.png 1448w, https:\/\/bpprzasnysz.pl\/wp-content\/uploads\/sites\/56\/2024\/08\/w-dzialaniu-15-1320x1867.png 1320w, https:\/\/bpprzasnysz.pl\/wp-content\/uploads\/sites\/56\/2024\/08\/w-dzialaniu-15-17x24.png 17w, https:\/\/bpprzasnysz.pl\/wp-content\/uploads\/sites\/56\/2024\/08\/w-dzialaniu-15-25x36.png 25w, https:\/\/bpprzasnysz.pl\/wp-content\/uploads\/sites\/56\/2024\/08\/w-dzialaniu-15-34x48.png 34w, https:\/\/bpprzasnysz.pl\/wp-content\/uploads\/sites\/56\/2024\/08\/w-dzialaniu-15.png 1587w\" sizes=\"auto, (max-width: 724px) 100vw, 724px\" \/><\/figure>\n<\/figure>\n","protected":false},"excerpt":{"rendered":"<p>Zapraszamy na \u201eWarsztaty Makramy\u201d \u2013 8 lutego, kt\u00f3re przeprowadzi Aneta Kawczy\u0144ska z Deco Eco. <\/p>\n","protected":false},"author":1303,"featured_media":30445,"comment_status":"closed","ping_status":"closed","sticky":false,"template":"","format":"standard","meta":{"_acf_changed":false,"_oasis_is_in_workflow":0,"_oasis_original":0,"inline_featured_image":false,"site-sidebar-layout":"default","site-content-layout":"","ast-site-content-layout":"default","site-content-style":"default","site-sidebar-style":"default","ast-global-header-display":"","ast-banner-title-visibility":"","ast-main-header-display":"","ast-hfb-above-header-display":"","ast-hfb-below-header-display":"","ast-hfb-mobile-header-display":"","site-post-title":"","ast-breadcrumbs-content":"","ast-featured-img":"","footer-sml-layout":"","ast-disable-related-posts":"","theme-transparent-header-meta":"","adv-header-id-meta":"","stick-header-meta":"","header-above-stick-meta":"","header-main-stick-meta":"","header-below-stick-meta":"","astra-migrate-meta-layouts":"set","ast-page-background-enabled":"default","ast-page-background-meta":{"desktop":{"background-color":"","background-image":"","background-repeat":"repeat","background-position":"center center","background-size":"auto","background-attachment":"scroll","background-type":"","background-media":"","overlay-type":"","overlay-color":"","overlay-opacity":"","overlay-gradient":""},"tablet":{"background-color":"","background-image":"","background-repeat":"repeat","background-position":"center center","background-size":"auto","background-attachment":"scroll","background-type":"","background-media":"","overlay-type":"","overlay-color":"","overlay-opacity":"","overlay-gradient":""},"mobile":{"background-color":"","background-image":"","background-repeat":"repeat","background-position":"center center","background-size":"auto","background-attachment":"scroll","background-type":"","background-media":"","overlay-type":"","overlay-color":"","overlay-opacity":"","overlay-gradient":""}},"ast-content-background-meta":{"desktop":{"background-color":"var(--ast-global-color-5)","background-image":"","background-repeat":"repeat","background-position":"center center","background-size":"auto","background-attachment":"scroll","background-type":"","background-media":"","overlay-type":"","overlay-color":"","overlay-opacity":"","overlay-gradient":""},"tablet":{"background-color":"var(--ast-global-color-5)","background-image":"","background-repeat":"repeat","background-position":"center center","background-size":"auto","background-attachment":"scroll","background-type":"","background-media":"","overlay-type":"","overlay-color":"","overlay-opacity":"","overlay-gradient":""},"mobile":{"background-color":"var(--ast-global-color-5)","background-image":"","background-repeat":"repeat","background-position":"center center","background-size":"auto","background-attachment":"scroll","background-type":"","background-media":"","overlay-type":"","overlay-color":"","overlay-opacity":"","overlay-gradient":""}},"_themeisle_gutenberg_block_has_review":false,"footnotes":""},"categories":[163],"tags":[],"class_list":["post-30442","post","type-post","status-publish","format-standard","has-post-thumbnail","hentry","category-163"],"acf":[],"featured_image_urls_v2":{"full":["https:\/\/bpprzasnysz.pl\/wp-content\/uploads\/sites\/56\/2024\/08\/w-dzialaniu-15.png",1587,2245,false],"thumbnail":["https:\/\/bpprzasnysz.pl\/wp-content\/uploads\/sites\/56\/2024\/08\/w-dzialaniu-15-150x150.png",150,150,true],"medium":["https:\/\/bpprzasnysz.pl\/wp-content\/uploads\/sites\/56\/2024\/08\/w-dzialaniu-15-212x300.png",212,300,true],"medium_large":["https:\/\/bpprzasnysz.pl\/wp-content\/uploads\/sites\/56\/2024\/08\/w-dzialaniu-15-768x1086.png",768,1086,true],"large":["https:\/\/bpprzasnysz.pl\/wp-content\/uploads\/sites\/56\/2024\/08\/w-dzialaniu-15-724x1024.png",724,1024,true],"1536x1536":["https:\/\/bpprzasnysz.pl\/wp-content\/uploads\/sites\/56\/2024\/08\/w-dzialaniu-15-1086x1536.png",1086,1536,true],"2048x2048":["https:\/\/bpprzasnysz.pl\/wp-content\/uploads\/sites\/56\/2024\/08\/w-dzialaniu-15-1448x2048.png",1448,2048,true],"menu-24x24":["https:\/\/bpprzasnysz.pl\/wp-content\/uploads\/sites\/56\/2024\/08\/w-dzialaniu-15-17x24.png",17,24,true],"menu-36x36":["https:\/\/bpprzasnysz.pl\/wp-content\/uploads\/sites\/56\/2024\/08\/w-dzialaniu-15-25x36.png",25,36,true],"menu-48x48":["https:\/\/bpprzasnysz.pl\/wp-content\/uploads\/sites\/56\/2024\/08\/w-dzialaniu-15-34x48.png",34,48,true]},"post_excerpt_stackable_v2":"<p>Zapraszamy na \u201eWarsztaty Makramy\u201d \u2013 8 lutego, kt\u00f3re przeprowadzi Aneta Kawczy\u0144ska z Deco Eco. <\/p>\n","category_list_v2":"<a href=\"https:\/\/bpprzasnysz.pl\/uk\/category\/2024\/\" rel=\"category tag\">2024<\/a>","author_info_v2":{"name":"Aneta Dobrzy\u0144ska","url":"https:\/\/bpprzasnysz.pl\/uk\/author\/anetad\/"},"comments_num_v2":"0 \u043a\u043e\u043c\u0435\u043d\u0442\u0430\u0440\u0456\u0432","_links":{"self":[{"href":"https:\/\/bpprzasnysz.pl\/uk\/wp-json\/wp\/v2\/posts\/30442","targetHints":{"allow":["GET"]}}],"collection":[{"href":"https:\/\/bpprzasnysz.pl\/uk\/wp-json\/wp\/v2\/posts"}],"about":[{"href":"https:\/\/bpprzasnysz.pl\/uk\/wp-json\/wp\/v2\/types\/post"}],"author":[{"embeddable":true,"href":"https:\/\/bpprzasnysz.pl\/uk\/wp-json\/wp\/v2\/users\/1303"}],"replies":[{"embeddable":true,"href":"https:\/\/bpprzasnysz.pl\/uk\/wp-json\/wp\/v2\/comments?post=30442"}],"version-history":[{"count":2,"href":"https:\/\/bpprzasnysz.pl\/uk\/wp-json\/wp\/v2\/posts\/30442\/revisions"}],"predecessor-version":[{"id":30460,"href":"https:\/\/bpprzasnysz.pl\/uk\/wp-json\/wp\/v2\/posts\/30442\/revisions\/30460"}],"wp:featuredmedia":[{"embeddable":true,"href":"https:\/\/bpprzasnysz.pl\/uk\/wp-json\/wp\/v2\/media\/30445"}],"wp:attachment":[{"href":"https:\/\/bpprzasnysz.pl\/uk\/wp-json\/wp\/v2\/media?parent=30442"}],"wp:term":[{"taxonomy":"category","embeddable":true,"href":"https:\/\/bpprzasnysz.pl\/uk\/wp-json\/wp\/v2\/categories?post=30442"},{"taxonomy":"post_tag","embeddable":true,"href":"https:\/\/bpprzasnysz.pl\/uk\/wp-json\/wp\/v2\/tags?post=30442"}],"curies":[{"name":"wp","href":"https:\/\/api.w.org\/{rel}","templated":true}]}}