{"id":30622,"date":"2024-02-06T12:34:00","date_gmt":"2024-02-06T11:34:00","guid":{"rendered":"https:\/\/bpprzasnysz.pl\/?p=30622"},"modified":"2024-08-14T11:07:19","modified_gmt":"2024-08-14T09:07:19","slug":"pozegnanie","status":"publish","type":"post","link":"https:\/\/bpprzasnysz.pl\/uk\/pozegnanie\/","title":{"rendered":"PO\u017bEGNANIE&#8230;"},"content":{"rendered":"\n<p>Z ogromnym smutkiem przyj\u0119\u0142y\u015bmy informacj\u0119 o \u015bmierci Pani\u00a0<strong>Teresy Kaczy\u0144skiej<\/strong>\u00a0\u2013 wieloletniej kierownik Biblioteki Pedagogicznej w Przasnyszu. Kierowa\u0142a plac\u00f3wk\u0105 w latach 1962-1990. Karier\u0119\u00a0 zawodow\u0105 zaczyna\u0142a w strukturach Pedagogicznej Biblioteki Powiatowej w lokalu mieszcz\u0105cym si\u0119 w Domu Nauczyciela w Przasnyszu. By\u0142 to okres szybkiego rozwoju szkolnictwa, kt\u00f3ry spowodowa\u0142 zapotrzebowanie na wykwalifikowan\u0105 kadr\u0119 nauczycielsk\u0105. Biblioteka pedagogiczna znalaz\u0142a uznanie w lokalnym \u015brodowisku. Pani Teresa da\u0142a si\u0119 pozna\u0107 jako dobra organizatorka zasob\u00f3w bibliotecznych a przede wszystkim jako ciep\u0142y i \u017cyczliwy cz\u0142owiek. Zawsze s\u0142u\u017cy\u0142a rad\u0105 i pomoc\u0105. Pozostanie\u00a0w naszych wspomnieniach jako wz\u00f3r profesjonalizmu zawodowego.<\/p>\n\n\n\n<p class=\"has-text-align-right\">Oprac. Aneta Dobrzy\u0144ska<\/p>\n\n\n\n<figure class=\"wp-block-image size-large is-resized\"><img loading=\"lazy\" decoding=\"async\" width=\"822\" height=\"1024\" src=\"https:\/\/bpprzasnysz.pl\/wp-content\/uploads\/sites\/56\/2024\/08\/karta-zalobna-822x1024.png\" alt=\"Teresa Kaczy\u0144ska\" class=\"wp-image-30625\" style=\"width:297px;height:auto\" srcset=\"https:\/\/bpprzasnysz.pl\/wp-content\/uploads\/sites\/56\/2024\/08\/karta-zalobna-822x1024.png 822w, https:\/\/bpprzasnysz.pl\/wp-content\/uploads\/sites\/56\/2024\/08\/karta-zalobna-241x300.png 241w, https:\/\/bpprzasnysz.pl\/wp-content\/uploads\/sites\/56\/2024\/08\/karta-zalobna-768x957.png 768w, https:\/\/bpprzasnysz.pl\/wp-content\/uploads\/sites\/56\/2024\/08\/karta-zalobna-1233x1536.png 1233w, https:\/\/bpprzasnysz.pl\/wp-content\/uploads\/sites\/56\/2024\/08\/karta-zalobna-1320x1644.png 1320w, https:\/\/bpprzasnysz.pl\/wp-content\/uploads\/sites\/56\/2024\/08\/karta-zalobna-19x24.png 19w, https:\/\/bpprzasnysz.pl\/wp-content\/uploads\/sites\/56\/2024\/08\/karta-zalobna-29x36.png 29w, https:\/\/bpprzasnysz.pl\/wp-content\/uploads\/sites\/56\/2024\/08\/karta-zalobna-39x48.png 39w, https:\/\/bpprzasnysz.pl\/wp-content\/uploads\/sites\/56\/2024\/08\/karta-zalobna.png 1587w\" sizes=\"auto, (max-width: 822px) 100vw, 822px\" \/><\/figure>\n","protected":false},"excerpt":{"rendered":"<p>Z ogromnym smutkiem przyj\u0119\u0142y\u015bmy informacj\u0119 o \u015bmierci Pani\u00a0Teresy Kaczy\u0144skiej\u00a0\u2013 wieloletniej kierownik Biblioteki Pedagogicznej w Przasnyszu. Kierowa\u0142a plac\u00f3wk\u0105 w latach 1962-1990. [&hellip;]<\/p>\n","protected":false},"author":1303,"featured_media":30625,"comment_status":"closed","ping_status":"closed","sticky":false,"template":"","format":"standard","meta":{"_acf_changed":false,"_oasis_is_in_workflow":0,"_oasis_original":0,"inline_featured_image":false,"site-sidebar-layout":"default","site-content-layout":"","ast-site-content-layout":"default","site-content-style":"default","site-sidebar-style":"default","ast-global-header-display":"","ast-banner-title-visibility":"","ast-main-header-display":"","ast-hfb-above-header-display":"","ast-hfb-below-header-display":"","ast-hfb-mobile-header-display":"","site-post-title":"","ast-breadcrumbs-content":"","ast-featured-img":"","footer-sml-layout":"","ast-disable-related-posts":"","theme-transparent-header-meta":"","adv-header-id-meta":"","stick-header-meta":"","header-above-stick-meta":"","header-main-stick-meta":"","header-below-stick-meta":"","astra-migrate-meta-layouts":"set","ast-page-background-enabled":"default","ast-page-background-meta":{"desktop":{"background-color":"","background-image":"","background-repeat":"repeat","background-position":"center center","background-size":"auto","background-attachment":"scroll","background-type":"","background-media":"","overlay-type":"","overlay-color":"","overlay-opacity":"","overlay-gradient":""},"tablet":{"background-color":"","background-image":"","background-repeat":"repeat","background-position":"center center","background-size":"auto","background-attachment":"scroll","background-type":"","background-media":"","overlay-type":"","overlay-color":"","overlay-opacity":"","overlay-gradient":""},"mobile":{"background-color":"","background-image":"","background-repeat":"repeat","background-position":"center center","background-size":"auto","background-attachment":"scroll","background-type":"","background-media":"","overlay-type":"","overlay-color":"","overlay-opacity":"","overlay-gradient":""}},"ast-content-background-meta":{"desktop":{"background-color":"var(--ast-global-color-5)","background-image":"","background-repeat":"repeat","background-position":"center center","background-size":"auto","background-attachment":"scroll","background-type":"","background-media":"","overlay-type":"","overlay-color":"","overlay-opacity":"","overlay-gradient":""},"tablet":{"background-color":"var(--ast-global-color-5)","background-image":"","background-repeat":"repeat","background-position":"center center","background-size":"auto","background-attachment":"scroll","background-type":"","background-media":"","overlay-type":"","overlay-color":"","overlay-opacity":"","overlay-gradient":""},"mobile":{"background-color":"var(--ast-global-color-5)","background-image":"","background-repeat":"repeat","background-position":"center center","background-size":"auto","background-attachment":"scroll","background-type":"","background-media":"","overlay-type":"","overlay-color":"","overlay-opacity":"","overlay-gradient":""}},"_themeisle_gutenberg_block_has_review":false,"footnotes":""},"categories":[163],"tags":[],"class_list":["post-30622","post","type-post","status-publish","format-standard","has-post-thumbnail","hentry","category-163"],"acf":[],"featured_image_urls_v2":{"full":["https:\/\/bpprzasnysz.pl\/wp-content\/uploads\/sites\/56\/2024\/08\/karta-zalobna.png",1587,1977,false],"thumbnail":["https:\/\/bpprzasnysz.pl\/wp-content\/uploads\/sites\/56\/2024\/08\/karta-zalobna-150x150.png",150,150,true],"medium":["https:\/\/bpprzasnysz.pl\/wp-content\/uploads\/sites\/56\/2024\/08\/karta-zalobna-241x300.png",241,300,true],"medium_large":["https:\/\/bpprzasnysz.pl\/wp-content\/uploads\/sites\/56\/2024\/08\/karta-zalobna-768x957.png",768,957,true],"large":["https:\/\/bpprzasnysz.pl\/wp-content\/uploads\/sites\/56\/2024\/08\/karta-zalobna-822x1024.png",822,1024,true],"1536x1536":["https:\/\/bpprzasnysz.pl\/wp-content\/uploads\/sites\/56\/2024\/08\/karta-zalobna-1233x1536.png",1233,1536,true],"2048x2048":["https:\/\/bpprzasnysz.pl\/wp-content\/uploads\/sites\/56\/2024\/08\/karta-zalobna.png",1587,1977,false],"menu-24x24":["https:\/\/bpprzasnysz.pl\/wp-content\/uploads\/sites\/56\/2024\/08\/karta-zalobna-19x24.png",19,24,true],"menu-36x36":["https:\/\/bpprzasnysz.pl\/wp-content\/uploads\/sites\/56\/2024\/08\/karta-zalobna-29x36.png",29,36,true],"menu-48x48":["https:\/\/bpprzasnysz.pl\/wp-content\/uploads\/sites\/56\/2024\/08\/karta-zalobna-39x48.png",39,48,true]},"post_excerpt_stackable_v2":"<p>Z ogromnym smutkiem przyj\u0119\u0142y\u015bmy informacj\u0119 o \u015bmierci Pani\u00a0Teresy Kaczy\u0144skiej\u00a0\u2013 wieloletniej kierownik Biblioteki Pedagogicznej w Przasnyszu. Kierowa\u0142a plac\u00f3wk\u0105 w latach 1962-1990. Karier\u0119\u00a0 zawodow\u0105 zaczyna\u0142a w strukturach Pedagogicznej Biblioteki Powiatowej w lokalu mieszcz\u0105cym si\u0119 w Domu Nauczyciela w Przasnyszu. By\u0142 to okres szybkiego rozwoju szkolnictwa, kt\u00f3ry spowodowa\u0142 zapotrzebowanie na wykwalifikowan\u0105 kadr\u0119 nauczycielsk\u0105. Biblioteka pedagogiczna znalaz\u0142a uznanie w lokalnym \u015brodowisku. Pani Teresa da\u0142a si\u0119 pozna\u0107 jako dobra organizatorka zasob\u00f3w bibliotecznych a przede wszystkim jako ciep\u0142y i \u017cyczliwy cz\u0142owiek. Zawsze s\u0142u\u017cy\u0142a rad\u0105 i pomoc\u0105. Pozostanie\u00a0w naszych wspomnieniach jako wz\u00f3r profesjonalizmu zawodowego. Oprac. Aneta Dobrzy\u0144ska<\/p>\n","category_list_v2":"<a href=\"https:\/\/bpprzasnysz.pl\/uk\/category\/2024\/\" rel=\"category tag\">2024<\/a>","author_info_v2":{"name":"Aneta Dobrzy\u0144ska","url":"https:\/\/bpprzasnysz.pl\/uk\/author\/anetad\/"},"comments_num_v2":"0 \u043a\u043e\u043c\u0435\u043d\u0442\u0430\u0440\u0456\u0432","_links":{"self":[{"href":"https:\/\/bpprzasnysz.pl\/uk\/wp-json\/wp\/v2\/posts\/30622","targetHints":{"allow":["GET"]}}],"collection":[{"href":"https:\/\/bpprzasnysz.pl\/uk\/wp-json\/wp\/v2\/posts"}],"about":[{"href":"https:\/\/bpprzasnysz.pl\/uk\/wp-json\/wp\/v2\/types\/post"}],"author":[{"embeddable":true,"href":"https:\/\/bpprzasnysz.pl\/uk\/wp-json\/wp\/v2\/users\/1303"}],"replies":[{"embeddable":true,"href":"https:\/\/bpprzasnysz.pl\/uk\/wp-json\/wp\/v2\/comments?post=30622"}],"version-history":[{"count":2,"href":"https:\/\/bpprzasnysz.pl\/uk\/wp-json\/wp\/v2\/posts\/30622\/revisions"}],"predecessor-version":[{"id":30640,"href":"https:\/\/bpprzasnysz.pl\/uk\/wp-json\/wp\/v2\/posts\/30622\/revisions\/30640"}],"wp:featuredmedia":[{"embeddable":true,"href":"https:\/\/bpprzasnysz.pl\/uk\/wp-json\/wp\/v2\/media\/30625"}],"wp:attachment":[{"href":"https:\/\/bpprzasnysz.pl\/uk\/wp-json\/wp\/v2\/media?parent=30622"}],"wp:term":[{"taxonomy":"category","embeddable":true,"href":"https:\/\/bpprzasnysz.pl\/uk\/wp-json\/wp\/v2\/categories?post=30622"},{"taxonomy":"post_tag","embeddable":true,"href":"https:\/\/bpprzasnysz.pl\/uk\/wp-json\/wp\/v2\/tags?post=30622"}],"curies":[{"name":"wp","href":"https:\/\/api.w.org\/{rel}","templated":true}]}}