{"id":32557,"date":"2024-06-05T14:14:00","date_gmt":"2024-06-05T12:14:00","guid":{"rendered":"https:\/\/bpprzasnysz.pl\/?p=32557"},"modified":"2024-09-03T11:33:38","modified_gmt":"2024-09-03T09:33:38","slug":"rodzinny-piknik-naukowy","status":"publish","type":"post","link":"https:\/\/bpprzasnysz.pl\/uk\/rodzinny-piknik-naukowy\/","title":{"rendered":"RODZINNY PIKNIK NAUKOWY"},"content":{"rendered":"\n<p>Mamy zaszczyt zaprosi\u0107 naszych Czytelnik\u00f3w i Przyjaci\u00f3\u0142 biblioteki na rodzinny piknik naukowy. Zaplanowa\u0142y\u015bmy dla Was razem z Medyczn\u0105 Szko\u0142\u0105 Policealn\u0105 w Przasnyszu mn\u00f3stwo atrakcji \ud83e\udd73\ud83d\ude0e Do zobaczenia 18. czerwca (wtorek) w godzinach 16.00-19.00 \u2764 Piknik organizujemy ze \u015brodk\u00f3w Samorz\u0105du Wojew\u00f3dztwa Mazowieckiego w ramach Bud\u017cetu Obywatelskiego Mazowsza \u2013 projekt \u201eStrefa Pasji i Aktywno\u015bci w Dzia\u0142aniu\u201d.<\/p>\n\n\n\n<p class=\"has-text-align-right\">Oprac. Aneta Dobrzy\u0144ska<\/p>\n\n\n\n<figure class=\"wp-block-image size-large\"><img loading=\"lazy\" decoding=\"async\" width=\"724\" height=\"1024\" src=\"https:\/\/bpprzasnysz.pl\/wp-content\/uploads\/sites\/56\/2024\/09\/piknik-724x1024.jpg\" alt=\"Rodzinny Piknik Naukowy\" class=\"wp-image-32560\" srcset=\"https:\/\/bpprzasnysz.pl\/wp-content\/uploads\/sites\/56\/2024\/09\/piknik-724x1024.jpg 724w, https:\/\/bpprzasnysz.pl\/wp-content\/uploads\/sites\/56\/2024\/09\/piknik-212x300.jpg 212w, https:\/\/bpprzasnysz.pl\/wp-content\/uploads\/sites\/56\/2024\/09\/piknik-768x1086.jpg 768w, https:\/\/bpprzasnysz.pl\/wp-content\/uploads\/sites\/56\/2024\/09\/piknik-1086x1536.jpg 1086w, https:\/\/bpprzasnysz.pl\/wp-content\/uploads\/sites\/56\/2024\/09\/piknik-1320x1867.jpg 1320w, https:\/\/bpprzasnysz.pl\/wp-content\/uploads\/sites\/56\/2024\/09\/piknik-17x24.jpg 17w, https:\/\/bpprzasnysz.pl\/wp-content\/uploads\/sites\/56\/2024\/09\/piknik-25x36.jpg 25w, https:\/\/bpprzasnysz.pl\/wp-content\/uploads\/sites\/56\/2024\/09\/piknik-34x48.jpg 34w, https:\/\/bpprzasnysz.pl\/wp-content\/uploads\/sites\/56\/2024\/09\/piknik.jpg 1448w\" sizes=\"auto, (max-width: 724px) 100vw, 724px\" \/><\/figure>\n","protected":false},"excerpt":{"rendered":"<p>Mamy zaszczyt zaprosi\u0107 naszych Czytelnik\u00f3w i Przyjaci\u00f3\u0142 biblioteki na rodzinny piknik naukowy.<\/p>\n","protected":false},"author":1303,"featured_media":32560,"comment_status":"closed","ping_status":"closed","sticky":false,"template":"","format":"standard","meta":{"_acf_changed":false,"_oasis_is_in_workflow":0,"_oasis_original":0,"inline_featured_image":false,"site-sidebar-layout":"default","site-content-layout":"","ast-site-content-layout":"default","site-content-style":"default","site-sidebar-style":"default","ast-global-header-display":"","ast-banner-title-visibility":"","ast-main-header-display":"","ast-hfb-above-header-display":"","ast-hfb-below-header-display":"","ast-hfb-mobile-header-display":"","site-post-title":"","ast-breadcrumbs-content":"","ast-featured-img":"","footer-sml-layout":"","ast-disable-related-posts":"","theme-transparent-header-meta":"","adv-header-id-meta":"","stick-header-meta":"","header-above-stick-meta":"","header-main-stick-meta":"","header-below-stick-meta":"","astra-migrate-meta-layouts":"set","ast-page-background-enabled":"default","ast-page-background-meta":{"desktop":{"background-color":"","background-image":"","background-repeat":"repeat","background-position":"center center","background-size":"auto","background-attachment":"scroll","background-type":"","background-media":"","overlay-type":"","overlay-color":"","overlay-opacity":"","overlay-gradient":""},"tablet":{"background-color":"","background-image":"","background-repeat":"repeat","background-position":"center center","background-size":"auto","background-attachment":"scroll","background-type":"","background-media":"","overlay-type":"","overlay-color":"","overlay-opacity":"","overlay-gradient":""},"mobile":{"background-color":"","background-image":"","background-repeat":"repeat","background-position":"center center","background-size":"auto","background-attachment":"scroll","background-type":"","background-media":"","overlay-type":"","overlay-color":"","overlay-opacity":"","overlay-gradient":""}},"ast-content-background-meta":{"desktop":{"background-color":"var(--ast-global-color-5)","background-image":"","background-repeat":"repeat","background-position":"center center","background-size":"auto","background-attachment":"scroll","background-type":"","background-media":"","overlay-type":"","overlay-color":"","overlay-opacity":"","overlay-gradient":""},"tablet":{"background-color":"var(--ast-global-color-5)","background-image":"","background-repeat":"repeat","background-position":"center center","background-size":"auto","background-attachment":"scroll","background-type":"","background-media":"","overlay-type":"","overlay-color":"","overlay-opacity":"","overlay-gradient":""},"mobile":{"background-color":"var(--ast-global-color-5)","background-image":"","background-repeat":"repeat","background-position":"center center","background-size":"auto","background-attachment":"scroll","background-type":"","background-media":"","overlay-type":"","overlay-color":"","overlay-opacity":"","overlay-gradient":""}},"_themeisle_gutenberg_block_has_review":false,"footnotes":""},"categories":[163],"tags":[],"class_list":["post-32557","post","type-post","status-publish","format-standard","has-post-thumbnail","hentry","category-163"],"acf":[],"featured_image_urls_v2":{"full":["https:\/\/bpprzasnysz.pl\/wp-content\/uploads\/sites\/56\/2024\/09\/piknik.jpg",1448,2048,false],"thumbnail":["https:\/\/bpprzasnysz.pl\/wp-content\/uploads\/sites\/56\/2024\/09\/piknik-150x150.jpg",150,150,true],"medium":["https:\/\/bpprzasnysz.pl\/wp-content\/uploads\/sites\/56\/2024\/09\/piknik-212x300.jpg",212,300,true],"medium_large":["https:\/\/bpprzasnysz.pl\/wp-content\/uploads\/sites\/56\/2024\/09\/piknik-768x1086.jpg",768,1086,true],"large":["https:\/\/bpprzasnysz.pl\/wp-content\/uploads\/sites\/56\/2024\/09\/piknik-724x1024.jpg",724,1024,true],"1536x1536":["https:\/\/bpprzasnysz.pl\/wp-content\/uploads\/sites\/56\/2024\/09\/piknik-1086x1536.jpg",1086,1536,true],"2048x2048":["https:\/\/bpprzasnysz.pl\/wp-content\/uploads\/sites\/56\/2024\/09\/piknik.jpg",1448,2048,false],"menu-24x24":["https:\/\/bpprzasnysz.pl\/wp-content\/uploads\/sites\/56\/2024\/09\/piknik-17x24.jpg",17,24,true],"menu-36x36":["https:\/\/bpprzasnysz.pl\/wp-content\/uploads\/sites\/56\/2024\/09\/piknik-25x36.jpg",25,36,true],"menu-48x48":["https:\/\/bpprzasnysz.pl\/wp-content\/uploads\/sites\/56\/2024\/09\/piknik-34x48.jpg",34,48,true]},"post_excerpt_stackable_v2":"<p>Mamy zaszczyt zaprosi\u0107 naszych Czytelnik\u00f3w i Przyjaci\u00f3\u0142 biblioteki na rodzinny piknik naukowy.<\/p>\n","category_list_v2":"<a href=\"https:\/\/bpprzasnysz.pl\/uk\/category\/2024\/\" rel=\"category tag\">2024<\/a>","author_info_v2":{"name":"Aneta Dobrzy\u0144ska","url":"https:\/\/bpprzasnysz.pl\/uk\/author\/anetad\/"},"comments_num_v2":"0 \u043a\u043e\u043c\u0435\u043d\u0442\u0430\u0440\u0456\u0432","_links":{"self":[{"href":"https:\/\/bpprzasnysz.pl\/uk\/wp-json\/wp\/v2\/posts\/32557","targetHints":{"allow":["GET"]}}],"collection":[{"href":"https:\/\/bpprzasnysz.pl\/uk\/wp-json\/wp\/v2\/posts"}],"about":[{"href":"https:\/\/bpprzasnysz.pl\/uk\/wp-json\/wp\/v2\/types\/post"}],"author":[{"embeddable":true,"href":"https:\/\/bpprzasnysz.pl\/uk\/wp-json\/wp\/v2\/users\/1303"}],"replies":[{"embeddable":true,"href":"https:\/\/bpprzasnysz.pl\/uk\/wp-json\/wp\/v2\/comments?post=32557"}],"version-history":[{"count":2,"href":"https:\/\/bpprzasnysz.pl\/uk\/wp-json\/wp\/v2\/posts\/32557\/revisions"}],"predecessor-version":[{"id":32575,"href":"https:\/\/bpprzasnysz.pl\/uk\/wp-json\/wp\/v2\/posts\/32557\/revisions\/32575"}],"wp:featuredmedia":[{"embeddable":true,"href":"https:\/\/bpprzasnysz.pl\/uk\/wp-json\/wp\/v2\/media\/32560"}],"wp:attachment":[{"href":"https:\/\/bpprzasnysz.pl\/uk\/wp-json\/wp\/v2\/media?parent=32557"}],"wp:term":[{"taxonomy":"category","embeddable":true,"href":"https:\/\/bpprzasnysz.pl\/uk\/wp-json\/wp\/v2\/categories?post=32557"},{"taxonomy":"post_tag","embeddable":true,"href":"https:\/\/bpprzasnysz.pl\/uk\/wp-json\/wp\/v2\/tags?post=32557"}],"curies":[{"name":"wp","href":"https:\/\/api.w.org\/{rel}","templated":true}]}}