{"id":32578,"date":"2024-06-05T13:50:00","date_gmt":"2024-06-05T11:50:00","guid":{"rendered":"https:\/\/bpprzasnysz.pl\/?p=32578"},"modified":"2024-09-03T11:42:40","modified_gmt":"2024-09-03T09:42:40","slug":"spotkania-z-osobami-z-niepelnosprawnoscia","status":"publish","type":"post","link":"https:\/\/bpprzasnysz.pl\/uk\/spotkania-z-osobami-z-niepelnosprawnoscia\/","title":{"rendered":"SPOTKANIA Z OSOBAMI Z NIEPE\u0141NOSPRAWNO\u015aCI\u0104"},"content":{"rendered":"\n<p>Cyklicznie, co \u015brod\u0119 odbywaj\u0105 si\u0119 w naszej bibliotece zaj\u0119cia edukacyjne z osobami z niepe\u0142nosprawno\u015bciami. Uczymy si\u0119 tworzy\u0107 r\u00f3\u017cne prace z wykorzystaniem prostych i ekologicznych element\u00f3w, czytamy fragmenty ksi\u0105\u017cek, prowadzimy dyskusje i gramy w gry planszowe.<\/p>\n\n\n\n<p class=\"has-text-align-right\">Oprac. Aneta Dobrzy\u0144ska<\/p>\n\n\n\n<figure class=\"wp-block-gallery has-nested-images columns-default is-cropped wp-block-gallery-1 is-layout-flex wp-block-gallery-is-layout-flex\">\n<figure class=\"wp-block-image size-large\"><a href=\"https:\/\/bpprzasnysz.pl\/wp-content\/uploads\/sites\/56\/2024\/09\/niepeln1.jpg\"><img loading=\"lazy\" decoding=\"async\" width=\"1024\" height=\"771\" data-id=\"32605\" src=\"https:\/\/bpprzasnysz.pl\/wp-content\/uploads\/sites\/56\/2024\/09\/niepeln1-1024x771.jpg\" alt=\"Spotkania z osobami z niepe\u0142nosprawno\u015bci\u0105\" class=\"wp-image-32605\" srcset=\"https:\/\/bpprzasnysz.pl\/wp-content\/uploads\/sites\/56\/2024\/09\/niepeln1-1024x771.jpg 1024w, https:\/\/bpprzasnysz.pl\/wp-content\/uploads\/sites\/56\/2024\/09\/niepeln1-300x226.jpg 300w, https:\/\/bpprzasnysz.pl\/wp-content\/uploads\/sites\/56\/2024\/09\/niepeln1-768x578.jpg 768w, https:\/\/bpprzasnysz.pl\/wp-content\/uploads\/sites\/56\/2024\/09\/niepeln1-1536x1157.jpg 1536w, https:\/\/bpprzasnysz.pl\/wp-content\/uploads\/sites\/56\/2024\/09\/niepeln1-1320x994.jpg 1320w, https:\/\/bpprzasnysz.pl\/wp-content\/uploads\/sites\/56\/2024\/09\/niepeln1-24x18.jpg 24w, https:\/\/bpprzasnysz.pl\/wp-content\/uploads\/sites\/56\/2024\/09\/niepeln1-36x27.jpg 36w, https:\/\/bpprzasnysz.pl\/wp-content\/uploads\/sites\/56\/2024\/09\/niepeln1-48x36.jpg 48w, https:\/\/bpprzasnysz.pl\/wp-content\/uploads\/sites\/56\/2024\/09\/niepeln1.jpg 2040w\" sizes=\"auto, (max-width: 1024px) 100vw, 1024px\" \/><\/a><\/figure>\n\n\n\n<figure class=\"wp-block-image size-large\"><a href=\"https:\/\/bpprzasnysz.pl\/wp-content\/uploads\/sites\/56\/2024\/09\/niepeln2.jpg\"><img loading=\"lazy\" decoding=\"async\" width=\"771\" height=\"1024\" data-id=\"32593\" src=\"https:\/\/bpprzasnysz.pl\/wp-content\/uploads\/sites\/56\/2024\/09\/niepeln2-771x1024.jpg\" alt=\"Spotkania z osobami z niepe\u0142nosprawno\u015bci\u0105\" class=\"wp-image-32593\" srcset=\"https:\/\/bpprzasnysz.pl\/wp-content\/uploads\/sites\/56\/2024\/09\/niepeln2-771x1024.jpg 771w, https:\/\/bpprzasnysz.pl\/wp-content\/uploads\/sites\/56\/2024\/09\/niepeln2-226x300.jpg 226w, https:\/\/bpprzasnysz.pl\/wp-content\/uploads\/sites\/56\/2024\/09\/niepeln2-768x1020.jpg 768w, https:\/\/bpprzasnysz.pl\/wp-content\/uploads\/sites\/56\/2024\/09\/niepeln2-1157x1536.jpg 1157w, https:\/\/bpprzasnysz.pl\/wp-content\/uploads\/sites\/56\/2024\/09\/niepeln2-1320x1753.jpg 1320w, https:\/\/bpprzasnysz.pl\/wp-content\/uploads\/sites\/56\/2024\/09\/niepeln2-18x24.jpg 18w, https:\/\/bpprzasnysz.pl\/wp-content\/uploads\/sites\/56\/2024\/09\/niepeln2-27x36.jpg 27w, https:\/\/bpprzasnysz.pl\/wp-content\/uploads\/sites\/56\/2024\/09\/niepeln2-36x48.jpg 36w, https:\/\/bpprzasnysz.pl\/wp-content\/uploads\/sites\/56\/2024\/09\/niepeln2.jpg 1536w\" sizes=\"auto, (max-width: 771px) 100vw, 771px\" \/><\/a><\/figure>\n\n\n\n<figure class=\"wp-block-image size-large\"><a href=\"https:\/\/bpprzasnysz.pl\/wp-content\/uploads\/sites\/56\/2024\/09\/niepeln3.jpg\"><img loading=\"lazy\" decoding=\"async\" width=\"771\" height=\"1024\" data-id=\"32584\" src=\"https:\/\/bpprzasnysz.pl\/wp-content\/uploads\/sites\/56\/2024\/09\/niepeln3-771x1024.jpg\" alt=\"Spotkania z osobami z niepe\u0142nosprawno\u015bci\u0105\" class=\"wp-image-32584\" srcset=\"https:\/\/bpprzasnysz.pl\/wp-content\/uploads\/sites\/56\/2024\/09\/niepeln3-771x1024.jpg 771w, https:\/\/bpprzasnysz.pl\/wp-content\/uploads\/sites\/56\/2024\/09\/niepeln3-226x300.jpg 226w, https:\/\/bpprzasnysz.pl\/wp-content\/uploads\/sites\/56\/2024\/09\/niepeln3-768x1020.jpg 768w, https:\/\/bpprzasnysz.pl\/wp-content\/uploads\/sites\/56\/2024\/09\/niepeln3-1157x1536.jpg 1157w, https:\/\/bpprzasnysz.pl\/wp-content\/uploads\/sites\/56\/2024\/09\/niepeln3-1320x1753.jpg 1320w, https:\/\/bpprzasnysz.pl\/wp-content\/uploads\/sites\/56\/2024\/09\/niepeln3-18x24.jpg 18w, https:\/\/bpprzasnysz.pl\/wp-content\/uploads\/sites\/56\/2024\/09\/niepeln3-27x36.jpg 27w, https:\/\/bpprzasnysz.pl\/wp-content\/uploads\/sites\/56\/2024\/09\/niepeln3-36x48.jpg 36w, https:\/\/bpprzasnysz.pl\/wp-content\/uploads\/sites\/56\/2024\/09\/niepeln3.jpg 1536w\" sizes=\"auto, (max-width: 771px) 100vw, 771px\" \/><\/a><\/figure>\n\n\n\n<figure class=\"wp-block-image size-large\"><a href=\"https:\/\/bpprzasnysz.pl\/wp-content\/uploads\/sites\/56\/2024\/09\/niepeln4.jpg\"><img loading=\"lazy\" decoding=\"async\" width=\"771\" height=\"1024\" data-id=\"32602\" src=\"https:\/\/bpprzasnysz.pl\/wp-content\/uploads\/sites\/56\/2024\/09\/niepeln4-771x1024.jpg\" alt=\"Spotkania z osobami z niepe\u0142nosprawno\u015bci\u0105\" class=\"wp-image-32602\" srcset=\"https:\/\/bpprzasnysz.pl\/wp-content\/uploads\/sites\/56\/2024\/09\/niepeln4-771x1024.jpg 771w, https:\/\/bpprzasnysz.pl\/wp-content\/uploads\/sites\/56\/2024\/09\/niepeln4-226x300.jpg 226w, https:\/\/bpprzasnysz.pl\/wp-content\/uploads\/sites\/56\/2024\/09\/niepeln4-768x1020.jpg 768w, https:\/\/bpprzasnysz.pl\/wp-content\/uploads\/sites\/56\/2024\/09\/niepeln4-1157x1536.jpg 1157w, https:\/\/bpprzasnysz.pl\/wp-content\/uploads\/sites\/56\/2024\/09\/niepeln4-1320x1753.jpg 1320w, https:\/\/bpprzasnysz.pl\/wp-content\/uploads\/sites\/56\/2024\/09\/niepeln4-18x24.jpg 18w, https:\/\/bpprzasnysz.pl\/wp-content\/uploads\/sites\/56\/2024\/09\/niepeln4-27x36.jpg 27w, https:\/\/bpprzasnysz.pl\/wp-content\/uploads\/sites\/56\/2024\/09\/niepeln4-36x48.jpg 36w, https:\/\/bpprzasnysz.pl\/wp-content\/uploads\/sites\/56\/2024\/09\/niepeln4.jpg 1536w\" sizes=\"auto, (max-width: 771px) 100vw, 771px\" \/><\/a><\/figure>\n\n\n\n<figure class=\"wp-block-image size-large\"><a href=\"https:\/\/bpprzasnysz.pl\/wp-content\/uploads\/sites\/56\/2024\/09\/niepeln9.jpg\"><img loading=\"lazy\" decoding=\"async\" width=\"771\" height=\"1024\" data-id=\"32587\" src=\"https:\/\/bpprzasnysz.pl\/wp-content\/uploads\/sites\/56\/2024\/09\/niepeln9-771x1024.jpg\" alt=\"Spotkania z osobami z niepe\u0142nosprawno\u015bci\u0105\" class=\"wp-image-32587\" srcset=\"https:\/\/bpprzasnysz.pl\/wp-content\/uploads\/sites\/56\/2024\/09\/niepeln9-771x1024.jpg 771w, https:\/\/bpprzasnysz.pl\/wp-content\/uploads\/sites\/56\/2024\/09\/niepeln9-226x300.jpg 226w, https:\/\/bpprzasnysz.pl\/wp-content\/uploads\/sites\/56\/2024\/09\/niepeln9-768x1020.jpg 768w, https:\/\/bpprzasnysz.pl\/wp-content\/uploads\/sites\/56\/2024\/09\/niepeln9-1157x1536.jpg 1157w, https:\/\/bpprzasnysz.pl\/wp-content\/uploads\/sites\/56\/2024\/09\/niepeln9-1320x1753.jpg 1320w, https:\/\/bpprzasnysz.pl\/wp-content\/uploads\/sites\/56\/2024\/09\/niepeln9-18x24.jpg 18w, https:\/\/bpprzasnysz.pl\/wp-content\/uploads\/sites\/56\/2024\/09\/niepeln9-27x36.jpg 27w, https:\/\/bpprzasnysz.pl\/wp-content\/uploads\/sites\/56\/2024\/09\/niepeln9-36x48.jpg 36w, https:\/\/bpprzasnysz.pl\/wp-content\/uploads\/sites\/56\/2024\/09\/niepeln9.jpg 1536w\" sizes=\"auto, (max-width: 771px) 100vw, 771px\" \/><\/a><\/figure>\n\n\n\n<figure class=\"wp-block-image size-large\"><a href=\"https:\/\/bpprzasnysz.pl\/wp-content\/uploads\/sites\/56\/2024\/09\/niepeln77.png\"><img loading=\"lazy\" decoding=\"async\" width=\"662\" height=\"668\" data-id=\"32590\" src=\"https:\/\/bpprzasnysz.pl\/wp-content\/uploads\/sites\/56\/2024\/09\/niepeln77.png\" alt=\"Spotkania z osobami z niepe\u0142nosprawno\u015bci\u0105\" class=\"wp-image-32590\" srcset=\"https:\/\/bpprzasnysz.pl\/wp-content\/uploads\/sites\/56\/2024\/09\/niepeln77.png 662w, https:\/\/bpprzasnysz.pl\/wp-content\/uploads\/sites\/56\/2024\/09\/niepeln77-297x300.png 297w, https:\/\/bpprzasnysz.pl\/wp-content\/uploads\/sites\/56\/2024\/09\/niepeln77-150x150.png 150w, https:\/\/bpprzasnysz.pl\/wp-content\/uploads\/sites\/56\/2024\/09\/niepeln77-24x24.png 24w, https:\/\/bpprzasnysz.pl\/wp-content\/uploads\/sites\/56\/2024\/09\/niepeln77-36x36.png 36w, https:\/\/bpprzasnysz.pl\/wp-content\/uploads\/sites\/56\/2024\/09\/niepeln77-48x48.png 48w\" sizes=\"auto, (max-width: 662px) 100vw, 662px\" \/><\/a><\/figure>\n\n\n\n<figure class=\"wp-block-image size-large\"><a href=\"https:\/\/bpprzasnysz.pl\/wp-content\/uploads\/sites\/56\/2024\/09\/niepelnosp6.jpg\"><img loading=\"lazy\" decoding=\"async\" width=\"1024\" height=\"768\" data-id=\"32599\" src=\"https:\/\/bpprzasnysz.pl\/wp-content\/uploads\/sites\/56\/2024\/09\/niepelnosp6-1024x768.jpg\" alt=\"Spotkania z osobami z niepe\u0142nosprawno\u015bci\u0105\" class=\"wp-image-32599\" srcset=\"https:\/\/bpprzasnysz.pl\/wp-content\/uploads\/sites\/56\/2024\/09\/niepelnosp6-1024x768.jpg 1024w, https:\/\/bpprzasnysz.pl\/wp-content\/uploads\/sites\/56\/2024\/09\/niepelnosp6-300x225.jpg 300w, https:\/\/bpprzasnysz.pl\/wp-content\/uploads\/sites\/56\/2024\/09\/niepelnosp6-768x576.jpg 768w, https:\/\/bpprzasnysz.pl\/wp-content\/uploads\/sites\/56\/2024\/09\/niepelnosp6-1536x1152.jpg 1536w, https:\/\/bpprzasnysz.pl\/wp-content\/uploads\/sites\/56\/2024\/09\/niepelnosp6-1320x990.jpg 1320w, https:\/\/bpprzasnysz.pl\/wp-content\/uploads\/sites\/56\/2024\/09\/niepelnosp6-24x18.jpg 24w, https:\/\/bpprzasnysz.pl\/wp-content\/uploads\/sites\/56\/2024\/09\/niepelnosp6-36x27.jpg 36w, https:\/\/bpprzasnysz.pl\/wp-content\/uploads\/sites\/56\/2024\/09\/niepelnosp6-48x36.jpg 48w, https:\/\/bpprzasnysz.pl\/wp-content\/uploads\/sites\/56\/2024\/09\/niepelnosp6.jpg 1632w\" sizes=\"auto, (max-width: 1024px) 100vw, 1024px\" \/><\/a><\/figure>\n\n\n\n<figure class=\"wp-block-image size-large\"><a href=\"https:\/\/bpprzasnysz.pl\/wp-content\/uploads\/sites\/56\/2024\/09\/niepelnospr8.jpg\"><img loading=\"lazy\" decoding=\"async\" width=\"771\" height=\"1024\" data-id=\"32581\" src=\"https:\/\/bpprzasnysz.pl\/wp-content\/uploads\/sites\/56\/2024\/09\/niepelnospr8-771x1024.jpg\" alt=\"Spotkania z osobami z niepe\u0142nosprawno\u015bci\u0105\" class=\"wp-image-32581\" srcset=\"https:\/\/bpprzasnysz.pl\/wp-content\/uploads\/sites\/56\/2024\/09\/niepelnospr8-771x1024.jpg 771w, https:\/\/bpprzasnysz.pl\/wp-content\/uploads\/sites\/56\/2024\/09\/niepelnospr8-226x300.jpg 226w, https:\/\/bpprzasnysz.pl\/wp-content\/uploads\/sites\/56\/2024\/09\/niepelnospr8-768x1020.jpg 768w, https:\/\/bpprzasnysz.pl\/wp-content\/uploads\/sites\/56\/2024\/09\/niepelnospr8-1157x1536.jpg 1157w, https:\/\/bpprzasnysz.pl\/wp-content\/uploads\/sites\/56\/2024\/09\/niepelnospr8-1320x1753.jpg 1320w, https:\/\/bpprzasnysz.pl\/wp-content\/uploads\/sites\/56\/2024\/09\/niepelnospr8-18x24.jpg 18w, https:\/\/bpprzasnysz.pl\/wp-content\/uploads\/sites\/56\/2024\/09\/niepelnospr8-27x36.jpg 27w, https:\/\/bpprzasnysz.pl\/wp-content\/uploads\/sites\/56\/2024\/09\/niepelnospr8-36x48.jpg 36w, https:\/\/bpprzasnysz.pl\/wp-content\/uploads\/sites\/56\/2024\/09\/niepelnospr8.jpg 1536w\" sizes=\"auto, (max-width: 771px) 100vw, 771px\" \/><\/a><\/figure>\n\n\n\n<figure class=\"wp-block-image size-large\"><a href=\"https:\/\/bpprzasnysz.pl\/wp-content\/uploads\/sites\/56\/2024\/09\/niepln7.jpg\"><img loading=\"lazy\" decoding=\"async\" width=\"1024\" height=\"461\" data-id=\"32596\" src=\"https:\/\/bpprzasnysz.pl\/wp-content\/uploads\/sites\/56\/2024\/09\/niepln7-1024x461.jpg\" alt=\"Spotkania z osobami z niepe\u0142nosprawno\u015bci\u0105\" class=\"wp-image-32596\" srcset=\"https:\/\/bpprzasnysz.pl\/wp-content\/uploads\/sites\/56\/2024\/09\/niepln7-1024x461.jpg 1024w, https:\/\/bpprzasnysz.pl\/wp-content\/uploads\/sites\/56\/2024\/09\/niepln7-300x135.jpg 300w, https:\/\/bpprzasnysz.pl\/wp-content\/uploads\/sites\/56\/2024\/09\/niepln7-768x345.jpg 768w, https:\/\/bpprzasnysz.pl\/wp-content\/uploads\/sites\/56\/2024\/09\/niepln7-1536x691.jpg 1536w, https:\/\/bpprzasnysz.pl\/wp-content\/uploads\/sites\/56\/2024\/09\/niepln7-1320x594.jpg 1320w, https:\/\/bpprzasnysz.pl\/wp-content\/uploads\/sites\/56\/2024\/09\/niepln7-24x11.jpg 24w, https:\/\/bpprzasnysz.pl\/wp-content\/uploads\/sites\/56\/2024\/09\/niepln7-36x16.jpg 36w, https:\/\/bpprzasnysz.pl\/wp-content\/uploads\/sites\/56\/2024\/09\/niepln7-48x22.jpg 48w, https:\/\/bpprzasnysz.pl\/wp-content\/uploads\/sites\/56\/2024\/09\/niepln7.jpg 2048w\" sizes=\"auto, (max-width: 1024px) 100vw, 1024px\" \/><\/a><\/figure>\n<\/figure>\n","protected":false},"excerpt":{"rendered":"<p>Cyklicznie, co \u015brod\u0119 odbywaj\u0105 si\u0119 w naszej bibliotece zaj\u0119cia edukacyjne  z osobami z niepe\u0142nosprawno\u015bciami.<\/p>\n","protected":false},"author":1303,"featured_media":32671,"comment_status":"closed","ping_status":"closed","sticky":false,"template":"","format":"standard","meta":{"_acf_changed":false,"_oasis_is_in_workflow":0,"_oasis_original":0,"inline_featured_image":false,"site-sidebar-layout":"default","site-content-layout":"","ast-site-content-layout":"default","site-content-style":"default","site-sidebar-style":"default","ast-global-header-display":"","ast-banner-title-visibility":"","ast-main-header-display":"","ast-hfb-above-header-display":"","ast-hfb-below-header-display":"","ast-hfb-mobile-header-display":"","site-post-title":"","ast-breadcrumbs-content":"","ast-featured-img":"","footer-sml-layout":"","ast-disable-related-posts":"","theme-transparent-header-meta":"","adv-header-id-meta":"","stick-header-meta":"","header-above-stick-meta":"","header-main-stick-meta":"","header-below-stick-meta":"","astra-migrate-meta-layouts":"set","ast-page-background-enabled":"default","ast-page-background-meta":{"desktop":{"background-color":"","background-image":"","background-repeat":"repeat","background-position":"center center","background-size":"auto","background-attachment":"scroll","background-type":"","background-media":"","overlay-type":"","overlay-color":"","overlay-opacity":"","overlay-gradient":""},"tablet":{"background-color":"","background-image":"","background-repeat":"repeat","background-position":"center center","background-size":"auto","background-attachment":"scroll","background-type":"","background-media":"","overlay-type":"","overlay-color":"","overlay-opacity":"","overlay-gradient":""},"mobile":{"background-color":"","background-image":"","background-repeat":"repeat","background-position":"center center","background-size":"auto","background-attachment":"scroll","background-type":"","background-media":"","overlay-type":"","overlay-color":"","overlay-opacity":"","overlay-gradient":""}},"ast-content-background-meta":{"desktop":{"background-color":"var(--ast-global-color-5)","background-image":"","background-repeat":"repeat","background-position":"center center","background-size":"auto","background-attachment":"scroll","background-type":"","background-media":"","overlay-type":"","overlay-color":"","overlay-opacity":"","overlay-gradient":""},"tablet":{"background-color":"var(--ast-global-color-5)","background-image":"","background-repeat":"repeat","background-position":"center center","background-size":"auto","background-attachment":"scroll","background-type":"","background-media":"","overlay-type":"","overlay-color":"","overlay-opacity":"","overlay-gradient":""},"mobile":{"background-color":"var(--ast-global-color-5)","background-image":"","background-repeat":"repeat","background-position":"center center","background-size":"auto","background-attachment":"scroll","background-type":"","background-media":"","overlay-type":"","overlay-color":"","overlay-opacity":"","overlay-gradient":""}},"_themeisle_gutenberg_block_has_review":false,"footnotes":""},"categories":[163],"tags":[],"class_list":["post-32578","post","type-post","status-publish","format-standard","has-post-thumbnail","hentry","category-163"],"acf":[],"featured_image_urls_v2":{"full":["https:\/\/bpprzasnysz.pl\/wp-content\/uploads\/sites\/56\/2024\/09\/niepeln2-1.jpg",1536,2040,false],"thumbnail":["https:\/\/bpprzasnysz.pl\/wp-content\/uploads\/sites\/56\/2024\/09\/niepeln2-1-150x150.jpg",150,150,true],"medium":["https:\/\/bpprzasnysz.pl\/wp-content\/uploads\/sites\/56\/2024\/09\/niepeln2-1-226x300.jpg",226,300,true],"medium_large":["https:\/\/bpprzasnysz.pl\/wp-content\/uploads\/sites\/56\/2024\/09\/niepeln2-1-768x1020.jpg",768,1020,true],"large":["https:\/\/bpprzasnysz.pl\/wp-content\/uploads\/sites\/56\/2024\/09\/niepeln2-1-771x1024.jpg",771,1024,true],"1536x1536":["https:\/\/bpprzasnysz.pl\/wp-content\/uploads\/sites\/56\/2024\/09\/niepeln2-1-1157x1536.jpg",1157,1536,true],"2048x2048":["https:\/\/bpprzasnysz.pl\/wp-content\/uploads\/sites\/56\/2024\/09\/niepeln2-1.jpg",1536,2040,false],"menu-24x24":["https:\/\/bpprzasnysz.pl\/wp-content\/uploads\/sites\/56\/2024\/09\/niepeln2-1-18x24.jpg",18,24,true],"menu-36x36":["https:\/\/bpprzasnysz.pl\/wp-content\/uploads\/sites\/56\/2024\/09\/niepeln2-1-27x36.jpg",27,36,true],"menu-48x48":["https:\/\/bpprzasnysz.pl\/wp-content\/uploads\/sites\/56\/2024\/09\/niepeln2-1-36x48.jpg",36,48,true]},"post_excerpt_stackable_v2":"<p>Cyklicznie, co \u015brod\u0119 odbywaj\u0105 si\u0119 w naszej bibliotece zaj\u0119cia edukacyjne  z osobami z niepe\u0142nosprawno\u015bciami.<\/p>\n","category_list_v2":"<a href=\"https:\/\/bpprzasnysz.pl\/uk\/category\/2024\/\" rel=\"category tag\">2024<\/a>","author_info_v2":{"name":"Aneta Dobrzy\u0144ska","url":"https:\/\/bpprzasnysz.pl\/uk\/author\/anetad\/"},"comments_num_v2":"0 \u043a\u043e\u043c\u0435\u043d\u0442\u0430\u0440\u0456\u0432","_links":{"self":[{"href":"https:\/\/bpprzasnysz.pl\/uk\/wp-json\/wp\/v2\/posts\/32578","targetHints":{"allow":["GET"]}}],"collection":[{"href":"https:\/\/bpprzasnysz.pl\/uk\/wp-json\/wp\/v2\/posts"}],"about":[{"href":"https:\/\/bpprzasnysz.pl\/uk\/wp-json\/wp\/v2\/types\/post"}],"author":[{"embeddable":true,"href":"https:\/\/bpprzasnysz.pl\/uk\/wp-json\/wp\/v2\/users\/1303"}],"replies":[{"embeddable":true,"href":"https:\/\/bpprzasnysz.pl\/uk\/wp-json\/wp\/v2\/comments?post=32578"}],"version-history":[{"count":2,"href":"https:\/\/bpprzasnysz.pl\/uk\/wp-json\/wp\/v2\/posts\/32578\/revisions"}],"predecessor-version":[{"id":32686,"href":"https:\/\/bpprzasnysz.pl\/uk\/wp-json\/wp\/v2\/posts\/32578\/revisions\/32686"}],"wp:featuredmedia":[{"embeddable":true,"href":"https:\/\/bpprzasnysz.pl\/uk\/wp-json\/wp\/v2\/media\/32671"}],"wp:attachment":[{"href":"https:\/\/bpprzasnysz.pl\/uk\/wp-json\/wp\/v2\/media?parent=32578"}],"wp:term":[{"taxonomy":"category","embeddable":true,"href":"https:\/\/bpprzasnysz.pl\/uk\/wp-json\/wp\/v2\/categories?post=32578"},{"taxonomy":"post_tag","embeddable":true,"href":"https:\/\/bpprzasnysz.pl\/uk\/wp-json\/wp\/v2\/tags?post=32578"}],"curies":[{"name":"wp","href":"https:\/\/api.w.org\/{rel}","templated":true}]}}