{"id":3320,"date":"2020-09-18T11:02:17","date_gmt":"2020-09-18T09:02:17","guid":{"rendered":"http:\/\/www.bpprzasnysz.pl\/?p=3320"},"modified":"2022-08-31T11:19:59","modified_gmt":"2022-08-31T09:19:59","slug":"zapraszamy-do-biblioteki","status":"publish","type":"post","link":"https:\/\/bpprzasnysz.pl\/uk\/zapraszamy-do-biblioteki\/","title":{"rendered":"Zapraszamy do Biblioteki"},"content":{"rendered":"\n<p>Od 21. wrze\u015bnia zapraszamy do Biblioteki na nowych zasadach!<\/p>\n\n\n\n<figure class=\"wp-block-image size-full\"><img loading=\"lazy\" decoding=\"async\" width=\"724\" height=\"1024\" src=\"https:\/\/bpprzasnysz.pl\/wp-content\/uploads\/sites\/56\/2020\/09\/plakat_nowy-724x1024-1.png\" alt=\"\" class=\"wp-image-23756\" srcset=\"https:\/\/bpprzasnysz.pl\/wp-content\/uploads\/sites\/56\/2020\/09\/plakat_nowy-724x1024-1.png 724w, https:\/\/bpprzasnysz.pl\/wp-content\/uploads\/sites\/56\/2020\/09\/plakat_nowy-724x1024-1-212x300.png 212w, https:\/\/bpprzasnysz.pl\/wp-content\/uploads\/sites\/56\/2020\/09\/plakat_nowy-724x1024-1-17x24.png 17w, https:\/\/bpprzasnysz.pl\/wp-content\/uploads\/sites\/56\/2020\/09\/plakat_nowy-724x1024-1-25x36.png 25w, https:\/\/bpprzasnysz.pl\/wp-content\/uploads\/sites\/56\/2020\/09\/plakat_nowy-724x1024-1-34x48.png 34w\" sizes=\"auto, (max-width: 724px) 100vw, 724px\" \/><\/figure>\n\n\n\n<p><strong>Dla bezpiecze\u0144stwa nas wszystkich \u2013 czytelnik\u00f3w oraz pracownik\u00f3w biblioteki \u2013 wprowadzamy nast\u0119puj\u0105ce zasady korzystania:<\/strong><\/p>\n\n\n\n<ul class=\"wp-block-list\"><li>Czytelnicy i bibliotekarze musz\u0105 przebywa\u0107 w bibliotece w maseczkach\/przy\u0142bicach.<\/li><li>Przed wej\u015bciem do Biblioteki nale\u017cy zdezynfekowa\u0107 r\u0119ce p\u0142ynem dezynfekuj\u0105cym.<\/li><li>W Wypo\u017cyczalni mo\u017ce przebywa\u0107 2 u\u017cytkownik\u00f3w, pozostali czekaj\u0105 na zewn\u0105trz.<\/li><li>Udost\u0119pnione s\u0105 dwa stanowiska komputerowe.<\/li><li>W Czytelni mo\u017ce przebywa\u0107 2 u\u017cytkownik\u00f3w.<\/li><li>W strefie wolnego dost\u0119pu do zbior\u00f3w wprowadzony jest obowi\u0105zek za\u0142o\u017cenia r\u0119kawiczek ochronnych.<\/li><li>Obowi\u0105zuje zachowanie bezpiecznej odleg\u0142o\u015bci (2 metry) od innych os\u00f3b.<\/li><\/ul>\n\n\n\n<p><strong>Wypo\u017cyczenia i zwroty<\/strong><\/p>\n\n\n\n<ul class=\"wp-block-list\"><li>Preferujemy wypo\u017cyczanie ksi\u0105\u017cek po wcze\u015bniejszym ich zam\u00f3wieniu przez katalog elektroniczny, email \u2013&nbsp;<a href=\"mailto:przasnysz@bp.ostroleka.pl\">przasnysz@bp.ostroleka.pl<\/a>&nbsp;lub telefonicznie &nbsp;29 752 24 17 tak, aby czas przebywania w bibliotece by\u0142 mo\u017cliwie najkr\u00f3tszy.<\/li><li>Ksi\u0105\u017cki z Czytelni mo\u017cna r\u00f3wnie\u017c wypo\u017cycza\u0107 na zewn\u0105trz po wcze\u015bniejszym ich zam\u00f3wieniu poczt\u0105 email \u2013 email \u2013&nbsp;<a href=\"mailto:przasnysz@bp.ostroleka.pl\">przasnysz@bp.ostroleka.pl<\/a>&nbsp;lub telefonicznie&nbsp; 29 752 24 17<\/li><li>Ka\u017cda zwracana przez Pa\u0144stwa ksi\u0105\u017cka obowi\u0105zkowo b\u0119dzie przechodzi\u0107 3 dniow\u0105 kwarantann\u0119.<\/li><li>Przypominamy i zach\u0119camy do korzystania z oferty ksi\u0105\u017cek elektronicznych na platformie IBUK Libra. Kody, w dalszym ci\u0105gu b\u0119dzie mo\u017cna otrzyma\u0107 drog\u0105 mailow\u0105, telefonicznie lub odebra\u0107 w Wypo\u017cyczalni.<\/li><\/ul>\n\n\n\n<p><strong>Us\u0142ugi informacyjne<\/strong><\/p>\n\n\n\n<ul class=\"wp-block-list\"><li>Pomagamy w doborze literatury i wyszukiwaniu ksi\u0105\u017cek na dany temat.<\/li><li>Polecamy zak\u0142adanie konta czytelnika przez Internet, zak\u0142adka Katalog Integro \u2013 Zaloguj \u2013 Zarejestruj si\u0119.<\/li><li>Czytelnikom, kt\u00f3rzy nie posiadaj\u0105 has\u0142a do swojego konta umo\u017cliwimy jego wygenerowanie telefonicznie lub drog\u0105 mailow\u0105.<\/li><li>Skanujemy artyku\u0142y z czasopism i przesy\u0142amy czytelnikom drog\u0105 elektroniczn\u0105. Zam\u00f3wienie zawieraj\u0105ce numer karty bibliotecznej oraz dane bibliograficzne publikacji prosimy wys\u0142a\u0107 na adres email:&nbsp; email \u2013&nbsp;<a href=\"mailto:przasnysz@bp.ostroleka.pl\">przasnysz@bp.ostroleka.pl<\/a>&nbsp;lub telefonicznie &nbsp;&nbsp;29 752 24 17<\/li><\/ul>\n","protected":false},"excerpt":{"rendered":"<p>Od 21. wrze\u015bnia zapraszamy do Biblioteki na nowych zasadach!<\/p>\n","protected":false},"author":1303,"featured_media":3321,"comment_status":"closed","ping_status":"closed","sticky":false,"template":"","format":"standard","meta":{"_acf_changed":false,"_oasis_is_in_workflow":0,"_oasis_original":0,"inline_featured_image":false,"site-sidebar-layout":"default","site-content-layout":"","ast-site-content-layout":"default","site-content-style":"default","site-sidebar-style":"default","ast-global-header-display":"","ast-banner-title-visibility":"","ast-main-header-display":"","ast-hfb-above-header-display":"","ast-hfb-below-header-display":"","ast-hfb-mobile-header-display":"","site-post-title":"","ast-breadcrumbs-content":"","ast-featured-img":"","footer-sml-layout":"","ast-disable-related-posts":"","theme-transparent-header-meta":"","adv-header-id-meta":"","stick-header-meta":"","header-above-stick-meta":"","header-main-stick-meta":"","header-below-stick-meta":"","astra-migrate-meta-layouts":"default","ast-page-background-enabled":"default","ast-page-background-meta":{"desktop":{"background-color":"","background-image":"","background-repeat":"repeat","background-position":"center center","background-size":"auto","background-attachment":"scroll","background-type":"","background-media":"","overlay-type":"","overlay-color":"","overlay-opacity":"","overlay-gradient":""},"tablet":{"background-color":"","background-image":"","background-repeat":"repeat","background-position":"center center","background-size":"auto","background-attachment":"scroll","background-type":"","background-media":"","overlay-type":"","overlay-color":"","overlay-opacity":"","overlay-gradient":""},"mobile":{"background-color":"","background-image":"","background-repeat":"repeat","background-position":"center center","background-size":"auto","background-attachment":"scroll","background-type":"","background-media":"","overlay-type":"","overlay-color":"","overlay-opacity":"","overlay-gradient":""}},"ast-content-background-meta":{"desktop":{"background-color":"var(--ast-global-color-5)","background-image":"","background-repeat":"repeat","background-position":"center center","background-size":"auto","background-attachment":"scroll","background-type":"","background-media":"","overlay-type":"","overlay-color":"","overlay-opacity":"","overlay-gradient":""},"tablet":{"background-color":"var(--ast-global-color-5)","background-image":"","background-repeat":"repeat","background-position":"center center","background-size":"auto","background-attachment":"scroll","background-type":"","background-media":"","overlay-type":"","overlay-color":"","overlay-opacity":"","overlay-gradient":""},"mobile":{"background-color":"var(--ast-global-color-5)","background-image":"","background-repeat":"repeat","background-position":"center center","background-size":"auto","background-attachment":"scroll","background-type":"","background-media":"","overlay-type":"","overlay-color":"","overlay-opacity":"","overlay-gradient":""}},"_themeisle_gutenberg_block_has_review":false,"footnotes":""},"categories":[43],"tags":[],"class_list":["post-3320","post","type-post","status-publish","format-standard","has-post-thumbnail","hentry","category-43"],"acf":[],"featured_image_urls_v2":{"full":["https:\/\/bpprzasnysz.pl\/wp-content\/uploads\/sites\/56\/2020\/09\/plakat_nowy.png",1587,2245,false],"thumbnail":["https:\/\/bpprzasnysz.pl\/wp-content\/uploads\/sites\/56\/2020\/09\/plakat_nowy-150x150.png",150,150,true],"medium":["https:\/\/bpprzasnysz.pl\/wp-content\/uploads\/sites\/56\/2020\/09\/plakat_nowy-212x300.png",212,300,true],"medium_large":["https:\/\/bpprzasnysz.pl\/wp-content\/uploads\/sites\/56\/2020\/09\/plakat_nowy-768x1086.png",768,1086,true],"large":["https:\/\/bpprzasnysz.pl\/wp-content\/uploads\/sites\/56\/2020\/09\/plakat_nowy-724x1024.png",724,1024,true],"1536x1536":["https:\/\/bpprzasnysz.pl\/wp-content\/uploads\/sites\/56\/2020\/09\/plakat_nowy-1086x1536.png",1086,1536,true],"2048x2048":["https:\/\/bpprzasnysz.pl\/wp-content\/uploads\/sites\/56\/2020\/09\/plakat_nowy-1448x2048.png",1448,2048,true],"menu-24x24":["https:\/\/bpprzasnysz.pl\/wp-content\/uploads\/sites\/56\/2020\/09\/plakat_nowy-17x24.png",17,24,true],"menu-36x36":["https:\/\/bpprzasnysz.pl\/wp-content\/uploads\/sites\/56\/2020\/09\/plakat_nowy-25x36.png",25,36,true],"menu-48x48":["https:\/\/bpprzasnysz.pl\/wp-content\/uploads\/sites\/56\/2020\/09\/plakat_nowy-34x48.png",34,48,true]},"post_excerpt_stackable_v2":"<p>Od 21. wrze\u015bnia zapraszamy do Biblioteki na nowych zasadach!<\/p>\n","category_list_v2":"<a href=\"https:\/\/bpprzasnysz.pl\/ru\/category\/2020\/\" rel=\"category tag\">2020<\/a>","author_info_v2":{"name":"Aneta Dobrzy\u0144ska","url":"https:\/\/bpprzasnysz.pl\/uk\/author\/anetad\/"},"comments_num_v2":"0 \u043a\u043e\u043c\u0435\u043d\u0442\u0430\u0440\u0456\u0432","_links":{"self":[{"href":"https:\/\/bpprzasnysz.pl\/uk\/wp-json\/wp\/v2\/posts\/3320","targetHints":{"allow":["GET"]}}],"collection":[{"href":"https:\/\/bpprzasnysz.pl\/uk\/wp-json\/wp\/v2\/posts"}],"about":[{"href":"https:\/\/bpprzasnysz.pl\/uk\/wp-json\/wp\/v2\/types\/post"}],"author":[{"embeddable":true,"href":"https:\/\/bpprzasnysz.pl\/uk\/wp-json\/wp\/v2\/users\/1303"}],"replies":[{"embeddable":true,"href":"https:\/\/bpprzasnysz.pl\/uk\/wp-json\/wp\/v2\/comments?post=3320"}],"version-history":[{"count":0,"href":"https:\/\/bpprzasnysz.pl\/uk\/wp-json\/wp\/v2\/posts\/3320\/revisions"}],"wp:featuredmedia":[{"embeddable":true,"href":"https:\/\/bpprzasnysz.pl\/uk\/wp-json\/wp\/v2\/media\/3321"}],"wp:attachment":[{"href":"https:\/\/bpprzasnysz.pl\/uk\/wp-json\/wp\/v2\/media?parent=3320"}],"wp:term":[{"taxonomy":"category","embeddable":true,"href":"https:\/\/bpprzasnysz.pl\/uk\/wp-json\/wp\/v2\/categories?post=3320"},{"taxonomy":"post_tag","embeddable":true,"href":"https:\/\/bpprzasnysz.pl\/uk\/wp-json\/wp\/v2\/tags?post=3320"}],"curies":[{"name":"wp","href":"https:\/\/api.w.org\/{rel}","templated":true}]}}