{"id":3324,"date":"2020-09-21T12:50:34","date_gmt":"2020-09-21T10:50:34","guid":{"rendered":"http:\/\/www.bpprzasnysz.pl\/?p=3324"},"modified":"2022-08-31T11:22:04","modified_gmt":"2022-08-31T09:22:04","slug":"wizyta-marszalka-wojewodztwa-mazowieckiego-w-bibliotece-pedagogicznej","status":"publish","type":"post","link":"https:\/\/bpprzasnysz.pl\/uk\/wizyta-marszalka-wojewodztwa-mazowieckiego-w-bibliotece-pedagogicznej\/","title":{"rendered":"Wizyta Marsza\u0142ka Wojew\u00f3dztwa Mazowieckiego w Bibliotece Pedagogicznej"},"content":{"rendered":"\n<p>Wizyta Marsza\u0142ka Wojew\u00f3dztwa Mazowieckiego w Bibliotece Pedagogicznej<\/p>\n\n\n\n<figure class=\"wp-block-image size-full\"><img loading=\"lazy\" decoding=\"async\" width=\"1024\" height=\"461\" src=\"https:\/\/bpprzasnysz.pl\/wp-content\/uploads\/sites\/56\/2022\/08\/struzik-1024x461-1.jpg\" alt=\"\" class=\"wp-image-23759\" srcset=\"https:\/\/bpprzasnysz.pl\/wp-content\/uploads\/sites\/56\/2022\/08\/struzik-1024x461-1.jpg 1024w, https:\/\/bpprzasnysz.pl\/wp-content\/uploads\/sites\/56\/2022\/08\/struzik-1024x461-1-300x135.jpg 300w, https:\/\/bpprzasnysz.pl\/wp-content\/uploads\/sites\/56\/2022\/08\/struzik-1024x461-1-768x346.jpg 768w, https:\/\/bpprzasnysz.pl\/wp-content\/uploads\/sites\/56\/2022\/08\/struzik-1024x461-1-24x11.jpg 24w, https:\/\/bpprzasnysz.pl\/wp-content\/uploads\/sites\/56\/2022\/08\/struzik-1024x461-1-36x16.jpg 36w, https:\/\/bpprzasnysz.pl\/wp-content\/uploads\/sites\/56\/2022\/08\/struzik-1024x461-1-48x22.jpg 48w\" sizes=\"auto, (max-width: 1024px) 100vw, 1024px\" \/><\/figure>\n\n\n\n<p>19 wrze\u015bnia 2020 odby\u0142a si\u0119 inauguracja nowego roku szkolnego 2020\/2021 w Medycznej Szkole Policealnej w Przasnyszu w kt\u00f3rej wzi\u0105\u0142 udzia\u0142 Marsza\u0142ek Wojew\u00f3dztwa Mazowieckiego Adam Struzik. Dyrektor szko\u0142y Zenon Szczepankowski wraz z Marsza\u0142kiem Adamem Struzikiem odwiedzili Bibliotek\u0119 Pedagogiczn\u0105, kt\u00f3ra na mocy porozumienia udost\u0119pnia s\u0142uchaczom Medycznej Szko\u0142y Policealnej ksi\u0119gozbi\u00f3r niezb\u0119dny do nauki oraz prowadzi edukacj\u0119 czytelniczo-medialn\u0105.<\/p>\n","protected":false},"excerpt":{"rendered":"<p>Wizyta Marsza\u0142ka Wojew\u00f3dztwa Mazowieckiego w Bibliotece Pedagogicznej 19 wrze\u015bnia 2020 odby\u0142a si\u0119 inauguracja nowego roku szkolnego 2020\/2021 w Medycznej Szkole [&hellip;]<\/p>\n","protected":false},"author":1303,"featured_media":3325,"comment_status":"closed","ping_status":"closed","sticky":false,"template":"","format":"standard","meta":{"_acf_changed":false,"_oasis_is_in_workflow":0,"_oasis_original":0,"inline_featured_image":false,"site-sidebar-layout":"default","site-content-layout":"","ast-site-content-layout":"default","site-content-style":"default","site-sidebar-style":"default","ast-global-header-display":"","ast-banner-title-visibility":"","ast-main-header-display":"","ast-hfb-above-header-display":"","ast-hfb-below-header-display":"","ast-hfb-mobile-header-display":"","site-post-title":"","ast-breadcrumbs-content":"","ast-featured-img":"","footer-sml-layout":"","ast-disable-related-posts":"","theme-transparent-header-meta":"","adv-header-id-meta":"","stick-header-meta":"","header-above-stick-meta":"","header-main-stick-meta":"","header-below-stick-meta":"","astra-migrate-meta-layouts":"default","ast-page-background-enabled":"default","ast-page-background-meta":{"desktop":{"background-color":"","background-image":"","background-repeat":"repeat","background-position":"center center","background-size":"auto","background-attachment":"scroll","background-type":"","background-media":"","overlay-type":"","overlay-color":"","overlay-opacity":"","overlay-gradient":""},"tablet":{"background-color":"","background-image":"","background-repeat":"repeat","background-position":"center center","background-size":"auto","background-attachment":"scroll","background-type":"","background-media":"","overlay-type":"","overlay-color":"","overlay-opacity":"","overlay-gradient":""},"mobile":{"background-color":"","background-image":"","background-repeat":"repeat","background-position":"center center","background-size":"auto","background-attachment":"scroll","background-type":"","background-media":"","overlay-type":"","overlay-color":"","overlay-opacity":"","overlay-gradient":""}},"ast-content-background-meta":{"desktop":{"background-color":"var(--ast-global-color-5)","background-image":"","background-repeat":"repeat","background-position":"center center","background-size":"auto","background-attachment":"scroll","background-type":"","background-media":"","overlay-type":"","overlay-color":"","overlay-opacity":"","overlay-gradient":""},"tablet":{"background-color":"var(--ast-global-color-5)","background-image":"","background-repeat":"repeat","background-position":"center center","background-size":"auto","background-attachment":"scroll","background-type":"","background-media":"","overlay-type":"","overlay-color":"","overlay-opacity":"","overlay-gradient":""},"mobile":{"background-color":"var(--ast-global-color-5)","background-image":"","background-repeat":"repeat","background-position":"center center","background-size":"auto","background-attachment":"scroll","background-type":"","background-media":"","overlay-type":"","overlay-color":"","overlay-opacity":"","overlay-gradient":""}},"_themeisle_gutenberg_block_has_review":false,"footnotes":""},"categories":[43],"tags":[],"class_list":["post-3324","post","type-post","status-publish","format-standard","has-post-thumbnail","hentry","category-43"],"acf":[],"featured_image_urls_v2":{"full":["https:\/\/bpprzasnysz.pl\/wp-content\/uploads\/sites\/56\/2020\/09\/struzik.jpg",1422,640,false],"thumbnail":["https:\/\/bpprzasnysz.pl\/wp-content\/uploads\/sites\/56\/2020\/09\/struzik-150x150.jpg",150,150,true],"medium":["https:\/\/bpprzasnysz.pl\/wp-content\/uploads\/sites\/56\/2020\/09\/struzik-300x135.jpg",300,135,true],"medium_large":["https:\/\/bpprzasnysz.pl\/wp-content\/uploads\/sites\/56\/2020\/09\/struzik-768x346.jpg",768,346,true],"large":["https:\/\/bpprzasnysz.pl\/wp-content\/uploads\/sites\/56\/2020\/09\/struzik-1024x461.jpg",1024,461,true],"1536x1536":["https:\/\/bpprzasnysz.pl\/wp-content\/uploads\/sites\/56\/2020\/09\/struzik.jpg",1422,640,false],"2048x2048":["https:\/\/bpprzasnysz.pl\/wp-content\/uploads\/sites\/56\/2020\/09\/struzik.jpg",1422,640,false],"menu-24x24":["https:\/\/bpprzasnysz.pl\/wp-content\/uploads\/sites\/56\/2020\/09\/struzik-24x11.jpg",24,11,true],"menu-36x36":["https:\/\/bpprzasnysz.pl\/wp-content\/uploads\/sites\/56\/2020\/09\/struzik-36x16.jpg",36,16,true],"menu-48x48":["https:\/\/bpprzasnysz.pl\/wp-content\/uploads\/sites\/56\/2020\/09\/struzik-48x22.jpg",48,22,true]},"post_excerpt_stackable_v2":"<p>Wizyta Marsza\u0142ka Wojew\u00f3dztwa Mazowieckiego w Bibliotece Pedagogicznej 19 wrze\u015bnia 2020 odby\u0142a si\u0119 inauguracja nowego roku szkolnego 2020\/2021 w Medycznej Szkole Policealnej w Przasnyszu w kt\u00f3rej wzi\u0105\u0142 udzia\u0142 Marsza\u0142ek Wojew\u00f3dztwa Mazowieckiego Adam Struzik. Dyrektor szko\u0142y Zenon Szczepankowski wraz z Marsza\u0142kiem Adamem Struzikiem odwiedzili Bibliotek\u0119 Pedagogiczn\u0105, kt\u00f3ra na mocy porozumienia udost\u0119pnia s\u0142uchaczom Medycznej Szko\u0142y Policealnej ksi\u0119gozbi\u00f3r niezb\u0119dny do nauki oraz prowadzi edukacj\u0119 czytelniczo-medialn\u0105.<\/p>\n","category_list_v2":"<a href=\"https:\/\/bpprzasnysz.pl\/ru\/category\/2020\/\" rel=\"category tag\">2020<\/a>","author_info_v2":{"name":"Aneta Dobrzy\u0144ska","url":"https:\/\/bpprzasnysz.pl\/uk\/author\/anetad\/"},"comments_num_v2":"0 \u043a\u043e\u043c\u0435\u043d\u0442\u0430\u0440\u0456\u0432","_links":{"self":[{"href":"https:\/\/bpprzasnysz.pl\/uk\/wp-json\/wp\/v2\/posts\/3324","targetHints":{"allow":["GET"]}}],"collection":[{"href":"https:\/\/bpprzasnysz.pl\/uk\/wp-json\/wp\/v2\/posts"}],"about":[{"href":"https:\/\/bpprzasnysz.pl\/uk\/wp-json\/wp\/v2\/types\/post"}],"author":[{"embeddable":true,"href":"https:\/\/bpprzasnysz.pl\/uk\/wp-json\/wp\/v2\/users\/1303"}],"replies":[{"embeddable":true,"href":"https:\/\/bpprzasnysz.pl\/uk\/wp-json\/wp\/v2\/comments?post=3324"}],"version-history":[{"count":0,"href":"https:\/\/bpprzasnysz.pl\/uk\/wp-json\/wp\/v2\/posts\/3324\/revisions"}],"wp:featuredmedia":[{"embeddable":true,"href":"https:\/\/bpprzasnysz.pl\/uk\/wp-json\/wp\/v2\/media\/3325"}],"wp:attachment":[{"href":"https:\/\/bpprzasnysz.pl\/uk\/wp-json\/wp\/v2\/media?parent=3324"}],"wp:term":[{"taxonomy":"category","embeddable":true,"href":"https:\/\/bpprzasnysz.pl\/uk\/wp-json\/wp\/v2\/categories?post=3324"},{"taxonomy":"post_tag","embeddable":true,"href":"https:\/\/bpprzasnysz.pl\/uk\/wp-json\/wp\/v2\/tags?post=3324"}],"curies":[{"name":"wp","href":"https:\/\/api.w.org\/{rel}","templated":true}]}}