{"id":3414,"date":"2020-11-26T11:33:13","date_gmt":"2020-11-26T10:33:13","guid":{"rendered":"http:\/\/www.bpprzasnysz.pl\/?p=3414"},"modified":"2022-08-31T11:51:51","modified_gmt":"2022-08-31T09:51:51","slug":"biblioteka-zaprasza","status":"publish","type":"post","link":"https:\/\/bpprzasnysz.pl\/uk\/biblioteka-zaprasza\/","title":{"rendered":"Biblioteka zaprasza"},"content":{"rendered":"\n<p>Przypominamy, \u017ce Biblioteka Pedagogiczna w Przasnyszu jest ca\u0142y czas CZYNNA. Pracujemy zgodnie z zasadami re\u017cimu sanitarnego. Zapraszamy od poniedzia\u0142ku do soboty, w godzinach 8.00 \u2013 17.00, a w czwartki i soboty 8.00-15.00. Na ka\u017cde pytanie i w\u0105tpliwo\u015b\u0107 odpowiemy telefonicznie: 29 752 24 17 lub e-mailowo: przasnysz@bp.ostroleka.pl.<\/p>\n\n\n\n<figure class=\"wp-block-image size-full\"><img loading=\"lazy\" decoding=\"async\" width=\"724\" height=\"1024\" src=\"https:\/\/bpprzasnysz.pl\/wp-content\/uploads\/sites\/56\/2022\/08\/Biblioteka-Pedagogiczna-w-Przasnyszu-724x1024-1.png\" alt=\"\" class=\"wp-image-23877\" srcset=\"https:\/\/bpprzasnysz.pl\/wp-content\/uploads\/sites\/56\/2022\/08\/Biblioteka-Pedagogiczna-w-Przasnyszu-724x1024-1.png 724w, https:\/\/bpprzasnysz.pl\/wp-content\/uploads\/sites\/56\/2022\/08\/Biblioteka-Pedagogiczna-w-Przasnyszu-724x1024-1-212x300.png 212w, https:\/\/bpprzasnysz.pl\/wp-content\/uploads\/sites\/56\/2022\/08\/Biblioteka-Pedagogiczna-w-Przasnyszu-724x1024-1-17x24.png 17w, https:\/\/bpprzasnysz.pl\/wp-content\/uploads\/sites\/56\/2022\/08\/Biblioteka-Pedagogiczna-w-Przasnyszu-724x1024-1-25x36.png 25w, https:\/\/bpprzasnysz.pl\/wp-content\/uploads\/sites\/56\/2022\/08\/Biblioteka-Pedagogiczna-w-Przasnyszu-724x1024-1-34x48.png 34w\" sizes=\"auto, (max-width: 724px) 100vw, 724px\" \/><\/figure>\n","protected":false},"excerpt":{"rendered":"<p>Przypominamy, \u017ce Biblioteka Pedagogiczna w Przasnyszu jest ca\u0142y czas CZYNNA. Pracujemy zgodnie z zasadami re\u017cimu sanitarnego. Zapraszamy od poniedzia\u0142ku do [&hellip;]<\/p>\n","protected":false},"author":1303,"featured_media":3477,"comment_status":"closed","ping_status":"closed","sticky":false,"template":"","format":"standard","meta":{"_acf_changed":false,"_oasis_is_in_workflow":0,"_oasis_original":0,"inline_featured_image":false,"site-sidebar-layout":"default","site-content-layout":"","ast-site-content-layout":"default","site-content-style":"default","site-sidebar-style":"default","ast-global-header-display":"","ast-banner-title-visibility":"","ast-main-header-display":"","ast-hfb-above-header-display":"","ast-hfb-below-header-display":"","ast-hfb-mobile-header-display":"","site-post-title":"","ast-breadcrumbs-content":"","ast-featured-img":"","footer-sml-layout":"","ast-disable-related-posts":"","theme-transparent-header-meta":"","adv-header-id-meta":"","stick-header-meta":"","header-above-stick-meta":"","header-main-stick-meta":"","header-below-stick-meta":"","astra-migrate-meta-layouts":"default","ast-page-background-enabled":"default","ast-page-background-meta":{"desktop":{"background-color":"","background-image":"","background-repeat":"repeat","background-position":"center center","background-size":"auto","background-attachment":"scroll","background-type":"","background-media":"","overlay-type":"","overlay-color":"","overlay-opacity":"","overlay-gradient":""},"tablet":{"background-color":"","background-image":"","background-repeat":"repeat","background-position":"center center","background-size":"auto","background-attachment":"scroll","background-type":"","background-media":"","overlay-type":"","overlay-color":"","overlay-opacity":"","overlay-gradient":""},"mobile":{"background-color":"","background-image":"","background-repeat":"repeat","background-position":"center center","background-size":"auto","background-attachment":"scroll","background-type":"","background-media":"","overlay-type":"","overlay-color":"","overlay-opacity":"","overlay-gradient":""}},"ast-content-background-meta":{"desktop":{"background-color":"var(--ast-global-color-5)","background-image":"","background-repeat":"repeat","background-position":"center center","background-size":"auto","background-attachment":"scroll","background-type":"","background-media":"","overlay-type":"","overlay-color":"","overlay-opacity":"","overlay-gradient":""},"tablet":{"background-color":"var(--ast-global-color-5)","background-image":"","background-repeat":"repeat","background-position":"center center","background-size":"auto","background-attachment":"scroll","background-type":"","background-media":"","overlay-type":"","overlay-color":"","overlay-opacity":"","overlay-gradient":""},"mobile":{"background-color":"var(--ast-global-color-5)","background-image":"","background-repeat":"repeat","background-position":"center center","background-size":"auto","background-attachment":"scroll","background-type":"","background-media":"","overlay-type":"","overlay-color":"","overlay-opacity":"","overlay-gradient":""}},"_themeisle_gutenberg_block_has_review":false,"footnotes":""},"categories":[43],"tags":[],"class_list":["post-3414","post","type-post","status-publish","format-standard","has-post-thumbnail","hentry","category-43"],"acf":[],"featured_image_urls_v2":{"full":["https:\/\/bpprzasnysz.pl\/wp-content\/uploads\/sites\/56\/2020\/11\/Biblioteka-Pedagogiczna-w-Przasnyszu.png",1587,2245,false],"thumbnail":["https:\/\/bpprzasnysz.pl\/wp-content\/uploads\/sites\/56\/2020\/11\/Biblioteka-Pedagogiczna-w-Przasnyszu-150x150.png",150,150,true],"medium":["https:\/\/bpprzasnysz.pl\/wp-content\/uploads\/sites\/56\/2020\/11\/Biblioteka-Pedagogiczna-w-Przasnyszu-212x300.png",212,300,true],"medium_large":["https:\/\/bpprzasnysz.pl\/wp-content\/uploads\/sites\/56\/2020\/11\/Biblioteka-Pedagogiczna-w-Przasnyszu-768x1086.png",768,1086,true],"large":["https:\/\/bpprzasnysz.pl\/wp-content\/uploads\/sites\/56\/2020\/11\/Biblioteka-Pedagogiczna-w-Przasnyszu-724x1024.png",724,1024,true],"1536x1536":["https:\/\/bpprzasnysz.pl\/wp-content\/uploads\/sites\/56\/2020\/11\/Biblioteka-Pedagogiczna-w-Przasnyszu-1086x1536.png",1086,1536,true],"2048x2048":["https:\/\/bpprzasnysz.pl\/wp-content\/uploads\/sites\/56\/2020\/11\/Biblioteka-Pedagogiczna-w-Przasnyszu-1448x2048.png",1448,2048,true],"menu-24x24":["https:\/\/bpprzasnysz.pl\/wp-content\/uploads\/sites\/56\/2020\/11\/Biblioteka-Pedagogiczna-w-Przasnyszu-17x24.png",17,24,true],"menu-36x36":["https:\/\/bpprzasnysz.pl\/wp-content\/uploads\/sites\/56\/2020\/11\/Biblioteka-Pedagogiczna-w-Przasnyszu-25x36.png",25,36,true],"menu-48x48":["https:\/\/bpprzasnysz.pl\/wp-content\/uploads\/sites\/56\/2020\/11\/Biblioteka-Pedagogiczna-w-Przasnyszu-34x48.png",34,48,true]},"post_excerpt_stackable_v2":"<p>Przypominamy, \u017ce Biblioteka Pedagogiczna w Przasnyszu jest ca\u0142y czas CZYNNA. Pracujemy zgodnie z zasadami re\u017cimu sanitarnego. Zapraszamy od poniedzia\u0142ku do soboty, w godzinach 8.00 \u2013 17.00, a w czwartki i soboty 8.00-15.00. Na ka\u017cde pytanie i w\u0105tpliwo\u015b\u0107 odpowiemy telefonicznie: 29 752 24 17 lub e-mailowo: przasnysz@bp.ostroleka.pl.<\/p>\n","category_list_v2":"<a href=\"https:\/\/bpprzasnysz.pl\/ru\/category\/2020\/\" rel=\"category tag\">2020<\/a>","author_info_v2":{"name":"Aneta Dobrzy\u0144ska","url":"https:\/\/bpprzasnysz.pl\/uk\/author\/anetad\/"},"comments_num_v2":"0 \u043a\u043e\u043c\u0435\u043d\u0442\u0430\u0440\u0456\u0432","_links":{"self":[{"href":"https:\/\/bpprzasnysz.pl\/uk\/wp-json\/wp\/v2\/posts\/3414","targetHints":{"allow":["GET"]}}],"collection":[{"href":"https:\/\/bpprzasnysz.pl\/uk\/wp-json\/wp\/v2\/posts"}],"about":[{"href":"https:\/\/bpprzasnysz.pl\/uk\/wp-json\/wp\/v2\/types\/post"}],"author":[{"embeddable":true,"href":"https:\/\/bpprzasnysz.pl\/uk\/wp-json\/wp\/v2\/users\/1303"}],"replies":[{"embeddable":true,"href":"https:\/\/bpprzasnysz.pl\/uk\/wp-json\/wp\/v2\/comments?post=3414"}],"version-history":[{"count":0,"href":"https:\/\/bpprzasnysz.pl\/uk\/wp-json\/wp\/v2\/posts\/3414\/revisions"}],"wp:featuredmedia":[{"embeddable":true,"href":"https:\/\/bpprzasnysz.pl\/uk\/wp-json\/wp\/v2\/media\/3477"}],"wp:attachment":[{"href":"https:\/\/bpprzasnysz.pl\/uk\/wp-json\/wp\/v2\/media?parent=3414"}],"wp:term":[{"taxonomy":"category","embeddable":true,"href":"https:\/\/bpprzasnysz.pl\/uk\/wp-json\/wp\/v2\/categories?post=3414"},{"taxonomy":"post_tag","embeddable":true,"href":"https:\/\/bpprzasnysz.pl\/uk\/wp-json\/wp\/v2\/tags?post=3414"}],"curies":[{"name":"wp","href":"https:\/\/api.w.org\/{rel}","templated":true}]}}