{"id":3495,"date":"2021-04-08T09:40:18","date_gmt":"2021-04-08T07:40:18","guid":{"rendered":"http:\/\/www.bpprzasnysz.pl\/?p=3495"},"modified":"2021-04-08T09:40:18","modified_gmt":"2021-04-08T07:40:18","slug":"zapraszamy-do-biblioteki-pedagogicznej","status":"publish","type":"post","link":"https:\/\/bpprzasnysz.pl\/uk\/zapraszamy-do-biblioteki-pedagogicznej\/","title":{"rendered":"Zapraszamy do Biblioteki Pedagogicznej"},"content":{"rendered":"<p style=\"text-align: center\">Biblioteka Pedagogiczna w Przasnyszu przy ul. Szpitalnej 10 &#8211; zaprasza od poniedzia\u0142ku do soboty w nast\u0119puj\u0105cych godzinach:<\/p>\n<p style=\"text-align: center\">poniedzia\u0142ek &#8211; 8.00-17.00<br \/>\nwtorek &#8211; 8.00-17.00<br \/>\n\u015broda &#8211; 8.00-17.00<br \/>\n<em>czwartek 8.00-15.00<\/em><br \/>\npi\u0105tek 8.00-17.00<br \/>\n<em>sobota 8.00-15.00<\/em><\/p>\n<p style=\"text-align: center\">W razie pyta\u0144 &#8211; prosimy o kontakt telefoniczny: <strong>29 752 24 17<\/strong> lub e-mailowy: <strong>przasnysz@bp.ostroleka.pl<\/strong><\/p>\n","protected":false},"excerpt":{"rendered":"<p>Biblioteka Pedagogiczna w Przasnyszu przy ul. Szpitalnej 10 &#8211; zaprasza od poniedzia\u0142ku do soboty w nast\u0119puj\u0105cych godzinach: poniedzia\u0142ek &#8211; 8.00-17.00 [&hellip;]<\/p>\n","protected":false},"author":1303,"featured_media":3496,"comment_status":"closed","ping_status":"closed","sticky":false,"template":"","format":"standard","meta":{"_acf_changed":false,"_oasis_is_in_workflow":0,"_oasis_original":0,"inline_featured_image":false,"site-sidebar-layout":"default","site-content-layout":"","ast-site-content-layout":"default","site-content-style":"default","site-sidebar-style":"default","ast-global-header-display":"","ast-banner-title-visibility":"","ast-main-header-display":"","ast-hfb-above-header-display":"","ast-hfb-below-header-display":"","ast-hfb-mobile-header-display":"","site-post-title":"","ast-breadcrumbs-content":"","ast-featured-img":"","footer-sml-layout":"","ast-disable-related-posts":"","theme-transparent-header-meta":"","adv-header-id-meta":"","stick-header-meta":"","header-above-stick-meta":"","header-main-stick-meta":"","header-below-stick-meta":"","astra-migrate-meta-layouts":"default","ast-page-background-enabled":"default","ast-page-background-meta":{"desktop":{"background-color":"","background-image":"","background-repeat":"repeat","background-position":"center center","background-size":"auto","background-attachment":"scroll","background-type":"","background-media":"","overlay-type":"","overlay-color":"","overlay-opacity":"","overlay-gradient":""},"tablet":{"background-color":"","background-image":"","background-repeat":"repeat","background-position":"center center","background-size":"auto","background-attachment":"scroll","background-type":"","background-media":"","overlay-type":"","overlay-color":"","overlay-opacity":"","overlay-gradient":""},"mobile":{"background-color":"","background-image":"","background-repeat":"repeat","background-position":"center center","background-size":"auto","background-attachment":"scroll","background-type":"","background-media":"","overlay-type":"","overlay-color":"","overlay-opacity":"","overlay-gradient":""}},"ast-content-background-meta":{"desktop":{"background-color":"var(--ast-global-color-5)","background-image":"","background-repeat":"repeat","background-position":"center center","background-size":"auto","background-attachment":"scroll","background-type":"","background-media":"","overlay-type":"","overlay-color":"","overlay-opacity":"","overlay-gradient":""},"tablet":{"background-color":"var(--ast-global-color-5)","background-image":"","background-repeat":"repeat","background-position":"center center","background-size":"auto","background-attachment":"scroll","background-type":"","background-media":"","overlay-type":"","overlay-color":"","overlay-opacity":"","overlay-gradient":""},"mobile":{"background-color":"var(--ast-global-color-5)","background-image":"","background-repeat":"repeat","background-position":"center center","background-size":"auto","background-attachment":"scroll","background-type":"","background-media":"","overlay-type":"","overlay-color":"","overlay-opacity":"","overlay-gradient":""}},"_themeisle_gutenberg_block_has_review":false,"footnotes":""},"categories":[48],"tags":[],"class_list":["post-3495","post","type-post","status-publish","format-standard","has-post-thumbnail","hentry","category-glowna"],"acf":[],"featured_image_urls_v2":{"full":["https:\/\/bpprzasnysz.pl\/wp-content\/uploads\/sites\/56\/2021\/04\/bp-na-strone.png",2245,1587,false],"thumbnail":["https:\/\/bpprzasnysz.pl\/wp-content\/uploads\/sites\/56\/2021\/04\/bp-na-strone-150x150.png",150,150,true],"medium":["https:\/\/bpprzasnysz.pl\/wp-content\/uploads\/sites\/56\/2021\/04\/bp-na-strone-300x212.png",300,212,true],"medium_large":["https:\/\/bpprzasnysz.pl\/wp-content\/uploads\/sites\/56\/2021\/04\/bp-na-strone-768x543.png",768,543,true],"large":["https:\/\/bpprzasnysz.pl\/wp-content\/uploads\/sites\/56\/2021\/04\/bp-na-strone-1024x724.png",1024,724,true],"1536x1536":["https:\/\/bpprzasnysz.pl\/wp-content\/uploads\/sites\/56\/2021\/04\/bp-na-strone-1536x1086.png",1536,1086,true],"2048x2048":["https:\/\/bpprzasnysz.pl\/wp-content\/uploads\/sites\/56\/2021\/04\/bp-na-strone-2048x1448.png",2048,1448,true],"menu-24x24":["https:\/\/bpprzasnysz.pl\/wp-content\/uploads\/sites\/56\/2021\/04\/bp-na-strone-24x17.png",24,17,true],"menu-36x36":["https:\/\/bpprzasnysz.pl\/wp-content\/uploads\/sites\/56\/2021\/04\/bp-na-strone-36x25.png",36,25,true],"menu-48x48":["https:\/\/bpprzasnysz.pl\/wp-content\/uploads\/sites\/56\/2021\/04\/bp-na-strone-48x34.png",48,34,true]},"post_excerpt_stackable_v2":"<p>Biblioteka Pedagogiczna w Przasnyszu przy ul. Szpitalnej 10 &#8211; zaprasza od poniedzia\u0142ku do soboty w nast\u0119puj\u0105cych godzinach: poniedzia\u0142ek &#8211; 8.00-17.00 wtorek &#8211; 8.00-17.00 \u015broda &#8211; 8.00-17.00 czwartek 8.00-15.00 pi\u0105tek 8.00-17.00 sobota 8.00-15.00 W razie pyta\u0144 &#8211; prosimy o kontakt telefoniczny: 29 752 24 17 lub e-mailowy: przasnysz@bp.ostroleka.pl<\/p>\n","category_list_v2":"<a href=\"https:\/\/bpprzasnysz.pl\/ru\/category\/glowna\/\" rel=\"category tag\">Wydarzenia<\/a>","author_info_v2":{"name":"Aneta Dobrzy\u0144ska","url":"https:\/\/bpprzasnysz.pl\/uk\/author\/anetad\/"},"comments_num_v2":"0 \u043a\u043e\u043c\u0435\u043d\u0442\u0430\u0440\u0456\u0432","_links":{"self":[{"href":"https:\/\/bpprzasnysz.pl\/uk\/wp-json\/wp\/v2\/posts\/3495","targetHints":{"allow":["GET"]}}],"collection":[{"href":"https:\/\/bpprzasnysz.pl\/uk\/wp-json\/wp\/v2\/posts"}],"about":[{"href":"https:\/\/bpprzasnysz.pl\/uk\/wp-json\/wp\/v2\/types\/post"}],"author":[{"embeddable":true,"href":"https:\/\/bpprzasnysz.pl\/uk\/wp-json\/wp\/v2\/users\/1303"}],"replies":[{"embeddable":true,"href":"https:\/\/bpprzasnysz.pl\/uk\/wp-json\/wp\/v2\/comments?post=3495"}],"version-history":[{"count":0,"href":"https:\/\/bpprzasnysz.pl\/uk\/wp-json\/wp\/v2\/posts\/3495\/revisions"}],"wp:featuredmedia":[{"embeddable":true,"href":"https:\/\/bpprzasnysz.pl\/uk\/wp-json\/wp\/v2\/media\/3496"}],"wp:attachment":[{"href":"https:\/\/bpprzasnysz.pl\/uk\/wp-json\/wp\/v2\/media?parent=3495"}],"wp:term":[{"taxonomy":"category","embeddable":true,"href":"https:\/\/bpprzasnysz.pl\/uk\/wp-json\/wp\/v2\/categories?post=3495"},{"taxonomy":"post_tag","embeddable":true,"href":"https:\/\/bpprzasnysz.pl\/uk\/wp-json\/wp\/v2\/tags?post=3495"}],"curies":[{"name":"wp","href":"https:\/\/api.w.org\/{rel}","templated":true}]}}