{"id":3568,"date":"2021-06-18T08:17:53","date_gmt":"2021-06-18T06:17:53","guid":{"rendered":"http:\/\/www.bpprzasnysz.pl\/?p=3568"},"modified":"2022-08-31T12:34:45","modified_gmt":"2022-08-31T10:34:45","slug":"3568","status":"publish","type":"post","link":"https:\/\/bpprzasnysz.pl\/uk\/3568\/","title":{"rendered":"Rajd&#8230;"},"content":{"rendered":"<p style=\"text-align: center\">Zapraszamy,\u00a0mi\u0142o\u015bnik\u00f3w ksi\u0105\u017cek i dw\u00f3ch k\u00f3\u0142ek,\u00a0na rajd rowerowy\u00a0<b>\u201dOdjazdowy Bibliotekarz 2021\u201d<\/b>.\u00a0 Trasa poprowadzi od punktu startowego poprzez odwiedziny Filii MBP nr 1 i\u00a0<b>Biblioteki Pedagogicznej<\/b>, a p\u00f3\u017aniej \u015bcie\u017ck\u0105 rowerow\u0105 do Rostkowa, by zako\u0144czy\u0107 rajd w Chojnowie.\u00a0Szczeg\u00f3\u0142y na stronie\u00a0<a href=\"https:\/\/mbpprzasnysz.pl\/wydarzenia\/1157-rajd-rowerowy-odjazdowy-bibliotekarz-zaproszenie\">MBP<\/a>. Zapraszamy.<\/p>\n<p style=\"text-align: center\"><a href=\"https:\/\/bpprzasnysz.pl\/wp-content\/uploads\/sites\/56\/2021\/06\/rajd-2021.png\"><img loading=\"lazy\" decoding=\"async\" class=\"wp-image-3569 aligncenter\" src=\"https:\/\/bpprzasnysz.pl\/wp-content\/uploads\/sites\/56\/2021\/06\/rajd-2021-211x300.png\" alt=\"\" width=\"132\" height=\"188\" srcset=\"https:\/\/bpprzasnysz.pl\/wp-content\/uploads\/sites\/56\/2021\/06\/rajd-2021-211x300.png 211w, https:\/\/bpprzasnysz.pl\/wp-content\/uploads\/sites\/56\/2021\/06\/rajd-2021-17x24.png 17w, https:\/\/bpprzasnysz.pl\/wp-content\/uploads\/sites\/56\/2021\/06\/rajd-2021-25x36.png 25w, https:\/\/bpprzasnysz.pl\/wp-content\/uploads\/sites\/56\/2021\/06\/rajd-2021-34x48.png 34w, https:\/\/bpprzasnysz.pl\/wp-content\/uploads\/sites\/56\/2021\/06\/rajd-2021.png 281w\" sizes=\"auto, (max-width: 132px) 100vw, 132px\" \/><\/a><\/p>\n","protected":false},"excerpt":{"rendered":"<p>Zapraszamy,\u00a0mi\u0142o\u015bnik\u00f3w ksi\u0105\u017cek i dw\u00f3ch k\u00f3\u0142ek,\u00a0na rajd rowerowy\u00a0\u201dOdjazdowy Bibliotekarz 2021\u201d.\u00a0 Trasa poprowadzi od punktu startowego poprzez odwiedziny Filii MBP nr 1 [&hellip;]<\/p>\n","protected":false},"author":1303,"featured_media":3569,"comment_status":"closed","ping_status":"closed","sticky":false,"template":"","format":"standard","meta":{"_acf_changed":false,"_oasis_is_in_workflow":0,"_oasis_original":0,"inline_featured_image":false,"site-sidebar-layout":"default","site-content-layout":"","ast-site-content-layout":"default","site-content-style":"default","site-sidebar-style":"default","ast-global-header-display":"","ast-banner-title-visibility":"","ast-main-header-display":"","ast-hfb-above-header-display":"","ast-hfb-below-header-display":"","ast-hfb-mobile-header-display":"","site-post-title":"","ast-breadcrumbs-content":"","ast-featured-img":"","footer-sml-layout":"","ast-disable-related-posts":"","theme-transparent-header-meta":"","adv-header-id-meta":"","stick-header-meta":"","header-above-stick-meta":"","header-main-stick-meta":"","header-below-stick-meta":"","astra-migrate-meta-layouts":"default","ast-page-background-enabled":"default","ast-page-background-meta":{"desktop":{"background-color":"","background-image":"","background-repeat":"repeat","background-position":"center center","background-size":"auto","background-attachment":"scroll","background-type":"","background-media":"","overlay-type":"","overlay-color":"","overlay-opacity":"","overlay-gradient":""},"tablet":{"background-color":"","background-image":"","background-repeat":"repeat","background-position":"center center","background-size":"auto","background-attachment":"scroll","background-type":"","background-media":"","overlay-type":"","overlay-color":"","overlay-opacity":"","overlay-gradient":""},"mobile":{"background-color":"","background-image":"","background-repeat":"repeat","background-position":"center center","background-size":"auto","background-attachment":"scroll","background-type":"","background-media":"","overlay-type":"","overlay-color":"","overlay-opacity":"","overlay-gradient":""}},"ast-content-background-meta":{"desktop":{"background-color":"var(--ast-global-color-5)","background-image":"","background-repeat":"repeat","background-position":"center center","background-size":"auto","background-attachment":"scroll","background-type":"","background-media":"","overlay-type":"","overlay-color":"","overlay-opacity":"","overlay-gradient":""},"tablet":{"background-color":"var(--ast-global-color-5)","background-image":"","background-repeat":"repeat","background-position":"center center","background-size":"auto","background-attachment":"scroll","background-type":"","background-media":"","overlay-type":"","overlay-color":"","overlay-opacity":"","overlay-gradient":""},"mobile":{"background-color":"var(--ast-global-color-5)","background-image":"","background-repeat":"repeat","background-position":"center center","background-size":"auto","background-attachment":"scroll","background-type":"","background-media":"","overlay-type":"","overlay-color":"","overlay-opacity":"","overlay-gradient":""}},"_themeisle_gutenberg_block_has_review":false,"footnotes":""},"categories":[44],"tags":[],"class_list":["post-3568","post","type-post","status-publish","format-standard","has-post-thumbnail","hentry","category-44"],"acf":[],"featured_image_urls_v2":{"full":["https:\/\/bpprzasnysz.pl\/wp-content\/uploads\/sites\/56\/2021\/06\/rajd-2021.png",281,399,false],"thumbnail":["https:\/\/bpprzasnysz.pl\/wp-content\/uploads\/sites\/56\/2021\/06\/rajd-2021-150x150.png",150,150,true],"medium":["https:\/\/bpprzasnysz.pl\/wp-content\/uploads\/sites\/56\/2021\/06\/rajd-2021-211x300.png",211,300,true],"medium_large":["https:\/\/bpprzasnysz.pl\/wp-content\/uploads\/sites\/56\/2021\/06\/rajd-2021.png",281,399,false],"large":["https:\/\/bpprzasnysz.pl\/wp-content\/uploads\/sites\/56\/2021\/06\/rajd-2021.png",281,399,false],"1536x1536":["https:\/\/bpprzasnysz.pl\/wp-content\/uploads\/sites\/56\/2021\/06\/rajd-2021.png",281,399,false],"2048x2048":["https:\/\/bpprzasnysz.pl\/wp-content\/uploads\/sites\/56\/2021\/06\/rajd-2021.png",281,399,false],"menu-24x24":["https:\/\/bpprzasnysz.pl\/wp-content\/uploads\/sites\/56\/2021\/06\/rajd-2021-17x24.png",17,24,true],"menu-36x36":["https:\/\/bpprzasnysz.pl\/wp-content\/uploads\/sites\/56\/2021\/06\/rajd-2021-25x36.png",25,36,true],"menu-48x48":["https:\/\/bpprzasnysz.pl\/wp-content\/uploads\/sites\/56\/2021\/06\/rajd-2021-34x48.png",34,48,true]},"post_excerpt_stackable_v2":"<p>Zapraszamy,\u00a0mi\u0142o\u015bnik\u00f3w ksi\u0105\u017cek i dw\u00f3ch k\u00f3\u0142ek,\u00a0na rajd rowerowy\u00a0\u201dOdjazdowy Bibliotekarz 2021\u201d.\u00a0 Trasa poprowadzi od punktu startowego poprzez odwiedziny Filii MBP nr 1 i\u00a0Biblioteki Pedagogicznej, a p\u00f3\u017aniej \u015bcie\u017ck\u0105 rowerow\u0105 do Rostkowa, by zako\u0144czy\u0107 rajd w Chojnowie.\u00a0Szczeg\u00f3\u0142y na stronie\u00a0MBP. Zapraszamy.<\/p>\n","category_list_v2":"<a href=\"https:\/\/bpprzasnysz.pl\/category\/2021\/\" rel=\"category tag\">2021<\/a>","author_info_v2":{"name":"Aneta Dobrzy\u0144ska","url":"https:\/\/bpprzasnysz.pl\/uk\/author\/anetad\/"},"comments_num_v2":"0 \u043a\u043e\u043c\u0435\u043d\u0442\u0430\u0440\u0456\u0432","_links":{"self":[{"href":"https:\/\/bpprzasnysz.pl\/uk\/wp-json\/wp\/v2\/posts\/3568","targetHints":{"allow":["GET"]}}],"collection":[{"href":"https:\/\/bpprzasnysz.pl\/uk\/wp-json\/wp\/v2\/posts"}],"about":[{"href":"https:\/\/bpprzasnysz.pl\/uk\/wp-json\/wp\/v2\/types\/post"}],"author":[{"embeddable":true,"href":"https:\/\/bpprzasnysz.pl\/uk\/wp-json\/wp\/v2\/users\/1303"}],"replies":[{"embeddable":true,"href":"https:\/\/bpprzasnysz.pl\/uk\/wp-json\/wp\/v2\/comments?post=3568"}],"version-history":[{"count":0,"href":"https:\/\/bpprzasnysz.pl\/uk\/wp-json\/wp\/v2\/posts\/3568\/revisions"}],"wp:featuredmedia":[{"embeddable":true,"href":"https:\/\/bpprzasnysz.pl\/uk\/wp-json\/wp\/v2\/media\/3569"}],"wp:attachment":[{"href":"https:\/\/bpprzasnysz.pl\/uk\/wp-json\/wp\/v2\/media?parent=3568"}],"wp:term":[{"taxonomy":"category","embeddable":true,"href":"https:\/\/bpprzasnysz.pl\/uk\/wp-json\/wp\/v2\/categories?post=3568"},{"taxonomy":"post_tag","embeddable":true,"href":"https:\/\/bpprzasnysz.pl\/uk\/wp-json\/wp\/v2\/tags?post=3568"}],"curies":[{"name":"wp","href":"https:\/\/api.w.org\/{rel}","templated":true}]}}