{"id":35935,"date":"2025-04-24T12:11:38","date_gmt":"2025-04-24T10:11:38","guid":{"rendered":"https:\/\/bpprzasnysz.pl\/?p=35935"},"modified":"2025-05-13T12:15:20","modified_gmt":"2025-05-13T10:15:20","slug":"spotkanie-dla-nauczycieli-bibliotekarzy","status":"publish","type":"post","link":"https:\/\/bpprzasnysz.pl\/uk\/spotkanie-dla-nauczycieli-bibliotekarzy\/","title":{"rendered":"SPOTKANIE DLA NAUCZYCIELI BIBLIOTEKARZY"},"content":{"rendered":"\n<p>24 kwietnia odby\u0142o si\u0119 spotkanie nauczycieli bibliotekarzy z okazji \u015awiatowego Dnia Ksi\u0105\u017cki i Praw Autorskich w <a href=\"https:\/\/www.facebook.com\/bibliotekawbogatem?__cft__[0]=AZWRC7QOSOgwAEcK5Fnw9pF__RNmC2wAMRxNM3mdc5RGNygzQtXLXPrVntfcUvJAbdUCGawcIDgXaPn-3gsPLEIg1c9Jd82pmBGk4ZfRA4SDpK9kdf18Kn0hW-6FrBHfHiRIFMkZi6zPxLAh2hi7R8eI1vIGMUDJGEQrcHaLdM-OsYZqKmB2y-AZweG8c2uDb6f1HJW3ECSKFaicLQtD0yss&amp;__tn__=-]K-R\" target=\"_blank\" rel=\"noopener\">Gminna Biblioteka Publiczna im. J\u00f3zefa Narzymskiego w Bogatem<\/a>.<\/p>\n\n\n\n<p>Wzi\u0119li\u015bmy udzia\u0142 w unikatowym warsztacie czerpania papieru.<\/p>\n\n\n\n<p>Dzi\u0119kujemy za zaproszenie Pani Katarzynie Bojarskiej &#8211; Dyrektor Gminnej Biblioteki Publicznej im. J\u00f3zefa Narzymskiego w Bogatem oraz Agacie Wronowskiej &#8211; nauczycielowi bibliotekarzowi ze Szko\u0142y Podstawowej im. Marsza\u0142ka J\u00f3zefa Pi\u0142sudskiego w Bogatem<\/p>\n\n\n\n<figure class=\"wp-block-gallery has-nested-images columns-default is-cropped wp-block-gallery-1 is-layout-flex wp-block-gallery-is-layout-flex\">\n<figure class=\"wp-block-image size-large\"><a href=\"https:\/\/bpprzasnysz.pl\/wp-content\/uploads\/sites\/56\/2025\/05\/1-1.jpg\"><img loading=\"lazy\" decoding=\"async\" width=\"640\" height=\"480\" data-id=\"35938\" src=\"https:\/\/bpprzasnysz.pl\/wp-content\/uploads\/sites\/56\/2025\/05\/1-1.jpg\" alt=\"\" class=\"wp-image-35938\" srcset=\"https:\/\/bpprzasnysz.pl\/wp-content\/uploads\/sites\/56\/2025\/05\/1-1.jpg 640w, https:\/\/bpprzasnysz.pl\/wp-content\/uploads\/sites\/56\/2025\/05\/1-1-300x225.jpg 300w, https:\/\/bpprzasnysz.pl\/wp-content\/uploads\/sites\/56\/2025\/05\/1-1-24x18.jpg 24w, https:\/\/bpprzasnysz.pl\/wp-content\/uploads\/sites\/56\/2025\/05\/1-1-36x27.jpg 36w, https:\/\/bpprzasnysz.pl\/wp-content\/uploads\/sites\/56\/2025\/05\/1-1-48x36.jpg 48w\" sizes=\"auto, (max-width: 640px) 100vw, 640px\" \/><\/a><\/figure>\n\n\n\n<figure class=\"wp-block-image size-large\"><a href=\"https:\/\/bpprzasnysz.pl\/wp-content\/uploads\/sites\/56\/2025\/05\/492006049_122230304474210639_1427339485305445325_n.jpg\"><img loading=\"lazy\" decoding=\"async\" width=\"640\" height=\"395\" data-id=\"35950\" src=\"https:\/\/bpprzasnysz.pl\/wp-content\/uploads\/sites\/56\/2025\/05\/492006049_122230304474210639_1427339485305445325_n.jpg\" alt=\"\" class=\"wp-image-35950\" srcset=\"https:\/\/bpprzasnysz.pl\/wp-content\/uploads\/sites\/56\/2025\/05\/492006049_122230304474210639_1427339485305445325_n.jpg 640w, https:\/\/bpprzasnysz.pl\/wp-content\/uploads\/sites\/56\/2025\/05\/492006049_122230304474210639_1427339485305445325_n-300x185.jpg 300w, https:\/\/bpprzasnysz.pl\/wp-content\/uploads\/sites\/56\/2025\/05\/492006049_122230304474210639_1427339485305445325_n-24x15.jpg 24w, https:\/\/bpprzasnysz.pl\/wp-content\/uploads\/sites\/56\/2025\/05\/492006049_122230304474210639_1427339485305445325_n-36x22.jpg 36w, https:\/\/bpprzasnysz.pl\/wp-content\/uploads\/sites\/56\/2025\/05\/492006049_122230304474210639_1427339485305445325_n-48x30.jpg 48w\" sizes=\"auto, (max-width: 640px) 100vw, 640px\" \/><\/a><\/figure>\n\n\n\n<figure class=\"wp-block-image size-large\"><a href=\"https:\/\/bpprzasnysz.pl\/wp-content\/uploads\/sites\/56\/2025\/05\/493208566_122230304264210639_44517886478435563_n.jpg\"><img loading=\"lazy\" decoding=\"async\" width=\"606\" height=\"480\" data-id=\"35974\" src=\"https:\/\/bpprzasnysz.pl\/wp-content\/uploads\/sites\/56\/2025\/05\/493208566_122230304264210639_44517886478435563_n.jpg\" alt=\"\" class=\"wp-image-35974\" srcset=\"https:\/\/bpprzasnysz.pl\/wp-content\/uploads\/sites\/56\/2025\/05\/493208566_122230304264210639_44517886478435563_n.jpg 606w, https:\/\/bpprzasnysz.pl\/wp-content\/uploads\/sites\/56\/2025\/05\/493208566_122230304264210639_44517886478435563_n-300x238.jpg 300w, https:\/\/bpprzasnysz.pl\/wp-content\/uploads\/sites\/56\/2025\/05\/493208566_122230304264210639_44517886478435563_n-24x19.jpg 24w, https:\/\/bpprzasnysz.pl\/wp-content\/uploads\/sites\/56\/2025\/05\/493208566_122230304264210639_44517886478435563_n-36x29.jpg 36w, https:\/\/bpprzasnysz.pl\/wp-content\/uploads\/sites\/56\/2025\/05\/493208566_122230304264210639_44517886478435563_n-48x38.jpg 48w\" sizes=\"auto, (max-width: 606px) 100vw, 606px\" \/><\/a><\/figure>\n<\/figure>\n\n\n\n<p><\/p>\n","protected":false},"excerpt":{"rendered":"<p>24 kwietnia odby\u0142o si\u0119 spotkanie nauczycieli bibliotekarzy z okazji \u015awiatowego Dnia Ksi\u0105\u017cki i Praw Autorskich w Gminna Biblioteka Publiczna im. [&hellip;]<\/p>\n","protected":false},"author":1285,"featured_media":35950,"comment_status":"closed","ping_status":"closed","sticky":false,"template":"","format":"standard","meta":{"_acf_changed":false,"_oasis_is_in_workflow":0,"_oasis_original":0,"inline_featured_image":false,"site-sidebar-layout":"default","site-content-layout":"","ast-site-content-layout":"default","site-content-style":"default","site-sidebar-style":"default","ast-global-header-display":"","ast-banner-title-visibility":"","ast-main-header-display":"","ast-hfb-above-header-display":"","ast-hfb-below-header-display":"","ast-hfb-mobile-header-display":"","site-post-title":"","ast-breadcrumbs-content":"","ast-featured-img":"","footer-sml-layout":"","ast-disable-related-posts":"","theme-transparent-header-meta":"","adv-header-id-meta":"","stick-header-meta":"","header-above-stick-meta":"","header-main-stick-meta":"","header-below-stick-meta":"","astra-migrate-meta-layouts":"set","ast-page-background-enabled":"default","ast-page-background-meta":{"desktop":{"background-color":"","background-image":"","background-repeat":"repeat","background-position":"center center","background-size":"auto","background-attachment":"scroll","background-type":"","background-media":"","overlay-type":"","overlay-color":"","overlay-opacity":"","overlay-gradient":""},"tablet":{"background-color":"","background-image":"","background-repeat":"repeat","background-position":"center center","background-size":"auto","background-attachment":"scroll","background-type":"","background-media":"","overlay-type":"","overlay-color":"","overlay-opacity":"","overlay-gradient":""},"mobile":{"background-color":"","background-image":"","background-repeat":"repeat","background-position":"center center","background-size":"auto","background-attachment":"scroll","background-type":"","background-media":"","overlay-type":"","overlay-color":"","overlay-opacity":"","overlay-gradient":""}},"ast-content-background-meta":{"desktop":{"background-color":"var(--ast-global-color-5)","background-image":"","background-repeat":"repeat","background-position":"center center","background-size":"auto","background-attachment":"scroll","background-type":"","background-media":"","overlay-type":"","overlay-color":"","overlay-opacity":"","overlay-gradient":""},"tablet":{"background-color":"var(--ast-global-color-5)","background-image":"","background-repeat":"repeat","background-position":"center center","background-size":"auto","background-attachment":"scroll","background-type":"","background-media":"","overlay-type":"","overlay-color":"","overlay-opacity":"","overlay-gradient":""},"mobile":{"background-color":"var(--ast-global-color-5)","background-image":"","background-repeat":"repeat","background-position":"center center","background-size":"auto","background-attachment":"scroll","background-type":"","background-media":"","overlay-type":"","overlay-color":"","overlay-opacity":"","overlay-gradient":""}},"_themeisle_gutenberg_block_has_review":false,"footnotes":""},"categories":[169,136],"tags":[],"class_list":["post-35935","post","type-post","status-publish","format-standard","has-post-thumbnail","hentry","category-169","category-aktualnosci"],"acf":[],"featured_image_urls_v2":{"full":["https:\/\/bpprzasnysz.pl\/wp-content\/uploads\/sites\/56\/2025\/05\/492006049_122230304474210639_1427339485305445325_n.jpg",640,395,false],"thumbnail":["https:\/\/bpprzasnysz.pl\/wp-content\/uploads\/sites\/56\/2025\/05\/492006049_122230304474210639_1427339485305445325_n-150x150.jpg",150,150,true],"medium":["https:\/\/bpprzasnysz.pl\/wp-content\/uploads\/sites\/56\/2025\/05\/492006049_122230304474210639_1427339485305445325_n-300x185.jpg",300,185,true],"medium_large":["https:\/\/bpprzasnysz.pl\/wp-content\/uploads\/sites\/56\/2025\/05\/492006049_122230304474210639_1427339485305445325_n.jpg",640,395,false],"large":["https:\/\/bpprzasnysz.pl\/wp-content\/uploads\/sites\/56\/2025\/05\/492006049_122230304474210639_1427339485305445325_n.jpg",640,395,false],"1536x1536":["https:\/\/bpprzasnysz.pl\/wp-content\/uploads\/sites\/56\/2025\/05\/492006049_122230304474210639_1427339485305445325_n.jpg",640,395,false],"2048x2048":["https:\/\/bpprzasnysz.pl\/wp-content\/uploads\/sites\/56\/2025\/05\/492006049_122230304474210639_1427339485305445325_n.jpg",640,395,false],"menu-24x24":["https:\/\/bpprzasnysz.pl\/wp-content\/uploads\/sites\/56\/2025\/05\/492006049_122230304474210639_1427339485305445325_n-24x15.jpg",24,15,true],"menu-36x36":["https:\/\/bpprzasnysz.pl\/wp-content\/uploads\/sites\/56\/2025\/05\/492006049_122230304474210639_1427339485305445325_n-36x22.jpg",36,22,true],"menu-48x48":["https:\/\/bpprzasnysz.pl\/wp-content\/uploads\/sites\/56\/2025\/05\/492006049_122230304474210639_1427339485305445325_n-48x30.jpg",48,30,true]},"post_excerpt_stackable_v2":"<p>24 kwietnia odby\u0142o si\u0119 spotkanie nauczycieli bibliotekarzy z okazji \u015awiatowego Dnia Ksi\u0105\u017cki i Praw Autorskich w Gminna Biblioteka Publiczna im. J\u00f3zefa Narzymskiego w Bogatem. Wzi\u0119li\u015bmy udzia\u0142 w unikatowym warsztacie czerpania papieru. Dzi\u0119kujemy za zaproszenie Pani Katarzynie Bojarskiej &#8211; Dyrektor Gminnej Biblioteki Publicznej im. J\u00f3zefa Narzymskiego w Bogatem oraz Agacie Wronowskiej &#8211; nauczycielowi bibliotekarzowi ze Szko\u0142y Podstawowej im. Marsza\u0142ka J\u00f3zefa Pi\u0142sudskiego w Bogatem<\/p>\n","category_list_v2":"<a href=\"https:\/\/bpprzasnysz.pl\/uk\/category\/2025\/\" rel=\"category tag\">2025<\/a>, <a href=\"https:\/\/bpprzasnysz.pl\/ru\/category\/aktualnosci\/\" rel=\"category tag\">Aktualno\u015bci<\/a>","author_info_v2":{"name":"Luiza Dawidziuk","url":"https:\/\/bpprzasnysz.pl\/uk\/author\/luizad\/"},"comments_num_v2":"0 \u043a\u043e\u043c\u0435\u043d\u0442\u0430\u0440\u0456\u0432","_links":{"self":[{"href":"https:\/\/bpprzasnysz.pl\/uk\/wp-json\/wp\/v2\/posts\/35935","targetHints":{"allow":["GET"]}}],"collection":[{"href":"https:\/\/bpprzasnysz.pl\/uk\/wp-json\/wp\/v2\/posts"}],"about":[{"href":"https:\/\/bpprzasnysz.pl\/uk\/wp-json\/wp\/v2\/types\/post"}],"author":[{"embeddable":true,"href":"https:\/\/bpprzasnysz.pl\/uk\/wp-json\/wp\/v2\/users\/1285"}],"replies":[{"embeddable":true,"href":"https:\/\/bpprzasnysz.pl\/uk\/wp-json\/wp\/v2\/comments?post=35935"}],"version-history":[{"count":2,"href":"https:\/\/bpprzasnysz.pl\/uk\/wp-json\/wp\/v2\/posts\/35935\/revisions"}],"predecessor-version":[{"id":35989,"href":"https:\/\/bpprzasnysz.pl\/uk\/wp-json\/wp\/v2\/posts\/35935\/revisions\/35989"}],"wp:featuredmedia":[{"embeddable":true,"href":"https:\/\/bpprzasnysz.pl\/uk\/wp-json\/wp\/v2\/media\/35950"}],"wp:attachment":[{"href":"https:\/\/bpprzasnysz.pl\/uk\/wp-json\/wp\/v2\/media?parent=35935"}],"wp:term":[{"taxonomy":"category","embeddable":true,"href":"https:\/\/bpprzasnysz.pl\/uk\/wp-json\/wp\/v2\/categories?post=35935"},{"taxonomy":"post_tag","embeddable":true,"href":"https:\/\/bpprzasnysz.pl\/uk\/wp-json\/wp\/v2\/tags?post=35935"}],"curies":[{"name":"wp","href":"https:\/\/api.w.org\/{rel}","templated":true}]}}