{"id":36295,"date":"2025-05-08T12:39:20","date_gmt":"2025-05-08T10:39:20","guid":{"rendered":"https:\/\/bpprzasnysz.pl\/?p=36295"},"modified":"2025-05-13T13:01:30","modified_gmt":"2025-05-13T11:01:30","slug":"od-historii-do-inspiracji-konferencja-z-okazji-dnia-bibliotekarza","status":"publish","type":"post","link":"https:\/\/bpprzasnysz.pl\/uk\/od-historii-do-inspiracji-konferencja-z-okazji-dnia-bibliotekarza\/","title":{"rendered":"OD HISTORII DO INSPIRACJI&#8230; &#8211; KONFERENCJA Z OKAZJI DNIA BIBLIOTEKARZA"},"content":{"rendered":"\n<p>8 maja mia\u0142y\u015bmy zaszczyt i przyjemno\u015b\u0107 wzi\u0105\u0107 udzia\u0142 w konferencji &#8220;Od historii do inspiracji. Jak dziedzictwo lokalne wspiera kultur\u0119 czytania&#8221; zorganizowanej przez Miejsk\u0105 Bibliotek\u0119 Publiczn\u0105 im. Zofii Na\u0142kowskiej w Przasnyszu, Starost\u0119 Powiatu Przasnyskiego oraz Burmistrza Przasnysza. Okazj\u0105 do spotkania by\u0142 Dzie\u0144 Bibliotekarza i Bibliotek. Dzi\u0119kujemy i gratulujemy Ma\u0142gorzacie Sobiesiak &#8211; Dyrektor MBP w Przasnyszu oraz ca\u0142emu zespo\u0142owi biblioteki za inicjatyw\u0119 i wspania\u0142\u0105 realizacj\u0119 Konferencji. Dzi\u0119ki takim spotkaniom praca bibliotekarza zostaje doceniona i zauwa\u017cona. Dzi\u0119kujemy r\u00f3wnie\u017c za mo\u017cliwo\u015b\u0107 zaprezentowania naszej dzia\u0142alno\u015bci oraz mi\u0142e s\u0142owa i kwiaty od burmistrza Przasnysza, pana \u0141ukasza Chrostowskiego.<\/p>\n\n\n\n<figure class=\"wp-block-gallery has-nested-images columns-default is-cropped wp-block-gallery-1 is-layout-flex wp-block-gallery-is-layout-flex\">\n<figure class=\"wp-block-image size-large\"><a href=\"https:\/\/bpprzasnysz.pl\/wp-content\/uploads\/sites\/56\/2025\/05\/k1.jpg\"><img loading=\"lazy\" decoding=\"async\" width=\"640\" height=\"390\" data-id=\"36322\" src=\"https:\/\/bpprzasnysz.pl\/wp-content\/uploads\/sites\/56\/2025\/05\/k1.jpg\" alt=\"\" class=\"wp-image-36322\" srcset=\"https:\/\/bpprzasnysz.pl\/wp-content\/uploads\/sites\/56\/2025\/05\/k1.jpg 640w, https:\/\/bpprzasnysz.pl\/wp-content\/uploads\/sites\/56\/2025\/05\/k1-300x183.jpg 300w, https:\/\/bpprzasnysz.pl\/wp-content\/uploads\/sites\/56\/2025\/05\/k1-24x15.jpg 24w, https:\/\/bpprzasnysz.pl\/wp-content\/uploads\/sites\/56\/2025\/05\/k1-36x22.jpg 36w, https:\/\/bpprzasnysz.pl\/wp-content\/uploads\/sites\/56\/2025\/05\/k1-48x29.jpg 48w\" sizes=\"auto, (max-width: 640px) 100vw, 640px\" \/><\/a><\/figure>\n\n\n\n<figure class=\"wp-block-image size-large\"><a href=\"https:\/\/bpprzasnysz.pl\/wp-content\/uploads\/sites\/56\/2025\/05\/495611242_122233618904210639_2079913151766996660_n.jpg\"><img loading=\"lazy\" decoding=\"async\" width=\"335\" height=\"480\" data-id=\"36310\" src=\"https:\/\/bpprzasnysz.pl\/wp-content\/uploads\/sites\/56\/2025\/05\/495611242_122233618904210639_2079913151766996660_n.jpg\" alt=\"\" class=\"wp-image-36310\" srcset=\"https:\/\/bpprzasnysz.pl\/wp-content\/uploads\/sites\/56\/2025\/05\/495611242_122233618904210639_2079913151766996660_n.jpg 335w, https:\/\/bpprzasnysz.pl\/wp-content\/uploads\/sites\/56\/2025\/05\/495611242_122233618904210639_2079913151766996660_n-209x300.jpg 209w, https:\/\/bpprzasnysz.pl\/wp-content\/uploads\/sites\/56\/2025\/05\/495611242_122233618904210639_2079913151766996660_n-17x24.jpg 17w, https:\/\/bpprzasnysz.pl\/wp-content\/uploads\/sites\/56\/2025\/05\/495611242_122233618904210639_2079913151766996660_n-25x36.jpg 25w, https:\/\/bpprzasnysz.pl\/wp-content\/uploads\/sites\/56\/2025\/05\/495611242_122233618904210639_2079913151766996660_n-34x48.jpg 34w\" sizes=\"auto, (max-width: 335px) 100vw, 335px\" \/><\/a><\/figure>\n<\/figure>\n","protected":false},"excerpt":{"rendered":"<p>8 maja mia\u0142y\u015bmy zaszczyt i przyjemno\u015b\u0107 wzi\u0105\u0107 udzia\u0142 w konferencji &#8220;Od historii do inspiracji. Jak dziedzictwo lokalne wspiera kultur\u0119 czytania&#8221; [&hellip;]<\/p>\n","protected":false},"author":1285,"featured_media":36322,"comment_status":"closed","ping_status":"closed","sticky":false,"template":"","format":"standard","meta":{"_acf_changed":false,"_oasis_is_in_workflow":0,"_oasis_original":0,"inline_featured_image":false,"site-sidebar-layout":"default","site-content-layout":"","ast-site-content-layout":"default","site-content-style":"default","site-sidebar-style":"default","ast-global-header-display":"","ast-banner-title-visibility":"","ast-main-header-display":"","ast-hfb-above-header-display":"","ast-hfb-below-header-display":"","ast-hfb-mobile-header-display":"","site-post-title":"","ast-breadcrumbs-content":"","ast-featured-img":"","footer-sml-layout":"","ast-disable-related-posts":"","theme-transparent-header-meta":"","adv-header-id-meta":"","stick-header-meta":"","header-above-stick-meta":"","header-main-stick-meta":"","header-below-stick-meta":"","astra-migrate-meta-layouts":"set","ast-page-background-enabled":"default","ast-page-background-meta":{"desktop":{"background-color":"","background-image":"","background-repeat":"repeat","background-position":"center center","background-size":"auto","background-attachment":"scroll","background-type":"","background-media":"","overlay-type":"","overlay-color":"","overlay-opacity":"","overlay-gradient":""},"tablet":{"background-color":"","background-image":"","background-repeat":"repeat","background-position":"center center","background-size":"auto","background-attachment":"scroll","background-type":"","background-media":"","overlay-type":"","overlay-color":"","overlay-opacity":"","overlay-gradient":""},"mobile":{"background-color":"","background-image":"","background-repeat":"repeat","background-position":"center center","background-size":"auto","background-attachment":"scroll","background-type":"","background-media":"","overlay-type":"","overlay-color":"","overlay-opacity":"","overlay-gradient":""}},"ast-content-background-meta":{"desktop":{"background-color":"var(--ast-global-color-5)","background-image":"","background-repeat":"repeat","background-position":"center center","background-size":"auto","background-attachment":"scroll","background-type":"","background-media":"","overlay-type":"","overlay-color":"","overlay-opacity":"","overlay-gradient":""},"tablet":{"background-color":"var(--ast-global-color-5)","background-image":"","background-repeat":"repeat","background-position":"center center","background-size":"auto","background-attachment":"scroll","background-type":"","background-media":"","overlay-type":"","overlay-color":"","overlay-opacity":"","overlay-gradient":""},"mobile":{"background-color":"var(--ast-global-color-5)","background-image":"","background-repeat":"repeat","background-position":"center center","background-size":"auto","background-attachment":"scroll","background-type":"","background-media":"","overlay-type":"","overlay-color":"","overlay-opacity":"","overlay-gradient":""}},"_themeisle_gutenberg_block_has_review":false,"footnotes":""},"categories":[169,136],"tags":[],"class_list":["post-36295","post","type-post","status-publish","format-standard","has-post-thumbnail","hentry","category-169","category-aktualnosci"],"acf":[],"featured_image_urls_v2":{"full":["https:\/\/bpprzasnysz.pl\/wp-content\/uploads\/sites\/56\/2025\/05\/k1.jpg",640,390,false],"thumbnail":["https:\/\/bpprzasnysz.pl\/wp-content\/uploads\/sites\/56\/2025\/05\/k1-150x150.jpg",150,150,true],"medium":["https:\/\/bpprzasnysz.pl\/wp-content\/uploads\/sites\/56\/2025\/05\/k1-300x183.jpg",300,183,true],"medium_large":["https:\/\/bpprzasnysz.pl\/wp-content\/uploads\/sites\/56\/2025\/05\/k1.jpg",640,390,false],"large":["https:\/\/bpprzasnysz.pl\/wp-content\/uploads\/sites\/56\/2025\/05\/k1.jpg",640,390,false],"1536x1536":["https:\/\/bpprzasnysz.pl\/wp-content\/uploads\/sites\/56\/2025\/05\/k1.jpg",640,390,false],"2048x2048":["https:\/\/bpprzasnysz.pl\/wp-content\/uploads\/sites\/56\/2025\/05\/k1.jpg",640,390,false],"menu-24x24":["https:\/\/bpprzasnysz.pl\/wp-content\/uploads\/sites\/56\/2025\/05\/k1-24x15.jpg",24,15,true],"menu-36x36":["https:\/\/bpprzasnysz.pl\/wp-content\/uploads\/sites\/56\/2025\/05\/k1-36x22.jpg",36,22,true],"menu-48x48":["https:\/\/bpprzasnysz.pl\/wp-content\/uploads\/sites\/56\/2025\/05\/k1-48x29.jpg",48,29,true]},"post_excerpt_stackable_v2":"<p>8 maja mia\u0142y\u015bmy zaszczyt i przyjemno\u015b\u0107 wzi\u0105\u0107 udzia\u0142 w konferencji &#8220;Od historii do inspiracji. Jak dziedzictwo lokalne wspiera kultur\u0119 czytania&#8221; zorganizowanej przez Miejsk\u0105 Bibliotek\u0119 Publiczn\u0105 im. Zofii Na\u0142kowskiej w Przasnyszu, Starost\u0119 Powiatu Przasnyskiego oraz Burmistrza Przasnysza. Okazj\u0105 do spotkania by\u0142 Dzie\u0144 Bibliotekarza i Bibliotek. Dzi\u0119kujemy i gratulujemy Ma\u0142gorzacie Sobiesiak &#8211; Dyrektor MBP w Przasnyszu oraz ca\u0142emu zespo\u0142owi biblioteki za inicjatyw\u0119 i wspania\u0142\u0105 realizacj\u0119 Konferencji. Dzi\u0119ki takim spotkaniom praca bibliotekarza zostaje doceniona i zauwa\u017cona. Dzi\u0119kujemy r\u00f3wnie\u017c za mo\u017cliwo\u015b\u0107 zaprezentowania naszej dzia\u0142alno\u015bci oraz mi\u0142e s\u0142owa i kwiaty od burmistrza Przasnysza, pana \u0141ukasza Chrostowskiego.<\/p>\n","category_list_v2":"<a href=\"https:\/\/bpprzasnysz.pl\/uk\/category\/2025\/\" rel=\"category tag\">2025<\/a>, <a href=\"https:\/\/bpprzasnysz.pl\/ru\/category\/aktualnosci\/\" rel=\"category tag\">Aktualno\u015bci<\/a>","author_info_v2":{"name":"Luiza Dawidziuk","url":"https:\/\/bpprzasnysz.pl\/uk\/author\/luizad\/"},"comments_num_v2":"0 \u043a\u043e\u043c\u0435\u043d\u0442\u0430\u0440\u0456\u0432","_links":{"self":[{"href":"https:\/\/bpprzasnysz.pl\/uk\/wp-json\/wp\/v2\/posts\/36295","targetHints":{"allow":["GET"]}}],"collection":[{"href":"https:\/\/bpprzasnysz.pl\/uk\/wp-json\/wp\/v2\/posts"}],"about":[{"href":"https:\/\/bpprzasnysz.pl\/uk\/wp-json\/wp\/v2\/types\/post"}],"author":[{"embeddable":true,"href":"https:\/\/bpprzasnysz.pl\/uk\/wp-json\/wp\/v2\/users\/1285"}],"replies":[{"embeddable":true,"href":"https:\/\/bpprzasnysz.pl\/uk\/wp-json\/wp\/v2\/comments?post=36295"}],"version-history":[{"count":2,"href":"https:\/\/bpprzasnysz.pl\/uk\/wp-json\/wp\/v2\/posts\/36295\/revisions"}],"predecessor-version":[{"id":36337,"href":"https:\/\/bpprzasnysz.pl\/uk\/wp-json\/wp\/v2\/posts\/36295\/revisions\/36337"}],"wp:featuredmedia":[{"embeddable":true,"href":"https:\/\/bpprzasnysz.pl\/uk\/wp-json\/wp\/v2\/media\/36322"}],"wp:attachment":[{"href":"https:\/\/bpprzasnysz.pl\/uk\/wp-json\/wp\/v2\/media?parent=36295"}],"wp:term":[{"taxonomy":"category","embeddable":true,"href":"https:\/\/bpprzasnysz.pl\/uk\/wp-json\/wp\/v2\/categories?post=36295"},{"taxonomy":"post_tag","embeddable":true,"href":"https:\/\/bpprzasnysz.pl\/uk\/wp-json\/wp\/v2\/tags?post=36295"}],"curies":[{"name":"wp","href":"https:\/\/api.w.org\/{rel}","templated":true}]}}