{"id":37603,"date":"2025-10-03T09:56:27","date_gmt":"2025-10-03T07:56:27","guid":{"rendered":"https:\/\/bpprzasnysz.pl\/?p=37603"},"modified":"2025-10-03T09:56:29","modified_gmt":"2025-10-03T07:56:29","slug":"wsparcie-w-kryzysach-psychicznych","status":"publish","type":"post","link":"https:\/\/bpprzasnysz.pl\/uk\/wsparcie-w-kryzysach-psychicznych\/","title":{"rendered":"WSPARCIE W KRYZYSACH PSYCHICZNYCH"},"content":{"rendered":"\n<p>2 pa\u017adziernika 2025 r. w Bibliotece Pedagogicznej w Przasnyszu odby\u0142o si\u0119 seminarium pt.&nbsp;<strong>\u201eZdrowie psychiczne dzieci i m\u0142odzie\u017cy, wsparcie w kryzysach psychicznych oraz profilaktyka przemocy r\u00f3wie<\/strong><strong>\u015bniczej\u201d<\/strong>. Spotkanie poprowadzi\u0142a&nbsp;<strong>Aneta&nbsp;<\/strong><strong>Pazyra<\/strong>&nbsp;\u2013 psychoterapeutka z wieloletnim do\u015bwiadczeniem w pracy z dzie\u0107mi, m\u0142odzie\u017c\u0105 oraz rodzinami.<br>Tematyka seminarium koncentrowa\u0142a si\u0119 wok\u00f3\u0142 zagadnie\u0144 zwi\u0105zanych z ochron\u0105 zdrowia psychicznego m\u0142odych ludzi, rozpoznawaniem sytuacji kryzysowych, a tak\u017ce sposobami udzielania adekwatnego wsparcia. Wa\u017cnym obszarem poruszonym podczas szkolenia by\u0142a r\u00f3wnie\u017c profilaktyka przemocy r\u00f3wie\u015bniczej, zar\u00f3wno w&nbsp;\u015brodowisku szkolnym, jak i rodzinnym.<br>Podj\u0119te tre\u015bci wpisuj\u0105 si\u0119 w aktualne kierunki polityki o\u015bwiatowej pa\u0144stwa na rok szkolny 2025\/2026, k\u0142ad\u0105ce szczeg\u00f3lny nacisk na dobrostan psychiczny uczni\u00f3w oraz dzia\u0142ania prewencyjne wobec agresji i przemocy. Seminarium odby\u0142o si\u0119 w&nbsp;Tygodniu Przeciwdzia\u0142ania Przemocy R\u00f3wie\u015bniczej, stanowi\u0105c cenne uzupe\u0142nienie lokalnych inicjatyw edukacyjnych i wychowawczych.&nbsp;W wydarzeniu uczestniczy\u0142o 78 os\u00f3b.&nbsp;Spotkaniu towarzyszy\u0142a wystawa literatury dotycz\u0105cej profilaktyki przemocy r\u00f3wie\u015bniczej.<\/p>\n\n\n\n<figure class=\"wp-block-gallery has-nested-images columns-default is-cropped wp-block-gallery-1 is-layout-flex wp-block-gallery-is-layout-flex\">\n<figure class=\"wp-block-image size-large\"><a href=\"https:\/\/bpprzasnysz.pl\/wp-content\/uploads\/sites\/56\/2025\/10\/sem1.jpg\"><img loading=\"lazy\" decoding=\"async\" width=\"1024\" height=\"459\" data-id=\"37606\" src=\"https:\/\/bpprzasnysz.pl\/wp-content\/uploads\/sites\/56\/2025\/10\/sem1-1024x459.jpg\" alt=\"\" class=\"wp-image-37606\" srcset=\"https:\/\/bpprzasnysz.pl\/wp-content\/uploads\/sites\/56\/2025\/10\/sem1-1024x459.jpg 1024w, https:\/\/bpprzasnysz.pl\/wp-content\/uploads\/sites\/56\/2025\/10\/sem1-300x134.jpg 300w, https:\/\/bpprzasnysz.pl\/wp-content\/uploads\/sites\/56\/2025\/10\/sem1-768x344.jpg 768w, https:\/\/bpprzasnysz.pl\/wp-content\/uploads\/sites\/56\/2025\/10\/sem1-1536x688.jpg 1536w, https:\/\/bpprzasnysz.pl\/wp-content\/uploads\/sites\/56\/2025\/10\/sem1-24x11.jpg 24w, https:\/\/bpprzasnysz.pl\/wp-content\/uploads\/sites\/56\/2025\/10\/sem1-36x16.jpg 36w, https:\/\/bpprzasnysz.pl\/wp-content\/uploads\/sites\/56\/2025\/10\/sem1-48x21.jpg 48w, https:\/\/bpprzasnysz.pl\/wp-content\/uploads\/sites\/56\/2025\/10\/sem1.jpg 2048w\" sizes=\"auto, (max-width: 1024px) 100vw, 1024px\" \/><\/a><\/figure>\n\n\n\n<figure class=\"wp-block-image size-large\"><a href=\"https:\/\/bpprzasnysz.pl\/wp-content\/uploads\/sites\/56\/2025\/10\/sem2.jpg\"><img loading=\"lazy\" decoding=\"async\" width=\"640\" height=\"427\" data-id=\"37618\" src=\"https:\/\/bpprzasnysz.pl\/wp-content\/uploads\/sites\/56\/2025\/10\/sem2.jpg\" alt=\"\" class=\"wp-image-37618\" srcset=\"https:\/\/bpprzasnysz.pl\/wp-content\/uploads\/sites\/56\/2025\/10\/sem2.jpg 640w, https:\/\/bpprzasnysz.pl\/wp-content\/uploads\/sites\/56\/2025\/10\/sem2-300x200.jpg 300w, https:\/\/bpprzasnysz.pl\/wp-content\/uploads\/sites\/56\/2025\/10\/sem2-24x16.jpg 24w, https:\/\/bpprzasnysz.pl\/wp-content\/uploads\/sites\/56\/2025\/10\/sem2-36x24.jpg 36w, https:\/\/bpprzasnysz.pl\/wp-content\/uploads\/sites\/56\/2025\/10\/sem2-48x32.jpg 48w\" sizes=\"auto, (max-width: 640px) 100vw, 640px\" \/><\/a><\/figure>\n\n\n\n<figure class=\"wp-block-image size-large\"><a href=\"https:\/\/bpprzasnysz.pl\/wp-content\/uploads\/sites\/56\/2025\/10\/sem3.jpg\"><img loading=\"lazy\" decoding=\"async\" width=\"640\" height=\"427\" data-id=\"37630\" src=\"https:\/\/bpprzasnysz.pl\/wp-content\/uploads\/sites\/56\/2025\/10\/sem3.jpg\" alt=\"\" class=\"wp-image-37630\" srcset=\"https:\/\/bpprzasnysz.pl\/wp-content\/uploads\/sites\/56\/2025\/10\/sem3.jpg 640w, https:\/\/bpprzasnysz.pl\/wp-content\/uploads\/sites\/56\/2025\/10\/sem3-300x200.jpg 300w, https:\/\/bpprzasnysz.pl\/wp-content\/uploads\/sites\/56\/2025\/10\/sem3-24x16.jpg 24w, https:\/\/bpprzasnysz.pl\/wp-content\/uploads\/sites\/56\/2025\/10\/sem3-36x24.jpg 36w, https:\/\/bpprzasnysz.pl\/wp-content\/uploads\/sites\/56\/2025\/10\/sem3-48x32.jpg 48w\" sizes=\"auto, (max-width: 640px) 100vw, 640px\" \/><\/a><\/figure>\n<\/figure>\n\n\n\n<p><\/p>\n","protected":false},"excerpt":{"rendered":"<p>2 pa\u017adziernika 2025 r. w Bibliotece Pedagogicznej w Przasnyszu odby\u0142o si\u0119 seminarium pt.&nbsp;\u201eZdrowie psychiczne dzieci i m\u0142odzie\u017cy, wsparcie w kryzysach [&hellip;]<\/p>\n","protected":false},"author":1285,"featured_media":37630,"comment_status":"closed","ping_status":"closed","sticky":false,"template":"","format":"standard","meta":{"_acf_changed":false,"_oasis_is_in_workflow":0,"_oasis_original":0,"inline_featured_image":false,"site-sidebar-layout":"default","site-content-layout":"","ast-site-content-layout":"default","site-content-style":"default","site-sidebar-style":"default","ast-global-header-display":"","ast-banner-title-visibility":"","ast-main-header-display":"","ast-hfb-above-header-display":"","ast-hfb-below-header-display":"","ast-hfb-mobile-header-display":"","site-post-title":"","ast-breadcrumbs-content":"","ast-featured-img":"","footer-sml-layout":"","ast-disable-related-posts":"","theme-transparent-header-meta":"","adv-header-id-meta":"","stick-header-meta":"","header-above-stick-meta":"","header-main-stick-meta":"","header-below-stick-meta":"","astra-migrate-meta-layouts":"set","ast-page-background-enabled":"default","ast-page-background-meta":{"desktop":{"background-color":"","background-image":"","background-repeat":"repeat","background-position":"center center","background-size":"auto","background-attachment":"scroll","background-type":"","background-media":"","overlay-type":"","overlay-color":"","overlay-opacity":"","overlay-gradient":""},"tablet":{"background-color":"","background-image":"","background-repeat":"repeat","background-position":"center center","background-size":"auto","background-attachment":"scroll","background-type":"","background-media":"","overlay-type":"","overlay-color":"","overlay-opacity":"","overlay-gradient":""},"mobile":{"background-color":"","background-image":"","background-repeat":"repeat","background-position":"center center","background-size":"auto","background-attachment":"scroll","background-type":"","background-media":"","overlay-type":"","overlay-color":"","overlay-opacity":"","overlay-gradient":""}},"ast-content-background-meta":{"desktop":{"background-color":"var(--ast-global-color-5)","background-image":"","background-repeat":"repeat","background-position":"center center","background-size":"auto","background-attachment":"scroll","background-type":"","background-media":"","overlay-type":"","overlay-color":"","overlay-opacity":"","overlay-gradient":""},"tablet":{"background-color":"var(--ast-global-color-5)","background-image":"","background-repeat":"repeat","background-position":"center center","background-size":"auto","background-attachment":"scroll","background-type":"","background-media":"","overlay-type":"","overlay-color":"","overlay-opacity":"","overlay-gradient":""},"mobile":{"background-color":"var(--ast-global-color-5)","background-image":"","background-repeat":"repeat","background-position":"center center","background-size":"auto","background-attachment":"scroll","background-type":"","background-media":"","overlay-type":"","overlay-color":"","overlay-opacity":"","overlay-gradient":""}},"_themeisle_gutenberg_block_has_review":false,"footnotes":""},"categories":[169,136],"tags":[],"class_list":["post-37603","post","type-post","status-publish","format-standard","has-post-thumbnail","hentry","category-169","category-aktualnosci"],"acf":[],"featured_image_urls_v2":{"full":["https:\/\/bpprzasnysz.pl\/wp-content\/uploads\/sites\/56\/2025\/10\/sem3.jpg",640,427,false],"thumbnail":["https:\/\/bpprzasnysz.pl\/wp-content\/uploads\/sites\/56\/2025\/10\/sem3-150x150.jpg",150,150,true],"medium":["https:\/\/bpprzasnysz.pl\/wp-content\/uploads\/sites\/56\/2025\/10\/sem3-300x200.jpg",300,200,true],"medium_large":["https:\/\/bpprzasnysz.pl\/wp-content\/uploads\/sites\/56\/2025\/10\/sem3.jpg",640,427,false],"large":["https:\/\/bpprzasnysz.pl\/wp-content\/uploads\/sites\/56\/2025\/10\/sem3.jpg",640,427,false],"1536x1536":["https:\/\/bpprzasnysz.pl\/wp-content\/uploads\/sites\/56\/2025\/10\/sem3.jpg",640,427,false],"2048x2048":["https:\/\/bpprzasnysz.pl\/wp-content\/uploads\/sites\/56\/2025\/10\/sem3.jpg",640,427,false],"menu-24x24":["https:\/\/bpprzasnysz.pl\/wp-content\/uploads\/sites\/56\/2025\/10\/sem3-24x16.jpg",24,16,true],"menu-36x36":["https:\/\/bpprzasnysz.pl\/wp-content\/uploads\/sites\/56\/2025\/10\/sem3-36x24.jpg",36,24,true],"menu-48x48":["https:\/\/bpprzasnysz.pl\/wp-content\/uploads\/sites\/56\/2025\/10\/sem3-48x32.jpg",48,32,true]},"post_excerpt_stackable_v2":"<p>2 pa\u017adziernika 2025 r. w Bibliotece Pedagogicznej w Przasnyszu odby\u0142o si\u0119 seminarium pt.&nbsp;\u201eZdrowie psychiczne dzieci i m\u0142odzie\u017cy, wsparcie w kryzysach psychicznych oraz profilaktyka przemocy r\u00f3wie\u015bniczej\u201d. Spotkanie poprowadzi\u0142a&nbsp;Aneta&nbsp;Pazyra&nbsp;\u2013 psychoterapeutka z wieloletnim do\u015bwiadczeniem w pracy z dzie\u0107mi, m\u0142odzie\u017c\u0105 oraz rodzinami.Tematyka seminarium koncentrowa\u0142a si\u0119 wok\u00f3\u0142 zagadnie\u0144 zwi\u0105zanych z ochron\u0105 zdrowia psychicznego m\u0142odych ludzi, rozpoznawaniem sytuacji kryzysowych, a tak\u017ce sposobami udzielania adekwatnego wsparcia. Wa\u017cnym obszarem poruszonym podczas szkolenia by\u0142a r\u00f3wnie\u017c profilaktyka przemocy r\u00f3wie\u015bniczej, zar\u00f3wno w&nbsp;\u015brodowisku szkolnym, jak i rodzinnym.Podj\u0119te tre\u015bci wpisuj\u0105 si\u0119 w aktualne kierunki polityki o\u015bwiatowej pa\u0144stwa na rok szkolny 2025\/2026, k\u0142ad\u0105ce szczeg\u00f3lny nacisk na dobrostan psychiczny uczni\u00f3w oraz dzia\u0142ania prewencyjne wobec agresji&hellip;<\/p>\n","category_list_v2":"<a href=\"https:\/\/bpprzasnysz.pl\/uk\/category\/2025\/\" rel=\"category tag\">2025<\/a>, <a href=\"https:\/\/bpprzasnysz.pl\/category\/aktualnosci\/\" rel=\"category tag\">Aktualno\u015bci<\/a>","author_info_v2":{"name":"Luiza Dawidziuk","url":"https:\/\/bpprzasnysz.pl\/uk\/author\/luizad\/"},"comments_num_v2":"0 \u043a\u043e\u043c\u0435\u043d\u0442\u0430\u0440\u0456\u0432","_links":{"self":[{"href":"https:\/\/bpprzasnysz.pl\/uk\/wp-json\/wp\/v2\/posts\/37603","targetHints":{"allow":["GET"]}}],"collection":[{"href":"https:\/\/bpprzasnysz.pl\/uk\/wp-json\/wp\/v2\/posts"}],"about":[{"href":"https:\/\/bpprzasnysz.pl\/uk\/wp-json\/wp\/v2\/types\/post"}],"author":[{"embeddable":true,"href":"https:\/\/bpprzasnysz.pl\/uk\/wp-json\/wp\/v2\/users\/1285"}],"replies":[{"embeddable":true,"href":"https:\/\/bpprzasnysz.pl\/uk\/wp-json\/wp\/v2\/comments?post=37603"}],"version-history":[{"count":2,"href":"https:\/\/bpprzasnysz.pl\/uk\/wp-json\/wp\/v2\/posts\/37603\/revisions"}],"predecessor-version":[{"id":37645,"href":"https:\/\/bpprzasnysz.pl\/uk\/wp-json\/wp\/v2\/posts\/37603\/revisions\/37645"}],"wp:featuredmedia":[{"embeddable":true,"href":"https:\/\/bpprzasnysz.pl\/uk\/wp-json\/wp\/v2\/media\/37630"}],"wp:attachment":[{"href":"https:\/\/bpprzasnysz.pl\/uk\/wp-json\/wp\/v2\/media?parent=37603"}],"wp:term":[{"taxonomy":"category","embeddable":true,"href":"https:\/\/bpprzasnysz.pl\/uk\/wp-json\/wp\/v2\/categories?post=37603"},{"taxonomy":"post_tag","embeddable":true,"href":"https:\/\/bpprzasnysz.pl\/uk\/wp-json\/wp\/v2\/tags?post=37603"}],"curies":[{"name":"wp","href":"https:\/\/api.w.org\/{rel}","templated":true}]}}