{"id":3803,"date":"2022-02-02T13:17:35","date_gmt":"2022-02-02T12:17:35","guid":{"rendered":"http:\/\/www.bpprzasnysz.pl\/?p=3803"},"modified":"2022-09-01T08:32:57","modified_gmt":"2022-09-01T06:32:57","slug":"akcja-wypozycz-w-bibliotece-obejrzyj-w-domu","status":"publish","type":"post","link":"https:\/\/bpprzasnysz.pl\/uk\/akcja-wypozycz-w-bibliotece-obejrzyj-w-domu\/","title":{"rendered":"Akcja &#8220;Wypo\u017cycz w bibliotece &#8211; obejrzyj w domu&#8221;"},"content":{"rendered":"\n<p>Biblioteka Pedagogiczna w Przasnyszu zach\u0119ca do skorzystania z akcji zorganizowanej w zwi\u0105zku z trwaj\u0105cymi feriami zimowymi: \u201eWypo\u017cycz w Bibliotece \u2013 obejrzyj w domu\u201d. Ka\u017cdego dnia ferii b\u0119dziemy promowa\u0107 film, kt\u00f3ry b\u0119dzie mo\u017cna wypozyczy\u0107 z biblioteki. Warto skorzysta\u0107 z bezp\u0142atnej oferty filmowej. Zapraszamy.<\/p>\n\n\n\n<figure class=\"wp-block-gallery has-nested-images columns-2 is-cropped wp-block-gallery-1 is-layout-flex wp-block-gallery-is-layout-flex\">\n<figure class=\"wp-block-image size-large\"><img loading=\"lazy\" decoding=\"async\" width=\"1024\" height=\"839\" data-id=\"24098\" src=\"https:\/\/bpprzasnysz.pl\/wp-content\/uploads\/sites\/56\/2022\/02\/ferie-16-1024x839-2.jpg\" alt=\"\" class=\"wp-image-24098\" srcset=\"https:\/\/bpprzasnysz.pl\/wp-content\/uploads\/sites\/56\/2022\/02\/ferie-16-1024x839-2.jpg 1024w, https:\/\/bpprzasnysz.pl\/wp-content\/uploads\/sites\/56\/2022\/02\/ferie-16-1024x839-2-300x246.jpg 300w, https:\/\/bpprzasnysz.pl\/wp-content\/uploads\/sites\/56\/2022\/02\/ferie-16-1024x839-2-768x629.jpg 768w, https:\/\/bpprzasnysz.pl\/wp-content\/uploads\/sites\/56\/2022\/02\/ferie-16-1024x839-2-24x20.jpg 24w, https:\/\/bpprzasnysz.pl\/wp-content\/uploads\/sites\/56\/2022\/02\/ferie-16-1024x839-2-36x29.jpg 36w, https:\/\/bpprzasnysz.pl\/wp-content\/uploads\/sites\/56\/2022\/02\/ferie-16-1024x839-2-48x39.jpg 48w\" sizes=\"auto, (max-width: 1024px) 100vw, 1024px\" \/><\/figure>\n\n\n\n<figure class=\"wp-block-image size-large\"><img loading=\"lazy\" decoding=\"async\" width=\"1024\" height=\"956\" data-id=\"24101\" src=\"https:\/\/bpprzasnysz.pl\/wp-content\/uploads\/sites\/56\/2022\/02\/ferie-7-1024x956-2.jpg\" alt=\"\" class=\"wp-image-24101\" srcset=\"https:\/\/bpprzasnysz.pl\/wp-content\/uploads\/sites\/56\/2022\/02\/ferie-7-1024x956-2.jpg 1024w, https:\/\/bpprzasnysz.pl\/wp-content\/uploads\/sites\/56\/2022\/02\/ferie-7-1024x956-2-300x280.jpg 300w, https:\/\/bpprzasnysz.pl\/wp-content\/uploads\/sites\/56\/2022\/02\/ferie-7-1024x956-2-768x717.jpg 768w, https:\/\/bpprzasnysz.pl\/wp-content\/uploads\/sites\/56\/2022\/02\/ferie-7-1024x956-2-24x22.jpg 24w, https:\/\/bpprzasnysz.pl\/wp-content\/uploads\/sites\/56\/2022\/02\/ferie-7-1024x956-2-36x34.jpg 36w, https:\/\/bpprzasnysz.pl\/wp-content\/uploads\/sites\/56\/2022\/02\/ferie-7-1024x956-2-48x45.jpg 48w\" sizes=\"auto, (max-width: 1024px) 100vw, 1024px\" \/><\/figure>\n\n\n\n<figure class=\"wp-block-image size-large\"><img loading=\"lazy\" decoding=\"async\" width=\"1024\" height=\"860\" data-id=\"24104\" src=\"https:\/\/bpprzasnysz.pl\/wp-content\/uploads\/sites\/56\/2022\/02\/ferie-5-1024x860-2.jpg\" alt=\"\" class=\"wp-image-24104\" srcset=\"https:\/\/bpprzasnysz.pl\/wp-content\/uploads\/sites\/56\/2022\/02\/ferie-5-1024x860-2.jpg 1024w, https:\/\/bpprzasnysz.pl\/wp-content\/uploads\/sites\/56\/2022\/02\/ferie-5-1024x860-2-300x252.jpg 300w, https:\/\/bpprzasnysz.pl\/wp-content\/uploads\/sites\/56\/2022\/02\/ferie-5-1024x860-2-768x645.jpg 768w, https:\/\/bpprzasnysz.pl\/wp-content\/uploads\/sites\/56\/2022\/02\/ferie-5-1024x860-2-24x20.jpg 24w, https:\/\/bpprzasnysz.pl\/wp-content\/uploads\/sites\/56\/2022\/02\/ferie-5-1024x860-2-36x30.jpg 36w, https:\/\/bpprzasnysz.pl\/wp-content\/uploads\/sites\/56\/2022\/02\/ferie-5-1024x860-2-48x40.jpg 48w\" sizes=\"auto, (max-width: 1024px) 100vw, 1024px\" \/><\/figure>\n\n\n\n<figure class=\"wp-block-image size-large\"><img loading=\"lazy\" decoding=\"async\" width=\"1024\" height=\"866\" data-id=\"24107\" src=\"https:\/\/bpprzasnysz.pl\/wp-content\/uploads\/sites\/56\/2022\/02\/ferie-3-1024x866-2.jpg\" alt=\"\" class=\"wp-image-24107\" srcset=\"https:\/\/bpprzasnysz.pl\/wp-content\/uploads\/sites\/56\/2022\/02\/ferie-3-1024x866-2.jpg 1024w, https:\/\/bpprzasnysz.pl\/wp-content\/uploads\/sites\/56\/2022\/02\/ferie-3-1024x866-2-300x254.jpg 300w, https:\/\/bpprzasnysz.pl\/wp-content\/uploads\/sites\/56\/2022\/02\/ferie-3-1024x866-2-768x650.jpg 768w, https:\/\/bpprzasnysz.pl\/wp-content\/uploads\/sites\/56\/2022\/02\/ferie-3-1024x866-2-24x20.jpg 24w, https:\/\/bpprzasnysz.pl\/wp-content\/uploads\/sites\/56\/2022\/02\/ferie-3-1024x866-2-36x30.jpg 36w, https:\/\/bpprzasnysz.pl\/wp-content\/uploads\/sites\/56\/2022\/02\/ferie-3-1024x866-2-48x41.jpg 48w\" sizes=\"auto, (max-width: 1024px) 100vw, 1024px\" \/><\/figure>\n<\/figure>\n","protected":false},"excerpt":{"rendered":"<p>Biblioteka Pedagogiczna w Przasnyszu zach\u0119ca do skorzystania z akcji zorganizowanej w zwi\u0105zku z trwaj\u0105cymi feriami zimowymi: \u201eWypo\u017cycz w Bibliotece \u2013 [&hellip;]<\/p>\n","protected":false},"author":1303,"featured_media":3804,"comment_status":"closed","ping_status":"closed","sticky":false,"template":"","format":"standard","meta":{"_acf_changed":false,"_oasis_is_in_workflow":0,"_oasis_original":0,"inline_featured_image":false,"site-sidebar-layout":"default","site-content-layout":"","ast-site-content-layout":"default","site-content-style":"default","site-sidebar-style":"default","ast-global-header-display":"","ast-banner-title-visibility":"","ast-main-header-display":"","ast-hfb-above-header-display":"","ast-hfb-below-header-display":"","ast-hfb-mobile-header-display":"","site-post-title":"","ast-breadcrumbs-content":"","ast-featured-img":"","footer-sml-layout":"","ast-disable-related-posts":"","theme-transparent-header-meta":"","adv-header-id-meta":"","stick-header-meta":"","header-above-stick-meta":"","header-main-stick-meta":"","header-below-stick-meta":"","astra-migrate-meta-layouts":"default","ast-page-background-enabled":"default","ast-page-background-meta":{"desktop":{"background-color":"","background-image":"","background-repeat":"repeat","background-position":"center center","background-size":"auto","background-attachment":"scroll","background-type":"","background-media":"","overlay-type":"","overlay-color":"","overlay-opacity":"","overlay-gradient":""},"tablet":{"background-color":"","background-image":"","background-repeat":"repeat","background-position":"center center","background-size":"auto","background-attachment":"scroll","background-type":"","background-media":"","overlay-type":"","overlay-color":"","overlay-opacity":"","overlay-gradient":""},"mobile":{"background-color":"","background-image":"","background-repeat":"repeat","background-position":"center center","background-size":"auto","background-attachment":"scroll","background-type":"","background-media":"","overlay-type":"","overlay-color":"","overlay-opacity":"","overlay-gradient":""}},"ast-content-background-meta":{"desktop":{"background-color":"var(--ast-global-color-5)","background-image":"","background-repeat":"repeat","background-position":"center center","background-size":"auto","background-attachment":"scroll","background-type":"","background-media":"","overlay-type":"","overlay-color":"","overlay-opacity":"","overlay-gradient":""},"tablet":{"background-color":"var(--ast-global-color-5)","background-image":"","background-repeat":"repeat","background-position":"center center","background-size":"auto","background-attachment":"scroll","background-type":"","background-media":"","overlay-type":"","overlay-color":"","overlay-opacity":"","overlay-gradient":""},"mobile":{"background-color":"var(--ast-global-color-5)","background-image":"","background-repeat":"repeat","background-position":"center center","background-size":"auto","background-attachment":"scroll","background-type":"","background-media":"","overlay-type":"","overlay-color":"","overlay-opacity":"","overlay-gradient":""}},"_themeisle_gutenberg_block_has_review":false,"footnotes":""},"categories":[99],"tags":[],"class_list":["post-3803","post","type-post","status-publish","format-standard","has-post-thumbnail","hentry","category-99"],"acf":[],"featured_image_urls_v2":{"full":["https:\/\/bpprzasnysz.pl\/wp-content\/uploads\/sites\/56\/2022\/02\/wypozycz-scaled.jpg",2560,2560,false],"thumbnail":["https:\/\/bpprzasnysz.pl\/wp-content\/uploads\/sites\/56\/2022\/02\/wypozycz-150x150.jpg",150,150,true],"medium":["https:\/\/bpprzasnysz.pl\/wp-content\/uploads\/sites\/56\/2022\/02\/wypozycz-300x300.jpg",300,300,true],"medium_large":["https:\/\/bpprzasnysz.pl\/wp-content\/uploads\/sites\/56\/2022\/02\/wypozycz-768x768.jpg",768,768,true],"large":["https:\/\/bpprzasnysz.pl\/wp-content\/uploads\/sites\/56\/2022\/02\/wypozycz-1024x1024.jpg",1024,1024,true],"1536x1536":["https:\/\/bpprzasnysz.pl\/wp-content\/uploads\/sites\/56\/2022\/02\/wypozycz-1536x1536.jpg",1536,1536,true],"2048x2048":["https:\/\/bpprzasnysz.pl\/wp-content\/uploads\/sites\/56\/2022\/02\/wypozycz-2048x2048.jpg",2048,2048,true],"menu-24x24":["https:\/\/bpprzasnysz.pl\/wp-content\/uploads\/sites\/56\/2022\/02\/wypozycz-24x24.jpg",24,24,true],"menu-36x36":["https:\/\/bpprzasnysz.pl\/wp-content\/uploads\/sites\/56\/2022\/02\/wypozycz-36x36.jpg",36,36,true],"menu-48x48":["https:\/\/bpprzasnysz.pl\/wp-content\/uploads\/sites\/56\/2022\/02\/wypozycz-48x48.jpg",48,48,true]},"post_excerpt_stackable_v2":"<p>Biblioteka Pedagogiczna w Przasnyszu zach\u0119ca do skorzystania z akcji zorganizowanej w zwi\u0105zku z trwaj\u0105cymi feriami zimowymi: \u201eWypo\u017cycz w Bibliotece \u2013 obejrzyj w domu\u201d. Ka\u017cdego dnia ferii b\u0119dziemy promowa\u0107 film, kt\u00f3ry b\u0119dzie mo\u017cna wypozyczy\u0107 z biblioteki. Warto skorzysta\u0107 z bezp\u0142atnej oferty filmowej. Zapraszamy.<\/p>\n","category_list_v2":"<a href=\"https:\/\/bpprzasnysz.pl\/en\/category\/2022\/\" rel=\"category tag\">2022<\/a>","author_info_v2":{"name":"Aneta Dobrzy\u0144ska","url":"https:\/\/bpprzasnysz.pl\/uk\/author\/anetad\/"},"comments_num_v2":"0 \u043a\u043e\u043c\u0435\u043d\u0442\u0430\u0440\u0456\u0432","_links":{"self":[{"href":"https:\/\/bpprzasnysz.pl\/uk\/wp-json\/wp\/v2\/posts\/3803","targetHints":{"allow":["GET"]}}],"collection":[{"href":"https:\/\/bpprzasnysz.pl\/uk\/wp-json\/wp\/v2\/posts"}],"about":[{"href":"https:\/\/bpprzasnysz.pl\/uk\/wp-json\/wp\/v2\/types\/post"}],"author":[{"embeddable":true,"href":"https:\/\/bpprzasnysz.pl\/uk\/wp-json\/wp\/v2\/users\/1303"}],"replies":[{"embeddable":true,"href":"https:\/\/bpprzasnysz.pl\/uk\/wp-json\/wp\/v2\/comments?post=3803"}],"version-history":[{"count":0,"href":"https:\/\/bpprzasnysz.pl\/uk\/wp-json\/wp\/v2\/posts\/3803\/revisions"}],"wp:featuredmedia":[{"embeddable":true,"href":"https:\/\/bpprzasnysz.pl\/uk\/wp-json\/wp\/v2\/media\/3804"}],"wp:attachment":[{"href":"https:\/\/bpprzasnysz.pl\/uk\/wp-json\/wp\/v2\/media?parent=3803"}],"wp:term":[{"taxonomy":"category","embeddable":true,"href":"https:\/\/bpprzasnysz.pl\/uk\/wp-json\/wp\/v2\/categories?post=3803"},{"taxonomy":"post_tag","embeddable":true,"href":"https:\/\/bpprzasnysz.pl\/uk\/wp-json\/wp\/v2\/tags?post=3803"}],"curies":[{"name":"wp","href":"https:\/\/api.w.org\/{rel}","templated":true}]}}