{"id":3874,"date":"2022-03-28T11:40:19","date_gmt":"2022-03-28T09:40:19","guid":{"rendered":"http:\/\/www.bpprzasnysz.pl\/?p=3874"},"modified":"2022-09-01T08:53:56","modified_gmt":"2022-09-01T06:53:56","slug":"3874","status":"publish","type":"post","link":"https:\/\/bpprzasnysz.pl\/uk\/3874\/","title":{"rendered":"Wiosenne warsztaty w Bibliotece Pedagogicznej"},"content":{"rendered":"\n<p>Od 16 do 25 marca Biblioteka Pedagogiczna w Przasnyszu przeprowadzi\u0142a wiosenne warsztaty edukacyjne dla dzieci z przedszkoli i szk\u00f3\u0142 podstawowych z Przasnysza. \u0141\u0105cznie w zaj\u0119ciach edukacyjnych wzi\u0119\u0142o 160 uczni\u00f3w i przedszkolak\u00f3w z Kubusiowego Przedszkola, Specjalnego O\u015brodka Szkolno-Wychowawczego oraz Szko\u0142y Podstawowej nr 2 i Szko\u0142y Podstawowej nr 3 W Przasnyszu. Zaj\u0119cia mia\u0142y na celu zapoznanie dzieci z symbolami wiosny, tradycjami \u015awi\u0105t Wielkanocnych oraz z podstawowymi zagadnieniami zwi\u0105zanymi z ekologi\u0105. Ka\u017cde spotkanie ko\u0144czy\u0142o si\u0119 samodzielnym wykonaniem pracy plastycznej z wykorzystaniem plasteliny, bibu\u0142y oraz farby.<\/p>\n\n\n\n<figure class=\"wp-block-gallery has-nested-images columns-default is-cropped wp-block-gallery-1 is-layout-flex wp-block-gallery-is-layout-flex\">\n<figure class=\"wp-block-image size-large\"><img loading=\"lazy\" decoding=\"async\" width=\"1024\" height=\"683\" data-id=\"24189\" src=\"https:\/\/bpprzasnysz.pl\/wp-content\/uploads\/sites\/56\/2022\/03\/wiosna5-1024x683-1.jpg\" alt=\"\" class=\"wp-image-24189\" srcset=\"https:\/\/bpprzasnysz.pl\/wp-content\/uploads\/sites\/56\/2022\/03\/wiosna5-1024x683-1.jpg 1024w, https:\/\/bpprzasnysz.pl\/wp-content\/uploads\/sites\/56\/2022\/03\/wiosna5-1024x683-1-300x200.jpg 300w, https:\/\/bpprzasnysz.pl\/wp-content\/uploads\/sites\/56\/2022\/03\/wiosna5-1024x683-1-768x512.jpg 768w, https:\/\/bpprzasnysz.pl\/wp-content\/uploads\/sites\/56\/2022\/03\/wiosna5-1024x683-1-24x16.jpg 24w, https:\/\/bpprzasnysz.pl\/wp-content\/uploads\/sites\/56\/2022\/03\/wiosna5-1024x683-1-36x24.jpg 36w, https:\/\/bpprzasnysz.pl\/wp-content\/uploads\/sites\/56\/2022\/03\/wiosna5-1024x683-1-48x32.jpg 48w\" sizes=\"auto, (max-width: 1024px) 100vw, 1024px\" \/><\/figure>\n\n\n\n<figure class=\"wp-block-image size-large\"><img loading=\"lazy\" decoding=\"async\" width=\"1024\" height=\"461\" data-id=\"24192\" src=\"https:\/\/bpprzasnysz.pl\/wp-content\/uploads\/sites\/56\/2022\/03\/wiosna3-1024x461-1.jpg\" alt=\"\" class=\"wp-image-24192\" srcset=\"https:\/\/bpprzasnysz.pl\/wp-content\/uploads\/sites\/56\/2022\/03\/wiosna3-1024x461-1.jpg 1024w, https:\/\/bpprzasnysz.pl\/wp-content\/uploads\/sites\/56\/2022\/03\/wiosna3-1024x461-1-300x135.jpg 300w, https:\/\/bpprzasnysz.pl\/wp-content\/uploads\/sites\/56\/2022\/03\/wiosna3-1024x461-1-768x346.jpg 768w, https:\/\/bpprzasnysz.pl\/wp-content\/uploads\/sites\/56\/2022\/03\/wiosna3-1024x461-1-24x11.jpg 24w, https:\/\/bpprzasnysz.pl\/wp-content\/uploads\/sites\/56\/2022\/03\/wiosna3-1024x461-1-36x16.jpg 36w, https:\/\/bpprzasnysz.pl\/wp-content\/uploads\/sites\/56\/2022\/03\/wiosna3-1024x461-1-48x22.jpg 48w\" sizes=\"auto, (max-width: 1024px) 100vw, 1024px\" \/><\/figure>\n\n\n\n<figure class=\"wp-block-image size-large\"><img loading=\"lazy\" decoding=\"async\" width=\"1024\" height=\"1001\" data-id=\"24195\" src=\"https:\/\/bpprzasnysz.pl\/wp-content\/uploads\/sites\/56\/2022\/03\/wiosna1-1024x1001-1.jpg\" alt=\"\" class=\"wp-image-24195\" srcset=\"https:\/\/bpprzasnysz.pl\/wp-content\/uploads\/sites\/56\/2022\/03\/wiosna1-1024x1001-1.jpg 1024w, https:\/\/bpprzasnysz.pl\/wp-content\/uploads\/sites\/56\/2022\/03\/wiosna1-1024x1001-1-300x293.jpg 300w, https:\/\/bpprzasnysz.pl\/wp-content\/uploads\/sites\/56\/2022\/03\/wiosna1-1024x1001-1-768x751.jpg 768w, https:\/\/bpprzasnysz.pl\/wp-content\/uploads\/sites\/56\/2022\/03\/wiosna1-1024x1001-1-24x24.jpg 24w, https:\/\/bpprzasnysz.pl\/wp-content\/uploads\/sites\/56\/2022\/03\/wiosna1-1024x1001-1-36x36.jpg 36w, https:\/\/bpprzasnysz.pl\/wp-content\/uploads\/sites\/56\/2022\/03\/wiosna1-1024x1001-1-48x48.jpg 48w\" sizes=\"auto, (max-width: 1024px) 100vw, 1024px\" \/><\/figure>\n\n\n\n<figure class=\"wp-block-image size-large\"><img loading=\"lazy\" decoding=\"async\" width=\"724\" height=\"1024\" data-id=\"24198\" src=\"https:\/\/bpprzasnysz.pl\/wp-content\/uploads\/sites\/56\/2022\/03\/wiosna-7-724x1024-1.png\" alt=\"\" class=\"wp-image-24198\" srcset=\"https:\/\/bpprzasnysz.pl\/wp-content\/uploads\/sites\/56\/2022\/03\/wiosna-7-724x1024-1.png 724w, https:\/\/bpprzasnysz.pl\/wp-content\/uploads\/sites\/56\/2022\/03\/wiosna-7-724x1024-1-212x300.png 212w, https:\/\/bpprzasnysz.pl\/wp-content\/uploads\/sites\/56\/2022\/03\/wiosna-7-724x1024-1-17x24.png 17w, https:\/\/bpprzasnysz.pl\/wp-content\/uploads\/sites\/56\/2022\/03\/wiosna-7-724x1024-1-25x36.png 25w, https:\/\/bpprzasnysz.pl\/wp-content\/uploads\/sites\/56\/2022\/03\/wiosna-7-724x1024-1-34x48.png 34w\" sizes=\"auto, (max-width: 724px) 100vw, 724px\" \/><\/figure>\n\n\n\n<figure class=\"wp-block-image size-large\"><img loading=\"lazy\" decoding=\"async\" width=\"1024\" height=\"1024\" data-id=\"24201\" src=\"https:\/\/bpprzasnysz.pl\/wp-content\/uploads\/sites\/56\/2022\/03\/wiosna-4-1024x1024-1.jpg\" alt=\"\" class=\"wp-image-24201\" srcset=\"https:\/\/bpprzasnysz.pl\/wp-content\/uploads\/sites\/56\/2022\/03\/wiosna-4-1024x1024-1.jpg 1024w, https:\/\/bpprzasnysz.pl\/wp-content\/uploads\/sites\/56\/2022\/03\/wiosna-4-1024x1024-1-300x300.jpg 300w, https:\/\/bpprzasnysz.pl\/wp-content\/uploads\/sites\/56\/2022\/03\/wiosna-4-1024x1024-1-150x150.jpg 150w, https:\/\/bpprzasnysz.pl\/wp-content\/uploads\/sites\/56\/2022\/03\/wiosna-4-1024x1024-1-768x768.jpg 768w, https:\/\/bpprzasnysz.pl\/wp-content\/uploads\/sites\/56\/2022\/03\/wiosna-4-1024x1024-1-75x75.jpg 75w, https:\/\/bpprzasnysz.pl\/wp-content\/uploads\/sites\/56\/2022\/03\/wiosna-4-1024x1024-1-24x24.jpg 24w, https:\/\/bpprzasnysz.pl\/wp-content\/uploads\/sites\/56\/2022\/03\/wiosna-4-1024x1024-1-36x36.jpg 36w, https:\/\/bpprzasnysz.pl\/wp-content\/uploads\/sites\/56\/2022\/03\/wiosna-4-1024x1024-1-48x48.jpg 48w\" sizes=\"auto, (max-width: 1024px) 100vw, 1024px\" \/><\/figure>\n\n\n\n<figure class=\"wp-block-image size-large\"><img loading=\"lazy\" decoding=\"async\" width=\"1024\" height=\"461\" data-id=\"24205\" src=\"https:\/\/bpprzasnysz.pl\/wp-content\/uploads\/sites\/56\/2022\/03\/wiosna-2-1024x461-1.jpg\" alt=\"\" class=\"wp-image-24205\" srcset=\"https:\/\/bpprzasnysz.pl\/wp-content\/uploads\/sites\/56\/2022\/03\/wiosna-2-1024x461-1.jpg 1024w, https:\/\/bpprzasnysz.pl\/wp-content\/uploads\/sites\/56\/2022\/03\/wiosna-2-1024x461-1-300x135.jpg 300w, https:\/\/bpprzasnysz.pl\/wp-content\/uploads\/sites\/56\/2022\/03\/wiosna-2-1024x461-1-768x346.jpg 768w, https:\/\/bpprzasnysz.pl\/wp-content\/uploads\/sites\/56\/2022\/03\/wiosna-2-1024x461-1-24x11.jpg 24w, https:\/\/bpprzasnysz.pl\/wp-content\/uploads\/sites\/56\/2022\/03\/wiosna-2-1024x461-1-36x16.jpg 36w, https:\/\/bpprzasnysz.pl\/wp-content\/uploads\/sites\/56\/2022\/03\/wiosna-2-1024x461-1-48x22.jpg 48w\" sizes=\"auto, (max-width: 1024px) 100vw, 1024px\" \/><\/figure>\n<\/figure>\n","protected":false},"excerpt":{"rendered":"<p>Od 16 do 25 marca Biblioteka Pedagogiczna w Przasnyszu przeprowadzi\u0142a wiosenne warsztaty edukacyjne dla dzieci z przedszkoli i szk\u00f3\u0142 podstawowych [&hellip;]<\/p>\n","protected":false},"author":1303,"featured_media":3876,"comment_status":"closed","ping_status":"closed","sticky":false,"template":"","format":"standard","meta":{"_acf_changed":false,"_oasis_is_in_workflow":0,"_oasis_original":0,"inline_featured_image":false,"site-sidebar-layout":"default","site-content-layout":"","ast-site-content-layout":"default","site-content-style":"default","site-sidebar-style":"default","ast-global-header-display":"","ast-banner-title-visibility":"","ast-main-header-display":"","ast-hfb-above-header-display":"","ast-hfb-below-header-display":"","ast-hfb-mobile-header-display":"","site-post-title":"","ast-breadcrumbs-content":"","ast-featured-img":"","footer-sml-layout":"","ast-disable-related-posts":"","theme-transparent-header-meta":"","adv-header-id-meta":"","stick-header-meta":"","header-above-stick-meta":"","header-main-stick-meta":"","header-below-stick-meta":"","astra-migrate-meta-layouts":"default","ast-page-background-enabled":"default","ast-page-background-meta":{"desktop":{"background-color":"","background-image":"","background-repeat":"repeat","background-position":"center center","background-size":"auto","background-attachment":"scroll","background-type":"","background-media":"","overlay-type":"","overlay-color":"","overlay-opacity":"","overlay-gradient":""},"tablet":{"background-color":"","background-image":"","background-repeat":"repeat","background-position":"center center","background-size":"auto","background-attachment":"scroll","background-type":"","background-media":"","overlay-type":"","overlay-color":"","overlay-opacity":"","overlay-gradient":""},"mobile":{"background-color":"","background-image":"","background-repeat":"repeat","background-position":"center center","background-size":"auto","background-attachment":"scroll","background-type":"","background-media":"","overlay-type":"","overlay-color":"","overlay-opacity":"","overlay-gradient":""}},"ast-content-background-meta":{"desktop":{"background-color":"var(--ast-global-color-5)","background-image":"","background-repeat":"repeat","background-position":"center center","background-size":"auto","background-attachment":"scroll","background-type":"","background-media":"","overlay-type":"","overlay-color":"","overlay-opacity":"","overlay-gradient":""},"tablet":{"background-color":"var(--ast-global-color-5)","background-image":"","background-repeat":"repeat","background-position":"center center","background-size":"auto","background-attachment":"scroll","background-type":"","background-media":"","overlay-type":"","overlay-color":"","overlay-opacity":"","overlay-gradient":""},"mobile":{"background-color":"var(--ast-global-color-5)","background-image":"","background-repeat":"repeat","background-position":"center center","background-size":"auto","background-attachment":"scroll","background-type":"","background-media":"","overlay-type":"","overlay-color":"","overlay-opacity":"","overlay-gradient":""}},"_themeisle_gutenberg_block_has_review":false,"footnotes":""},"categories":[99],"tags":[],"class_list":["post-3874","post","type-post","status-publish","format-standard","has-post-thumbnail","hentry","category-99"],"acf":[],"featured_image_urls_v2":{"full":["https:\/\/bpprzasnysz.pl\/wp-content\/uploads\/sites\/56\/2022\/03\/wiosna-4-scaled.jpg",2560,2560,false],"thumbnail":["https:\/\/bpprzasnysz.pl\/wp-content\/uploads\/sites\/56\/2022\/03\/wiosna-4-150x150.jpg",150,150,true],"medium":["https:\/\/bpprzasnysz.pl\/wp-content\/uploads\/sites\/56\/2022\/03\/wiosna-4-300x300.jpg",300,300,true],"medium_large":["https:\/\/bpprzasnysz.pl\/wp-content\/uploads\/sites\/56\/2022\/03\/wiosna-4-768x768.jpg",768,768,true],"large":["https:\/\/bpprzasnysz.pl\/wp-content\/uploads\/sites\/56\/2022\/03\/wiosna-4-1024x1024.jpg",1024,1024,true],"1536x1536":["https:\/\/bpprzasnysz.pl\/wp-content\/uploads\/sites\/56\/2022\/03\/wiosna-4-1536x1536.jpg",1536,1536,true],"2048x2048":["https:\/\/bpprzasnysz.pl\/wp-content\/uploads\/sites\/56\/2022\/03\/wiosna-4-2048x2048.jpg",2048,2048,true],"menu-24x24":["https:\/\/bpprzasnysz.pl\/wp-content\/uploads\/sites\/56\/2022\/03\/wiosna-4-24x24.jpg",24,24,true],"menu-36x36":["https:\/\/bpprzasnysz.pl\/wp-content\/uploads\/sites\/56\/2022\/03\/wiosna-4-36x36.jpg",36,36,true],"menu-48x48":["https:\/\/bpprzasnysz.pl\/wp-content\/uploads\/sites\/56\/2022\/03\/wiosna-4-48x48.jpg",48,48,true]},"post_excerpt_stackable_v2":"<p>Od 16 do 25 marca Biblioteka Pedagogiczna w Przasnyszu przeprowadzi\u0142a wiosenne warsztaty edukacyjne dla dzieci z przedszkoli i szk\u00f3\u0142 podstawowych z Przasnysza. \u0141\u0105cznie w zaj\u0119ciach edukacyjnych wzi\u0119\u0142o 160 uczni\u00f3w i przedszkolak\u00f3w z Kubusiowego Przedszkola, Specjalnego O\u015brodka Szkolno-Wychowawczego oraz Szko\u0142y Podstawowej nr 2 i Szko\u0142y Podstawowej nr 3 W Przasnyszu. Zaj\u0119cia mia\u0142y na celu zapoznanie dzieci z symbolami wiosny, tradycjami \u015awi\u0105t Wielkanocnych oraz z podstawowymi zagadnieniami zwi\u0105zanymi z ekologi\u0105. Ka\u017cde spotkanie ko\u0144czy\u0142o si\u0119 samodzielnym wykonaniem pracy plastycznej z wykorzystaniem plasteliny, bibu\u0142y oraz farby.<\/p>\n","category_list_v2":"<a href=\"https:\/\/bpprzasnysz.pl\/en\/category\/2022\/\" rel=\"category tag\">2022<\/a>","author_info_v2":{"name":"Aneta Dobrzy\u0144ska","url":"https:\/\/bpprzasnysz.pl\/uk\/author\/anetad\/"},"comments_num_v2":"0 \u043a\u043e\u043c\u0435\u043d\u0442\u0430\u0440\u0456\u0432","_links":{"self":[{"href":"https:\/\/bpprzasnysz.pl\/uk\/wp-json\/wp\/v2\/posts\/3874","targetHints":{"allow":["GET"]}}],"collection":[{"href":"https:\/\/bpprzasnysz.pl\/uk\/wp-json\/wp\/v2\/posts"}],"about":[{"href":"https:\/\/bpprzasnysz.pl\/uk\/wp-json\/wp\/v2\/types\/post"}],"author":[{"embeddable":true,"href":"https:\/\/bpprzasnysz.pl\/uk\/wp-json\/wp\/v2\/users\/1303"}],"replies":[{"embeddable":true,"href":"https:\/\/bpprzasnysz.pl\/uk\/wp-json\/wp\/v2\/comments?post=3874"}],"version-history":[{"count":0,"href":"https:\/\/bpprzasnysz.pl\/uk\/wp-json\/wp\/v2\/posts\/3874\/revisions"}],"wp:featuredmedia":[{"embeddable":true,"href":"https:\/\/bpprzasnysz.pl\/uk\/wp-json\/wp\/v2\/media\/3876"}],"wp:attachment":[{"href":"https:\/\/bpprzasnysz.pl\/uk\/wp-json\/wp\/v2\/media?parent=3874"}],"wp:term":[{"taxonomy":"category","embeddable":true,"href":"https:\/\/bpprzasnysz.pl\/uk\/wp-json\/wp\/v2\/categories?post=3874"},{"taxonomy":"post_tag","embeddable":true,"href":"https:\/\/bpprzasnysz.pl\/uk\/wp-json\/wp\/v2\/tags?post=3874"}],"curies":[{"name":"wp","href":"https:\/\/api.w.org\/{rel}","templated":true}]}}