{"id":3913,"date":"2022-04-11T13:50:11","date_gmt":"2022-04-11T11:50:11","guid":{"rendered":"http:\/\/www.bpprzasnysz.pl\/?p=3913"},"modified":"2022-09-01T09:01:04","modified_gmt":"2022-09-01T07:01:04","slug":"galeria-sztuki-swietlicowej-3","status":"publish","type":"post","link":"https:\/\/bpprzasnysz.pl\/uk\/galeria-sztuki-swietlicowej-3\/","title":{"rendered":"&#8220;Galeria sztuki \u015bwietlicowej&#8221;"},"content":{"rendered":"\n<p>Zapraszamy na kolejn\u0105 wystaw\u0119\u00a0<strong>\u201eCztery pory roku w \u015bwietlicy szkolnej\u201d<\/strong>, kt\u00f3r\u0105 b\u0119dzie mo\u017cna podziwia\u0107 w naszej wypo\u017cyczalni ju\u017c od dzisiaj do ko\u0144ca kwietnia.\u00a0Wystawa prezentuje prace plastyczne uczni\u00f3w\u00a0<strong>Szko\u0142y Podstawowej nr 3 im. Tadeusza Ko\u015bciuszki w Przasnyszu<\/strong>, wykonane pod kierunkiem nauczycieli: El\u017cbiety G\u0142odkowskiej, Agnieszki Rajskiej-Ko\u0142akowskiej i Katarzyny Wa\u015bniewskiej. Dzi\u0119kujemy Dyrekcji szko\u0142y za udost\u0119pnienie zbior\u00f3w. To trzecia wystawa z cyklu \u201eGaleria sztuki \u015bwietlicowej\u201d. Przychod\u017acie i podziwiajcie. Zapraszamy.<\/p>\n\n\n\n<figure class=\"wp-block-gallery has-nested-images columns-2 is-cropped wp-block-gallery-1 is-layout-flex wp-block-gallery-is-layout-flex\">\n<figure class=\"wp-block-image size-large\"><img loading=\"lazy\" decoding=\"async\" width=\"320\" height=\"213\" data-id=\"24252\" src=\"https:\/\/bpprzasnysz.pl\/wp-content\/uploads\/sites\/56\/2022\/04\/gss-5-1.jpg\" alt=\"\" class=\"wp-image-24252\" srcset=\"https:\/\/bpprzasnysz.pl\/wp-content\/uploads\/sites\/56\/2022\/04\/gss-5-1.jpg 320w, https:\/\/bpprzasnysz.pl\/wp-content\/uploads\/sites\/56\/2022\/04\/gss-5-1-300x200.jpg 300w, https:\/\/bpprzasnysz.pl\/wp-content\/uploads\/sites\/56\/2022\/04\/gss-5-1-24x16.jpg 24w, https:\/\/bpprzasnysz.pl\/wp-content\/uploads\/sites\/56\/2022\/04\/gss-5-1-36x24.jpg 36w, https:\/\/bpprzasnysz.pl\/wp-content\/uploads\/sites\/56\/2022\/04\/gss-5-1-48x32.jpg 48w\" sizes=\"auto, (max-width: 320px) 100vw, 320px\" \/><\/figure>\n\n\n\n<figure class=\"wp-block-image size-large\"><img loading=\"lazy\" decoding=\"async\" width=\"320\" height=\"224\" data-id=\"24255\" src=\"https:\/\/bpprzasnysz.pl\/wp-content\/uploads\/sites\/56\/2022\/04\/gss-4-1.jpg\" alt=\"\" class=\"wp-image-24255\" srcset=\"https:\/\/bpprzasnysz.pl\/wp-content\/uploads\/sites\/56\/2022\/04\/gss-4-1.jpg 320w, https:\/\/bpprzasnysz.pl\/wp-content\/uploads\/sites\/56\/2022\/04\/gss-4-1-300x210.jpg 300w, https:\/\/bpprzasnysz.pl\/wp-content\/uploads\/sites\/56\/2022\/04\/gss-4-1-24x17.jpg 24w, https:\/\/bpprzasnysz.pl\/wp-content\/uploads\/sites\/56\/2022\/04\/gss-4-1-36x25.jpg 36w, https:\/\/bpprzasnysz.pl\/wp-content\/uploads\/sites\/56\/2022\/04\/gss-4-1-48x34.jpg 48w\" sizes=\"auto, (max-width: 320px) 100vw, 320px\" \/><\/figure>\n\n\n\n<figure class=\"wp-block-image size-large\"><img loading=\"lazy\" decoding=\"async\" width=\"320\" height=\"238\" data-id=\"24258\" src=\"https:\/\/bpprzasnysz.pl\/wp-content\/uploads\/sites\/56\/2022\/04\/gss-3-1.jpg\" alt=\"\" class=\"wp-image-24258\" srcset=\"https:\/\/bpprzasnysz.pl\/wp-content\/uploads\/sites\/56\/2022\/04\/gss-3-1.jpg 320w, https:\/\/bpprzasnysz.pl\/wp-content\/uploads\/sites\/56\/2022\/04\/gss-3-1-300x223.jpg 300w, https:\/\/bpprzasnysz.pl\/wp-content\/uploads\/sites\/56\/2022\/04\/gss-3-1-24x18.jpg 24w, https:\/\/bpprzasnysz.pl\/wp-content\/uploads\/sites\/56\/2022\/04\/gss-3-1-36x27.jpg 36w, https:\/\/bpprzasnysz.pl\/wp-content\/uploads\/sites\/56\/2022\/04\/gss-3-1-48x36.jpg 48w\" sizes=\"auto, (max-width: 320px) 100vw, 320px\" \/><\/figure>\n\n\n\n<figure class=\"wp-block-image size-large\"><img loading=\"lazy\" decoding=\"async\" width=\"320\" height=\"213\" data-id=\"24261\" src=\"https:\/\/bpprzasnysz.pl\/wp-content\/uploads\/sites\/56\/2022\/04\/gss-2-1.jpg\" alt=\"\" class=\"wp-image-24261\" srcset=\"https:\/\/bpprzasnysz.pl\/wp-content\/uploads\/sites\/56\/2022\/04\/gss-2-1.jpg 320w, https:\/\/bpprzasnysz.pl\/wp-content\/uploads\/sites\/56\/2022\/04\/gss-2-1-300x200.jpg 300w, https:\/\/bpprzasnysz.pl\/wp-content\/uploads\/sites\/56\/2022\/04\/gss-2-1-24x16.jpg 24w, https:\/\/bpprzasnysz.pl\/wp-content\/uploads\/sites\/56\/2022\/04\/gss-2-1-36x24.jpg 36w, https:\/\/bpprzasnysz.pl\/wp-content\/uploads\/sites\/56\/2022\/04\/gss-2-1-48x32.jpg 48w\" sizes=\"auto, (max-width: 320px) 100vw, 320px\" \/><\/figure>\n\n\n\n<figure class=\"wp-block-image size-large\"><img loading=\"lazy\" decoding=\"async\" width=\"320\" height=\"213\" data-id=\"24264\" src=\"https:\/\/bpprzasnysz.pl\/wp-content\/uploads\/sites\/56\/2022\/04\/gss-1-1.jpg\" alt=\"\" class=\"wp-image-24264\" srcset=\"https:\/\/bpprzasnysz.pl\/wp-content\/uploads\/sites\/56\/2022\/04\/gss-1-1.jpg 320w, https:\/\/bpprzasnysz.pl\/wp-content\/uploads\/sites\/56\/2022\/04\/gss-1-1-300x200.jpg 300w, https:\/\/bpprzasnysz.pl\/wp-content\/uploads\/sites\/56\/2022\/04\/gss-1-1-24x16.jpg 24w, https:\/\/bpprzasnysz.pl\/wp-content\/uploads\/sites\/56\/2022\/04\/gss-1-1-36x24.jpg 36w, https:\/\/bpprzasnysz.pl\/wp-content\/uploads\/sites\/56\/2022\/04\/gss-1-1-48x32.jpg 48w\" sizes=\"auto, (max-width: 320px) 100vw, 320px\" \/><\/figure>\n<\/figure>\n","protected":false},"excerpt":{"rendered":"<p>Zapraszamy na kolejn\u0105 wystaw\u0119\u00a0\u201eCztery pory roku w \u015bwietlicy szkolnej\u201d, kt\u00f3r\u0105 b\u0119dzie mo\u017cna podziwia\u0107 w naszej wypo\u017cyczalni ju\u017c od dzisiaj do [&hellip;]<\/p>\n","protected":false},"author":1303,"featured_media":3914,"comment_status":"closed","ping_status":"closed","sticky":false,"template":"","format":"standard","meta":{"_acf_changed":false,"_oasis_is_in_workflow":0,"_oasis_original":0,"inline_featured_image":false,"site-sidebar-layout":"default","site-content-layout":"","ast-site-content-layout":"default","site-content-style":"default","site-sidebar-style":"default","ast-global-header-display":"","ast-banner-title-visibility":"","ast-main-header-display":"","ast-hfb-above-header-display":"","ast-hfb-below-header-display":"","ast-hfb-mobile-header-display":"","site-post-title":"","ast-breadcrumbs-content":"","ast-featured-img":"","footer-sml-layout":"","ast-disable-related-posts":"","theme-transparent-header-meta":"","adv-header-id-meta":"","stick-header-meta":"","header-above-stick-meta":"","header-main-stick-meta":"","header-below-stick-meta":"","astra-migrate-meta-layouts":"default","ast-page-background-enabled":"default","ast-page-background-meta":{"desktop":{"background-color":"","background-image":"","background-repeat":"repeat","background-position":"center center","background-size":"auto","background-attachment":"scroll","background-type":"","background-media":"","overlay-type":"","overlay-color":"","overlay-opacity":"","overlay-gradient":""},"tablet":{"background-color":"","background-image":"","background-repeat":"repeat","background-position":"center center","background-size":"auto","background-attachment":"scroll","background-type":"","background-media":"","overlay-type":"","overlay-color":"","overlay-opacity":"","overlay-gradient":""},"mobile":{"background-color":"","background-image":"","background-repeat":"repeat","background-position":"center center","background-size":"auto","background-attachment":"scroll","background-type":"","background-media":"","overlay-type":"","overlay-color":"","overlay-opacity":"","overlay-gradient":""}},"ast-content-background-meta":{"desktop":{"background-color":"var(--ast-global-color-5)","background-image":"","background-repeat":"repeat","background-position":"center center","background-size":"auto","background-attachment":"scroll","background-type":"","background-media":"","overlay-type":"","overlay-color":"","overlay-opacity":"","overlay-gradient":""},"tablet":{"background-color":"var(--ast-global-color-5)","background-image":"","background-repeat":"repeat","background-position":"center center","background-size":"auto","background-attachment":"scroll","background-type":"","background-media":"","overlay-type":"","overlay-color":"","overlay-opacity":"","overlay-gradient":""},"mobile":{"background-color":"var(--ast-global-color-5)","background-image":"","background-repeat":"repeat","background-position":"center center","background-size":"auto","background-attachment":"scroll","background-type":"","background-media":"","overlay-type":"","overlay-color":"","overlay-opacity":"","overlay-gradient":""}},"_themeisle_gutenberg_block_has_review":false,"footnotes":""},"categories":[99],"tags":[],"class_list":["post-3913","post","type-post","status-publish","format-standard","has-post-thumbnail","hentry","category-99"],"acf":[],"featured_image_urls_v2":{"full":["https:\/\/bpprzasnysz.pl\/wp-content\/uploads\/sites\/56\/2022\/04\/gss-1.jpg",320,213,false],"thumbnail":["https:\/\/bpprzasnysz.pl\/wp-content\/uploads\/sites\/56\/2022\/04\/gss-1-150x150.jpg",150,150,true],"medium":["https:\/\/bpprzasnysz.pl\/wp-content\/uploads\/sites\/56\/2022\/04\/gss-1-300x200.jpg",300,200,true],"medium_large":["https:\/\/bpprzasnysz.pl\/wp-content\/uploads\/sites\/56\/2022\/04\/gss-1.jpg",320,213,false],"large":["https:\/\/bpprzasnysz.pl\/wp-content\/uploads\/sites\/56\/2022\/04\/gss-1.jpg",320,213,false],"1536x1536":["https:\/\/bpprzasnysz.pl\/wp-content\/uploads\/sites\/56\/2022\/04\/gss-1.jpg",320,213,false],"2048x2048":["https:\/\/bpprzasnysz.pl\/wp-content\/uploads\/sites\/56\/2022\/04\/gss-1.jpg",320,213,false],"menu-24x24":["https:\/\/bpprzasnysz.pl\/wp-content\/uploads\/sites\/56\/2022\/04\/gss-1-24x16.jpg",24,16,true],"menu-36x36":["https:\/\/bpprzasnysz.pl\/wp-content\/uploads\/sites\/56\/2022\/04\/gss-1-36x24.jpg",36,24,true],"menu-48x48":["https:\/\/bpprzasnysz.pl\/wp-content\/uploads\/sites\/56\/2022\/04\/gss-1-48x32.jpg",48,32,true]},"post_excerpt_stackable_v2":"<p>Zapraszamy na kolejn\u0105 wystaw\u0119\u00a0\u201eCztery pory roku w \u015bwietlicy szkolnej\u201d, kt\u00f3r\u0105 b\u0119dzie mo\u017cna podziwia\u0107 w naszej wypo\u017cyczalni ju\u017c od dzisiaj do ko\u0144ca kwietnia.\u00a0Wystawa prezentuje prace plastyczne uczni\u00f3w\u00a0Szko\u0142y Podstawowej nr 3 im. Tadeusza Ko\u015bciuszki w Przasnyszu, wykonane pod kierunkiem nauczycieli: El\u017cbiety G\u0142odkowskiej, Agnieszki Rajskiej-Ko\u0142akowskiej i Katarzyny Wa\u015bniewskiej. Dzi\u0119kujemy Dyrekcji szko\u0142y za udost\u0119pnienie zbior\u00f3w. To trzecia wystawa z cyklu \u201eGaleria sztuki \u015bwietlicowej\u201d. Przychod\u017acie i podziwiajcie. Zapraszamy.<\/p>\n","category_list_v2":"<a href=\"https:\/\/bpprzasnysz.pl\/en\/category\/2022\/\" rel=\"category tag\">2022<\/a>","author_info_v2":{"name":"Aneta Dobrzy\u0144ska","url":"https:\/\/bpprzasnysz.pl\/uk\/author\/anetad\/"},"comments_num_v2":"0 \u043a\u043e\u043c\u0435\u043d\u0442\u0430\u0440\u0456\u0432","_links":{"self":[{"href":"https:\/\/bpprzasnysz.pl\/uk\/wp-json\/wp\/v2\/posts\/3913","targetHints":{"allow":["GET"]}}],"collection":[{"href":"https:\/\/bpprzasnysz.pl\/uk\/wp-json\/wp\/v2\/posts"}],"about":[{"href":"https:\/\/bpprzasnysz.pl\/uk\/wp-json\/wp\/v2\/types\/post"}],"author":[{"embeddable":true,"href":"https:\/\/bpprzasnysz.pl\/uk\/wp-json\/wp\/v2\/users\/1303"}],"replies":[{"embeddable":true,"href":"https:\/\/bpprzasnysz.pl\/uk\/wp-json\/wp\/v2\/comments?post=3913"}],"version-history":[{"count":0,"href":"https:\/\/bpprzasnysz.pl\/uk\/wp-json\/wp\/v2\/posts\/3913\/revisions"}],"wp:featuredmedia":[{"embeddable":true,"href":"https:\/\/bpprzasnysz.pl\/uk\/wp-json\/wp\/v2\/media\/3914"}],"wp:attachment":[{"href":"https:\/\/bpprzasnysz.pl\/uk\/wp-json\/wp\/v2\/media?parent=3913"}],"wp:term":[{"taxonomy":"category","embeddable":true,"href":"https:\/\/bpprzasnysz.pl\/uk\/wp-json\/wp\/v2\/categories?post=3913"},{"taxonomy":"post_tag","embeddable":true,"href":"https:\/\/bpprzasnysz.pl\/uk\/wp-json\/wp\/v2\/tags?post=3913"}],"curies":[{"name":"wp","href":"https:\/\/api.w.org\/{rel}","templated":true}]}}